{"id":11593,"date":"2024-05-20T05:07:35","date_gmt":"2024-05-20T05:07:35","guid":{"rendered":"https:\/\/lurdinha.org\/site\/?p=11593"},"modified":"2024-05-23T05:09:56","modified_gmt":"2024-05-23T05:09:56","slug":"uma-semana-de-samba-autoral-caxiense-em-alta-bira-da-vila-e-elvis-marlon","status":"publish","type":"post","link":"https:\/\/lurdinha.org\/site\/uma-semana-de-samba-autoral-caxiense-em-alta-bira-da-vila-e-elvis-marlon\/","title":{"rendered":"Uma semana de samba autoral caxiense em alta \u2013 Bira da Vila e Elvis Marlon"},"content":{"rendered":"<p><img loading=\"lazy\" decoding=\"async\" class=\"alignnone size-full wp-image-11594\" src=\"https:\/\/lurdinha.org\/site\/wp-content\/uploads\/bira-elvis.jpg\" alt=\"Bira da Vila e Elvis Marlon\" width=\"640\" height=\"461\" srcset=\"https:\/\/lurdinha.org\/site\/wp-content\/uploads\/bira-elvis.jpg 640w, https:\/\/lurdinha.org\/site\/wp-content\/uploads\/bira-elvis-300x216.jpg 300w, https:\/\/lurdinha.org\/site\/wp-content\/uploads\/bira-elvis-610x439.jpg 610w\" sizes=\"auto, (max-width: 640px) 100vw, 640px\" \/><\/p>\n<p>&nbsp;<\/p>\n<p>Que o samba autoral caxiense est\u00e1 num momento especial disso n\u00e3o se duvida, basta procurar saber. Tem uns nomes a\u00ed despontando que s\u00e3o uma esp\u00e9cie de prel\u00fadio do momento maneiro que est\u00e1 por vir. E da\u00ed \u00e9 gratificante ver que numa semana como essa a coisa t\u00e1 explanada num n\u00edvel \u00f3timo. E escrevo isso porque temos nos pr\u00f3ximos dias dois shows muito emblem\u00e1ticos, que fazem\/refazem elos entre o agora e a hist\u00f3ria riqu\u00edssima do samba na cidade.<\/p>\n<p>Falo de <strong>Bira da Vila e Elvis Marlon<\/strong>, cantores e compositores que, al\u00e9m de serem talentos no meti\u00ea da composi\u00e7\u00e3o, ainda t\u00eam em seus trabalhos refer\u00eancias de grandes nomes do samba caxiense, como Jorge Macarr\u00e3o, Ica e H\u00e9lio Cabral.<\/p>\n<p>Na quinta-feira, Bira faz o show em que comemora 26 anos de carreira e que ser\u00e1 gravado pra rodar pelas plataformas digitais, desfilando sambas autorais e sambas que fazem parte de suas pesquisas que resultaram no seu lend\u00e1rio disco O Canto da Baixada. E ainda com um coisa sensacional que \u00e9 a participa\u00e7\u00e3o de grandes nomes da nova cena do samba do Rio de Janeiro, como Vini Santa F\u00e9, Renato da Rocinha, Juninho Thybau e Jorge Andr\u00e9. E o show \u00e9 ali na Vila S\u00e3o Lu\u00eds, que junto com o Centen\u00e1rio \u00e9 o epicentro de v\u00e1rias dessas hist\u00f3rias musicais \u00e9picas.<\/p>\n<p>J\u00e1 no s\u00e1bado, o Ponto de Cultura Lira de Ouro recebe a estreia do show Corda Bamba, de Elvis Marlon, cara que j\u00e1 t\u00e1 a\u00ed despontando como um cantor e compositor de respeito no cen\u00e1rio do samba do Rio.<\/p>\n<p><a name=\"docs-internal-guid-8eae750c-7fff-92aa-0be9-01bb81840b1b\"><\/a> Elvis, que tem entre seus parceiros o mestre Moacyr Luz, \u00e9 um dos nomes reconhecidos no atual cen\u00e1rio da composi\u00e7\u00e3o hoje no Rio de Janeiro, onde costuma apresentar sambas autorais em rodas importantes como o Samba do Trabalhador e o\u00a0 projeto Aos Novos Compositores, no Beco do Rato, na Lapa. J\u00e1 teve composi\u00e7\u00f5es gravadas por grandes nomes da m\u00fasica brasileira, como Chico C\u00e9sar, Maria Rita e Roberta S\u00e1.<\/p>\n<p>Ent\u00e3o, \u00e9 isso: compare\u00e7a e confira se o neg\u00f3cio \u00e9 quente ou n\u00e3o \u00e9. Garanto que sim \ud83d\ude42<\/p>\n<h2>SERVI\u00c7O<\/h2>\n<p><strong>BIRA DA VILA 26 ANOS DE CARREIRA<\/strong><br \/>\nDia 23 de maio de 2024, 19h<br \/>\nEndere\u00e7o: Rua Prudente de Moraes 27, Vila S\u00e3o Lu\u00eds<br \/>\nIngresso: https:\/\/www.sympla.com.br\/evento\/bira-da-vila-26-anos\/2451431<br \/>\nhttps:\/\/www.instagram.com\/biradavila<\/p>\n<p><strong>Elvis Marlon apresenta Corda Bamba<\/strong><br \/>\nDia 25 de maio de 2024, 19h<br \/>\nLocal: Ponto de Cultura Lira de Ouro<br \/>\nEndere\u00e7o: rua Jos\u00e9 Ver\u00edssimo, 72, Vila Meriti, centro de Caxias<br \/>\nEntrada franca<br \/>\nhttps:\/\/www.instagram.com\/elvis_samba\/<\/p>\n<p>&nbsp;<\/p>\n","protected":false},"excerpt":{"rendered":"<p>&nbsp; Que o samba autoral caxiense est\u00e1 num momento especial disso n\u00e3o se duvida, basta&#8230;<\/p>\n","protected":false},"author":2,"featured_media":0,"comment_status":"open","ping_status":"closed","sticky":false,"template":"","format":"standard","meta":{"footnotes":""},"categories":[8,14,7,5],"tags":[318,113,838,198],"class_list":["post-11593","post","type-post","status-publish","format-standard","hentry","category-evento","category-gente","category-musica","category-umaboa","tag-baixada-flumimense","tag-bira-da-vila","tag-elvis-marlon","tag-samba-caxiense"],"yoast_head":"<!-- This site is optimized with the Yoast SEO plugin v27.5 - https:\/\/yoast.com\/product\/yoast-seo-wordpress\/ -->\n<title>Uma semana de samba autoral caxiense em alta \u2013 Bira da Vila e Elvis Marlon - Lurdinha - Duque de Caxias para Est\u00f4magos Fortes<\/title>\n<meta name=\"robots\" content=\"index, follow, max-snippet:-1, max-image-preview:large, max-video-preview:-1\" \/>\n<link rel=\"canonical\" href=\"https:\/\/lurdinha.org\/site\/uma-semana-de-samba-autoral-caxiense-em-alta-bira-da-vila-e-elvis-marlon\/\" \/>\n<meta property=\"og:locale\" content=\"pt_BR\" \/>\n<meta property=\"og:type\" content=\"article\" \/>\n<meta property=\"og:title\" content=\"Uma semana de samba autoral caxiense em alta \u2013 Bira da Vila e Elvis Marlon - Lurdinha - Duque de Caxias para Est\u00f4magos Fortes\" \/>\n<meta property=\"og:description\" content=\"&nbsp; Que o samba autoral caxiense est\u00e1 num momento especial disso n\u00e3o se duvida, basta...\" \/>\n<meta property=\"og:url\" content=\"https:\/\/lurdinha.org\/site\/uma-semana-de-samba-autoral-caxiense-em-alta-bira-da-vila-e-elvis-marlon\/\" \/>\n<meta property=\"og:site_name\" content=\"Lurdinha - Duque de Caxias para Est\u00f4magos Fortes\" \/>\n<meta property=\"article:publisher\" content=\"https:\/\/www.facebook.com\/LurdinhadeCaxias\" \/>\n<meta property=\"article:author\" content=\"botocudo\" \/>\n<meta property=\"article:published_time\" content=\"2024-05-20T05:07:35+00:00\" \/>\n<meta property=\"article:modified_time\" content=\"2024-05-23T05:09:56+00:00\" \/>\n<meta property=\"og:image\" content=\"https:\/\/lurdinha.org\/site\/wp-content\/uploads\/bira-elvis.jpg\" \/>\n\t<meta property=\"og:image:width\" content=\"640\" \/>\n\t<meta property=\"og:image:height\" content=\"461\" \/>\n\t<meta property=\"og:image:type\" content=\"image\/jpeg\" \/>\n<meta name=\"author\" content=\"heraldo hb\" \/>\n<meta name=\"twitter:card\" content=\"summary_large_image\" \/>\n<meta name=\"twitter:label1\" content=\"Escrito por\" \/>\n\t<meta name=\"twitter:data1\" content=\"heraldo hb\" \/>\n\t<meta name=\"twitter:label2\" content=\"Est. tempo de leitura\" \/>\n\t<meta name=\"twitter:data2\" content=\"2 minutos\" \/>\n<script type=\"application\/ld+json\" class=\"yoast-schema-graph\">{\"@context\":\"https:\\\/\\\/schema.org\",\"@graph\":[{\"@type\":\"Article\",\"@id\":\"https:\\\/\\\/lurdinha.org\\\/site\\\/uma-semana-de-samba-autoral-caxiense-em-alta-bira-da-vila-e-elvis-marlon\\\/#article\",\"isPartOf\":{\"@id\":\"https:\\\/\\\/lurdinha.org\\\/site\\\/uma-semana-de-samba-autoral-caxiense-em-alta-bira-da-vila-e-elvis-marlon\\\/\"},\"author\":{\"name\":\"heraldo hb\",\"@id\":\"https:\\\/\\\/lurdinha.org\\\/site\\\/#\\\/schema\\\/person\\\/b833bb6a7f82598bf0e95e4c30874251\"},\"headline\":\"Uma semana de samba autoral caxiense em alta \u2013 Bira da Vila e Elvis Marlon\",\"datePublished\":\"2024-05-20T05:07:35+00:00\",\"dateModified\":\"2024-05-23T05:09:56+00:00\",\"mainEntityOfPage\":{\"@id\":\"https:\\\/\\\/lurdinha.org\\\/site\\\/uma-semana-de-samba-autoral-caxiense-em-alta-bira-da-vila-e-elvis-marlon\\\/\"},\"wordCount\":455,\"commentCount\":0,\"publisher\":{\"@id\":\"https:\\\/\\\/lurdinha.org\\\/site\\\/#organization\"},\"image\":{\"@id\":\"https:\\\/\\\/lurdinha.org\\\/site\\\/uma-semana-de-samba-autoral-caxiense-em-alta-bira-da-vila-e-elvis-marlon\\\/#primaryimage\"},\"thumbnailUrl\":\"https:\\\/\\\/lurdinha.org\\\/site\\\/wp-content\\\/uploads\\\/bira-elvis.jpg\",\"keywords\":[\"Baixada Flumimense\",\"Bira da Vila\",\"elvis marlon\",\"samba caxiense\"],\"articleSection\":[\"evento\",\"gente\",\"m\u00fasica\",\"uma boa\"],\"inLanguage\":\"pt-BR\",\"potentialAction\":[{\"@type\":\"CommentAction\",\"name\":\"Comment\",\"target\":[\"https:\\\/\\\/lurdinha.org\\\/site\\\/uma-semana-de-samba-autoral-caxiense-em-alta-bira-da-vila-e-elvis-marlon\\\/#respond\"]}]},{\"@type\":\"WebPage\",\"@id\":\"https:\\\/\\\/lurdinha.org\\\/site\\\/uma-semana-de-samba-autoral-caxiense-em-alta-bira-da-vila-e-elvis-marlon\\\/\",\"url\":\"https:\\\/\\\/lurdinha.org\\\/site\\\/uma-semana-de-samba-autoral-caxiense-em-alta-bira-da-vila-e-elvis-marlon\\\/\",\"name\":\"Uma semana de samba autoral caxiense em alta \u2013 Bira da Vila e Elvis Marlon - Lurdinha - Duque de Caxias para Est\u00f4magos Fortes\",\"isPartOf\":{\"@id\":\"https:\\\/\\\/lurdinha.org\\\/site\\\/#website\"},\"primaryImageOfPage\":{\"@id\":\"https:\\\/\\\/lurdinha.org\\\/site\\\/uma-semana-de-samba-autoral-caxiense-em-alta-bira-da-vila-e-elvis-marlon\\\/#primaryimage\"},\"image\":{\"@id\":\"https:\\\/\\\/lurdinha.org\\\/site\\\/uma-semana-de-samba-autoral-caxiense-em-alta-bira-da-vila-e-elvis-marlon\\\/#primaryimage\"},\"thumbnailUrl\":\"https:\\\/\\\/lurdinha.org\\\/site\\\/wp-content\\\/uploads\\\/bira-elvis.jpg\",\"datePublished\":\"2024-05-20T05:07:35+00:00\",\"dateModified\":\"2024-05-23T05:09:56+00:00\",\"breadcrumb\":{\"@id\":\"https:\\\/\\\/lurdinha.org\\\/site\\\/uma-semana-de-samba-autoral-caxiense-em-alta-bira-da-vila-e-elvis-marlon\\\/#breadcrumb\"},\"inLanguage\":\"pt-BR\",\"potentialAction\":[{\"@type\":\"ReadAction\",\"target\":[\"https:\\\/\\\/lurdinha.org\\\/site\\\/uma-semana-de-samba-autoral-caxiense-em-alta-bira-da-vila-e-elvis-marlon\\\/\"]}]},{\"@type\":\"ImageObject\",\"inLanguage\":\"pt-BR\",\"@id\":\"https:\\\/\\\/lurdinha.org\\\/site\\\/uma-semana-de-samba-autoral-caxiense-em-alta-bira-da-vila-e-elvis-marlon\\\/#primaryimage\",\"url\":\"https:\\\/\\\/lurdinha.org\\\/site\\\/wp-content\\\/uploads\\\/bira-elvis.jpg\",\"contentUrl\":\"https:\\\/\\\/lurdinha.org\\\/site\\\/wp-content\\\/uploads\\\/bira-elvis.jpg\",\"width\":640,\"height\":461,\"caption\":\"Bira da Vila e Elvis Marlon\"},{\"@type\":\"BreadcrumbList\",\"@id\":\"https:\\\/\\\/lurdinha.org\\\/site\\\/uma-semana-de-samba-autoral-caxiense-em-alta-bira-da-vila-e-elvis-marlon\\\/#breadcrumb\",\"itemListElement\":[{\"@type\":\"ListItem\",\"position\":1,\"name\":\"In\u00edcio\",\"item\":\"https:\\\/\\\/lurdinha.org\\\/site\\\/\"},{\"@type\":\"ListItem\",\"position\":2,\"name\":\"Uma semana de samba autoral caxiense em alta \u2013 Bira da Vila e Elvis Marlon\"}]},{\"@type\":\"WebSite\",\"@id\":\"https:\\\/\\\/lurdinha.org\\\/site\\\/#website\",\"url\":\"https:\\\/\\\/lurdinha.org\\\/site\\\/\",\"name\":\"Lurdinha - Duque de Caxias para Est\u00f4magos Fortes\",\"description\":\"Site sobre Arte, Cultura, Pol\u00edtica, Sociedade e curiosidades da cidade de Duque de Caxias, RJ\",\"publisher\":{\"@id\":\"https:\\\/\\\/lurdinha.org\\\/site\\\/#organization\"},\"alternateName\":\"Lurdinha\",\"potentialAction\":[{\"@type\":\"SearchAction\",\"target\":{\"@type\":\"EntryPoint\",\"urlTemplate\":\"https:\\\/\\\/lurdinha.org\\\/site\\\/?s={search_term_string}\"},\"query-input\":{\"@type\":\"PropertyValueSpecification\",\"valueRequired\":true,\"valueName\":\"search_term_string\"}}],\"inLanguage\":\"pt-BR\"},{\"@type\":\"Organization\",\"@id\":\"https:\\\/\\\/lurdinha.org\\\/site\\\/#organization\",\"name\":\"Lurdinha de Caxias\",\"url\":\"https:\\\/\\\/lurdinha.org\\\/site\\\/\",\"logo\":{\"@type\":\"ImageObject\",\"inLanguage\":\"pt-BR\",\"@id\":\"https:\\\/\\\/lurdinha.org\\\/site\\\/#\\\/schema\\\/logo\\\/image\\\/\",\"url\":\"https:\\\/\\\/lurdinha.org\\\/site\\\/wp-content\\\/uploads\\\/logo-lurdinha.jpg\",\"contentUrl\":\"https:\\\/\\\/lurdinha.org\\\/site\\\/wp-content\\\/uploads\\\/logo-lurdinha.jpg\",\"width\":640,\"height\":60,\"caption\":\"Lurdinha de Caxias\"},\"image\":{\"@id\":\"https:\\\/\\\/lurdinha.org\\\/site\\\/#\\\/schema\\\/logo\\\/image\\\/\"},\"sameAs\":[\"https:\\\/\\\/www.facebook.com\\\/LurdinhadeCaxias\",\"https:\\\/\\\/www.instagram.com\\\/lurdinhadecaxias\"]},{\"@type\":\"Person\",\"@id\":\"https:\\\/\\\/lurdinha.org\\\/site\\\/#\\\/schema\\\/person\\\/b833bb6a7f82598bf0e95e4c30874251\",\"name\":\"heraldo hb\",\"image\":{\"@type\":\"ImageObject\",\"inLanguage\":\"pt-BR\",\"@id\":\"https:\\\/\\\/secure.gravatar.com\\\/avatar\\\/5de9fe99c72cb6885bbdaa24b1c5738b0f673d265de18720fae7463d5f47b48d?s=96&d=mm&r=g\",\"url\":\"https:\\\/\\\/secure.gravatar.com\\\/avatar\\\/5de9fe99c72cb6885bbdaa24b1c5738b0f673d265de18720fae7463d5f47b48d?s=96&d=mm&r=g\",\"contentUrl\":\"https:\\\/\\\/secure.gravatar.com\\\/avatar\\\/5de9fe99c72cb6885bbdaa24b1c5738b0f673d265de18720fae7463d5f47b48d?s=96&d=mm&r=g\",\"caption\":\"heraldo hb\"},\"description\":\"Cineasta, animador cultural, escritor e educador nascido no s\u00e9culo XX\",\"sameAs\":[\"http:\\\/\\\/wwww.relinkare.org\",\"botocudo\",\"heraldohb\",\"relinkare\"],\"url\":\"https:\\\/\\\/lurdinha.org\\\/site\\\/author\\\/heraldohb\\\/\"}]}<\/script>\n<!-- \/ Yoast SEO plugin. -->","yoast_head_json":{"title":"Uma semana de samba autoral caxiense em alta \u2013 Bira da Vila e Elvis Marlon - Lurdinha - Duque de Caxias para Est\u00f4magos Fortes","robots":{"index":"index","follow":"follow","max-snippet":"max-snippet:-1","max-image-preview":"max-image-preview:large","max-video-preview":"max-video-preview:-1"},"canonical":"https:\/\/lurdinha.org\/site\/uma-semana-de-samba-autoral-caxiense-em-alta-bira-da-vila-e-elvis-marlon\/","og_locale":"pt_BR","og_type":"article","og_title":"Uma semana de samba autoral caxiense em alta \u2013 Bira da Vila e Elvis Marlon - Lurdinha - Duque de Caxias para Est\u00f4magos Fortes","og_description":"&nbsp; Que o samba autoral caxiense est\u00e1 num momento especial disso n\u00e3o se duvida, basta...","og_url":"https:\/\/lurdinha.org\/site\/uma-semana-de-samba-autoral-caxiense-em-alta-bira-da-vila-e-elvis-marlon\/","og_site_name":"Lurdinha - Duque de Caxias para Est\u00f4magos Fortes","article_publisher":"https:\/\/www.facebook.com\/LurdinhadeCaxias","article_author":"botocudo","article_published_time":"2024-05-20T05:07:35+00:00","article_modified_time":"2024-05-23T05:09:56+00:00","og_image":[{"width":640,"height":461,"url":"https:\/\/lurdinha.org\/site\/wp-content\/uploads\/bira-elvis.jpg","type":"image\/jpeg"}],"author":"heraldo hb","twitter_card":"summary_large_image","twitter_misc":{"Escrito por":"heraldo hb","Est. tempo de leitura":"2 minutos"},"schema":{"@context":"https:\/\/schema.org","@graph":[{"@type":"Article","@id":"https:\/\/lurdinha.org\/site\/uma-semana-de-samba-autoral-caxiense-em-alta-bira-da-vila-e-elvis-marlon\/#article","isPartOf":{"@id":"https:\/\/lurdinha.org\/site\/uma-semana-de-samba-autoral-caxiense-em-alta-bira-da-vila-e-elvis-marlon\/"},"author":{"name":"heraldo hb","@id":"https:\/\/lurdinha.org\/site\/#\/schema\/person\/b833bb6a7f82598bf0e95e4c30874251"},"headline":"Uma semana de samba autoral caxiense em alta \u2013 Bira da Vila e Elvis Marlon","datePublished":"2024-05-20T05:07:35+00:00","dateModified":"2024-05-23T05:09:56+00:00","mainEntityOfPage":{"@id":"https:\/\/lurdinha.org\/site\/uma-semana-de-samba-autoral-caxiense-em-alta-bira-da-vila-e-elvis-marlon\/"},"wordCount":455,"commentCount":0,"publisher":{"@id":"https:\/\/lurdinha.org\/site\/#organization"},"image":{"@id":"https:\/\/lurdinha.org\/site\/uma-semana-de-samba-autoral-caxiense-em-alta-bira-da-vila-e-elvis-marlon\/#primaryimage"},"thumbnailUrl":"https:\/\/lurdinha.org\/site\/wp-content\/uploads\/bira-elvis.jpg","keywords":["Baixada Flumimense","Bira da Vila","elvis marlon","samba caxiense"],"articleSection":["evento","gente","m\u00fasica","uma boa"],"inLanguage":"pt-BR","potentialAction":[{"@type":"CommentAction","name":"Comment","target":["https:\/\/lurdinha.org\/site\/uma-semana-de-samba-autoral-caxiense-em-alta-bira-da-vila-e-elvis-marlon\/#respond"]}]},{"@type":"WebPage","@id":"https:\/\/lurdinha.org\/site\/uma-semana-de-samba-autoral-caxiense-em-alta-bira-da-vila-e-elvis-marlon\/","url":"https:\/\/lurdinha.org\/site\/uma-semana-de-samba-autoral-caxiense-em-alta-bira-da-vila-e-elvis-marlon\/","name":"Uma semana de samba autoral caxiense em alta \u2013 Bira da Vila e Elvis Marlon - Lurdinha - Duque de Caxias para Est\u00f4magos Fortes","isPartOf":{"@id":"https:\/\/lurdinha.org\/site\/#website"},"primaryImageOfPage":{"@id":"https:\/\/lurdinha.org\/site\/uma-semana-de-samba-autoral-caxiense-em-alta-bira-da-vila-e-elvis-marlon\/#primaryimage"},"image":{"@id":"https:\/\/lurdinha.org\/site\/uma-semana-de-samba-autoral-caxiense-em-alta-bira-da-vila-e-elvis-marlon\/#primaryimage"},"thumbnailUrl":"https:\/\/lurdinha.org\/site\/wp-content\/uploads\/bira-elvis.jpg","datePublished":"2024-05-20T05:07:35+00:00","dateModified":"2024-05-23T05:09:56+00:00","breadcrumb":{"@id":"https:\/\/lurdinha.org\/site\/uma-semana-de-samba-autoral-caxiense-em-alta-bira-da-vila-e-elvis-marlon\/#breadcrumb"},"inLanguage":"pt-BR","potentialAction":[{"@type":"ReadAction","target":["https:\/\/lurdinha.org\/site\/uma-semana-de-samba-autoral-caxiense-em-alta-bira-da-vila-e-elvis-marlon\/"]}]},{"@type":"ImageObject","inLanguage":"pt-BR","@id":"https:\/\/lurdinha.org\/site\/uma-semana-de-samba-autoral-caxiense-em-alta-bira-da-vila-e-elvis-marlon\/#primaryimage","url":"https:\/\/lurdinha.org\/site\/wp-content\/uploads\/bira-elvis.jpg","contentUrl":"https:\/\/lurdinha.org\/site\/wp-content\/uploads\/bira-elvis.jpg","width":640,"height":461,"caption":"Bira da Vila e Elvis Marlon"},{"@type":"BreadcrumbList","@id":"https:\/\/lurdinha.org\/site\/uma-semana-de-samba-autoral-caxiense-em-alta-bira-da-vila-e-elvis-marlon\/#breadcrumb","itemListElement":[{"@type":"ListItem","position":1,"name":"In\u00edcio","item":"https:\/\/lurdinha.org\/site\/"},{"@type":"ListItem","position":2,"name":"Uma semana de samba autoral caxiense em alta \u2013 Bira da Vila e Elvis Marlon"}]},{"@type":"WebSite","@id":"https:\/\/lurdinha.org\/site\/#website","url":"https:\/\/lurdinha.org\/site\/","name":"Lurdinha - Duque de Caxias para Est\u00f4magos Fortes","description":"Site sobre Arte, Cultura, Pol\u00edtica, Sociedade e curiosidades da cidade de Duque de Caxias, RJ","publisher":{"@id":"https:\/\/lurdinha.org\/site\/#organization"},"alternateName":"Lurdinha","potentialAction":[{"@type":"SearchAction","target":{"@type":"EntryPoint","urlTemplate":"https:\/\/lurdinha.org\/site\/?s={search_term_string}"},"query-input":{"@type":"PropertyValueSpecification","valueRequired":true,"valueName":"search_term_string"}}],"inLanguage":"pt-BR"},{"@type":"Organization","@id":"https:\/\/lurdinha.org\/site\/#organization","name":"Lurdinha de Caxias","url":"https:\/\/lurdinha.org\/site\/","logo":{"@type":"ImageObject","inLanguage":"pt-BR","@id":"https:\/\/lurdinha.org\/site\/#\/schema\/logo\/image\/","url":"https:\/\/lurdinha.org\/site\/wp-content\/uploads\/logo-lurdinha.jpg","contentUrl":"https:\/\/lurdinha.org\/site\/wp-content\/uploads\/logo-lurdinha.jpg","width":640,"height":60,"caption":"Lurdinha de Caxias"},"image":{"@id":"https:\/\/lurdinha.org\/site\/#\/schema\/logo\/image\/"},"sameAs":["https:\/\/www.facebook.com\/LurdinhadeCaxias","https:\/\/www.instagram.com\/lurdinhadecaxias"]},{"@type":"Person","@id":"https:\/\/lurdinha.org\/site\/#\/schema\/person\/b833bb6a7f82598bf0e95e4c30874251","name":"heraldo hb","image":{"@type":"ImageObject","inLanguage":"pt-BR","@id":"https:\/\/secure.gravatar.com\/avatar\/5de9fe99c72cb6885bbdaa24b1c5738b0f673d265de18720fae7463d5f47b48d?s=96&d=mm&r=g","url":"https:\/\/secure.gravatar.com\/avatar\/5de9fe99c72cb6885bbdaa24b1c5738b0f673d265de18720fae7463d5f47b48d?s=96&d=mm&r=g","contentUrl":"https:\/\/secure.gravatar.com\/avatar\/5de9fe99c72cb6885bbdaa24b1c5738b0f673d265de18720fae7463d5f47b48d?s=96&d=mm&r=g","caption":"heraldo hb"},"description":"Cineasta, animador cultural, escritor e educador nascido no s\u00e9culo XX","sameAs":["http:\/\/wwww.relinkare.org","botocudo","heraldohb","relinkare"],"url":"https:\/\/lurdinha.org\/site\/author\/heraldohb\/"}]}},"views":1345,"_links":{"self":[{"href":"https:\/\/lurdinha.org\/site\/wp-json\/wp\/v2\/posts\/11593","targetHints":{"allow":["GET"]}}],"collection":[{"href":"https:\/\/lurdinha.org\/site\/wp-json\/wp\/v2\/posts"}],"about":[{"href":"https:\/\/lurdinha.org\/site\/wp-json\/wp\/v2\/types\/post"}],"author":[{"embeddable":true,"href":"https:\/\/lurdinha.org\/site\/wp-json\/wp\/v2\/users\/2"}],"replies":[{"embeddable":true,"href":"https:\/\/lurdinha.org\/site\/wp-json\/wp\/v2\/comments?post=11593"}],"version-history":[{"count":1,"href":"https:\/\/lurdinha.org\/site\/wp-json\/wp\/v2\/posts\/11593\/revisions"}],"predecessor-version":[{"id":11595,"href":"https:\/\/lurdinha.org\/site\/wp-json\/wp\/v2\/posts\/11593\/revisions\/11595"}],"wp:attachment":[{"href":"https:\/\/lurdinha.org\/site\/wp-json\/wp\/v2\/media?parent=11593"}],"wp:term":[{"taxonomy":"category","embeddable":true,"href":"https:\/\/lurdinha.org\/site\/wp-json\/wp\/v2\/categories?post=11593"},{"taxonomy":"post_tag","embeddable":true,"href":"https:\/\/lurdinha.org\/site\/wp-json\/wp\/v2\/tags?post=11593"}],"curies":[{"name":"wp","href":"https:\/\/api.w.org\/{rel}","templated":true}]}}