{"id":11516,"date":"2024-03-21T01:39:40","date_gmt":"2024-03-21T01:39:40","guid":{"rendered":"https:\/\/lurdinha.org\/site\/?p=11516"},"modified":"2024-03-21T01:43:05","modified_gmt":"2024-03-21T01:43:05","slug":"historia-do-gramacho-transporte","status":"publish","type":"post","link":"https:\/\/lurdinha.org\/site\/historia-do-gramacho-transporte\/","title":{"rendered":"Hist\u00f3ria do Gramacho [transporte]"},"content":{"rendered":"<p>Text\u00e3o. Caos. Via\u00e7\u00e3o Albion (primeira e segunda foto) e Junel. Linha 104 Gramacho-Pra\u00e7a Mau\u00e1. Albion: sua garagem era no Corte Oito, perto do atual Assa\u00ed. Na d\u00e9cada de 60, a empresa estava operando com o ponto final na Avenida Darcy Vargas pr\u00f3ximo \u00e0 ent\u00e3o estrada Rio-Petr\u00f3polis &#8211; depois renomeada Presidente Kennedy, depois Governador Leonel de Moura Brizola. O Ponto Final era em frente ao pr\u00e9dio da Drogaria ao lado da loja lot\u00e9rica (Ponto Final virou nome daquela parte do bairro). A popula\u00e7\u00e3o do Gramacho cresceu em progress\u00e3o geom\u00e9trica e a empresa n\u00e3o teve capacidade de atender \u00e0 demanda com seus poucos ve\u00edculos. As filas eram enormes nas manh\u00e3s, havia um sujeito para organizar e era uma confus\u00e3o di\u00e1ria. Os \u00f4nibus, velhos, quentes (n\u00e3o havia ar condicionado), fedendo a \u00f3leo diesel, sa\u00edam superlotados. Para piorar, podia-se fumar, era um inferno! Um dia, d\u00e9cada de 70, cheguei no ponto e havia um cad\u00e1ver coberto com jornal: um passageiro brigou com o controlador da fila e levou um tiro fatal. As passagens tinham tr\u00eas pre\u00e7os, com tiquetes de cores diferentes: at\u00e9 Parada de Lucas, o menor valor; at\u00e9 o Iapetec (atual Hospital Geral de Bonsucesso), tarifa m\u00e9dia; e na Pra\u00e7a Mau\u00e1, no Terminal Mariano Proc\u00f3pio (terceira foto) era o valor maior, cheio, caro. N\u00e3o havia vale transporte, tudo sa\u00eda do sal\u00e1rio. Nem havia a Linha Vermelha, s\u00f3 a Avenida Brasil engarrafada. A volta era no Terminal Mariano Proc\u00f3pio, na Pra\u00e7a Mau\u00e1, com novas confus\u00f5es tamb\u00e9m di\u00e1rias no final da tarde. Esse Terminal depois foi desativado e transformado no belo Museu de Arte do Rio (MAR). A linha Gramacho depois passou para o Terminal Am\u00e9rico Fontenelle, ao lado da Central do Brasil. No in\u00edcio da d\u00e9cada de 70, a Albion vendeu a linha de \u00f4nibus para a empresa Junel (quarta e \u00faltima foto) que tinha o s\u00edmbolo do Galo e fazia uma linha em Santa Cruz da Serra e o atendimento melhorou um pouco, mas depois passou a dar problemas. A empresa chegou a construir uma grande garagem na rua Vereador Thom\u00e9 Siqueira Barreto (antiga rua Pira\u00ed), hoje um grande templo da Igreja Universal. No in\u00edcio da d\u00e9cada de 80 (ou final da de 70, a conferir),a Reginas substituiu a Junel e depois a linha foi esticada do Gramacho para o Jardim Leal. E passou a se chamar Jardim Leal-Central.<br \/>\nNa d\u00e9cada de 90, a Master assumiria prestando, enfim, bons servi\u00e7os, passando depois a linha para a Limousine Carioca, atual prestadora de servi\u00e7os, que manteve o ritmo, embora sem colocar ar condicionado em todos ve\u00edculos da frota (algo que a Transportes Santo Ant\u00f4nio j\u00e1 faz h\u00e1 anos na linha Araruama-Gramacho). A Albion e a Junel sobrevivem em nossas mem\u00f3rias como s\u00edmbolo do descaso do poder governamental com os transportes p\u00fablicos da Baixada Fluminense. Muito melhorou, mas muito precisa melhorar ainda. Se tenho saudades da Albion e da Junel? Nem do terminal da Pra\u00e7a Mau\u00e1. N\u00e3o, n\u00e3o sinto saudades de pesadelos&#8230;rs<\/p>\n<figure id=\"attachment_11518\" aria-describedby=\"caption-attachment-11518\" style=\"width: 712px\" class=\"wp-caption alignnone\"><img loading=\"lazy\" decoding=\"async\" class=\"wp-image-11518 size-full\" src=\"https:\/\/lurdinha.org\/site\/wp-content\/uploads\/viacao-junel.jpg\" alt=\"\" width=\"712\" height=\"474\" srcset=\"https:\/\/lurdinha.org\/site\/wp-content\/uploads\/viacao-junel.jpg 712w, https:\/\/lurdinha.org\/site\/wp-content\/uploads\/viacao-junel-300x200.jpg 300w, https:\/\/lurdinha.org\/site\/wp-content\/uploads\/viacao-junel-610x406.jpg 610w\" sizes=\"auto, (max-width: 712px) 100vw, 712px\" \/><figcaption id=\"caption-attachment-11518\" class=\"wp-caption-text\">\u00d4nibus da empresa Junel, que atendia \u00e0 linha Gramacho-Pra\u00e7a Mau\u00e1 na d\u00e9cada de 70. Avenida Brasil, Rio.<\/figcaption><\/figure>\n<figure id=\"attachment_11520\" aria-describedby=\"caption-attachment-11520\" style=\"width: 720px\" class=\"wp-caption alignnone\"><img loading=\"lazy\" decoding=\"async\" class=\"wp-image-11520 size-full\" src=\"https:\/\/lurdinha.org\/site\/wp-content\/uploads\/transportegramacho.jpg\" alt=\"\" width=\"720\" height=\"494\" srcset=\"https:\/\/lurdinha.org\/site\/wp-content\/uploads\/transportegramacho.jpg 720w, https:\/\/lurdinha.org\/site\/wp-content\/uploads\/transportegramacho-300x206.jpg 300w, https:\/\/lurdinha.org\/site\/wp-content\/uploads\/transportegramacho-610x419.jpg 610w\" sizes=\"auto, (max-width: 720px) 100vw, 720px\" \/><figcaption id=\"caption-attachment-11520\" class=\"wp-caption-text\">\u00d4nibus da Transportes Albion, linha 104 Gramacho-Pra\u00e7a Mau\u00e1. Detalhe da pista de concreto da Avenida Presidente Kennedy, atual Governador Leonel de Moura Brizola.<\/figcaption><\/figure>\n<figure id=\"attachment_11519\" aria-describedby=\"caption-attachment-11519\" style=\"width: 720px\" class=\"wp-caption alignnone\"><img loading=\"lazy\" decoding=\"async\" class=\"wp-image-11519 size-full\" src=\"https:\/\/lurdinha.org\/site\/wp-content\/uploads\/gramacho-vacao-albion.jpg\" alt=\"\" width=\"720\" height=\"814\" srcset=\"https:\/\/lurdinha.org\/site\/wp-content\/uploads\/gramacho-vacao-albion.jpg 720w, https:\/\/lurdinha.org\/site\/wp-content\/uploads\/gramacho-vacao-albion-265x300.jpg 265w, https:\/\/lurdinha.org\/site\/wp-content\/uploads\/gramacho-vacao-albion-610x690.jpg 610w\" sizes=\"auto, (max-width: 720px) 100vw, 720px\" \/><figcaption id=\"caption-attachment-11519\" class=\"wp-caption-text\">\u00d4nibus da Transportes Albion na linha Gramacho-Pra\u00e7a Mau\u00e1, ponte entre Duque de Caxias e Vig\u00e1rio Geral.<\/figcaption><\/figure>\n<figure id=\"attachment_11517\" aria-describedby=\"caption-attachment-11517\" style=\"width: 720px\" class=\"wp-caption alignnone\"><img loading=\"lazy\" decoding=\"async\" class=\"wp-image-11517 size-full\" src=\"https:\/\/lurdinha.org\/site\/wp-content\/uploads\/terminal-mariano-procopio.jpg\" alt=\"\" width=\"720\" height=\"407\" srcset=\"https:\/\/lurdinha.org\/site\/wp-content\/uploads\/terminal-mariano-procopio.jpg 720w, https:\/\/lurdinha.org\/site\/wp-content\/uploads\/terminal-mariano-procopio-300x170.jpg 300w, https:\/\/lurdinha.org\/site\/wp-content\/uploads\/terminal-mariano-procopio-610x345.jpg 610w\" sizes=\"auto, (max-width: 720px) 100vw, 720px\" \/><figcaption id=\"caption-attachment-11517\" class=\"wp-caption-text\">Terminal Mariano Proc\u00f3pio, na Pra\u00e7a Mau\u00e1, atual Museu de Arte do Rio, que atendia linhas de \u00f4nibus do Rio para a Baixada Fluminense.<\/figcaption><\/figure>\n<p><em><strong>Cr\u00e9ditos fotos:<\/strong><\/em><br \/>\nFoto 1, maior, p\u00e1gina Duque de Caxias que passou;<br \/>\nFotos 2, 3 e 4 &#8211; extra\u00eddas da Internet, acervo n\u00e3o identificado<\/p>\n","protected":false},"excerpt":{"rendered":"<p>Text\u00e3o. Caos. Via\u00e7\u00e3o Albion (primeira e segunda foto) e Junel. Linha 104 Gramacho-Pra\u00e7a Mau\u00e1. Albion:&#8230;<\/p>\n","protected":false},"author":89,"featured_media":11519,"comment_status":"open","ping_status":"closed","sticky":false,"template":"","format":"standard","meta":{"footnotes":""},"categories":[9],"tags":[],"class_list":["post-11516","post","type-post","status-publish","format-standard","has-post-thumbnail","hentry","category-historia"],"yoast_head":"<!-- This site is optimized with the Yoast SEO plugin v27.5 - https:\/\/yoast.com\/product\/yoast-seo-wordpress\/ -->\n<title>Hist\u00f3ria do Gramacho [transporte] - Lurdinha - Duque de Caxias para Est\u00f4magos Fortes<\/title>\n<meta name=\"robots\" content=\"index, follow, max-snippet:-1, max-image-preview:large, max-video-preview:-1\" \/>\n<link rel=\"canonical\" href=\"https:\/\/lurdinha.org\/site\/historia-do-gramacho-transporte\/\" \/>\n<meta property=\"og:locale\" content=\"pt_BR\" \/>\n<meta property=\"og:type\" content=\"article\" \/>\n<meta property=\"og:title\" content=\"Hist\u00f3ria do Gramacho [transporte] - Lurdinha - Duque de Caxias para Est\u00f4magos Fortes\" \/>\n<meta property=\"og:description\" content=\"Text\u00e3o. Caos. Via\u00e7\u00e3o Albion (primeira e segunda foto) e Junel. Linha 104 Gramacho-Pra\u00e7a Mau\u00e1. Albion:...\" \/>\n<meta property=\"og:url\" content=\"https:\/\/lurdinha.org\/site\/historia-do-gramacho-transporte\/\" \/>\n<meta property=\"og:site_name\" content=\"Lurdinha - Duque de Caxias para Est\u00f4magos Fortes\" \/>\n<meta property=\"article:publisher\" content=\"https:\/\/www.facebook.com\/LurdinhadeCaxias\" \/>\n<meta property=\"article:author\" content=\"https:\/\/www.facebook.com\/roberto.aires.12\" \/>\n<meta property=\"article:published_time\" content=\"2024-03-21T01:39:40+00:00\" \/>\n<meta property=\"article:modified_time\" content=\"2024-03-21T01:43:05+00:00\" \/>\n<meta property=\"og:image\" content=\"https:\/\/lurdinha.org\/site\/wp-content\/uploads\/gramacho-vacao-albion.jpg\" \/>\n\t<meta property=\"og:image:width\" content=\"720\" \/>\n\t<meta property=\"og:image:height\" content=\"814\" \/>\n\t<meta property=\"og:image:type\" content=\"image\/jpeg\" \/>\n<meta name=\"author\" content=\"Roberto Aires\" \/>\n<meta name=\"twitter:card\" content=\"summary_large_image\" \/>\n<meta name=\"twitter:label1\" content=\"Escrito por\" \/>\n\t<meta name=\"twitter:data1\" content=\"Roberto Aires\" \/>\n\t<meta name=\"twitter:label2\" content=\"Est. tempo de leitura\" \/>\n\t<meta name=\"twitter:data2\" content=\"3 minutos\" \/>\n<script type=\"application\/ld+json\" class=\"yoast-schema-graph\">{\"@context\":\"https:\\\/\\\/schema.org\",\"@graph\":[{\"@type\":\"Article\",\"@id\":\"https:\\\/\\\/lurdinha.org\\\/site\\\/historia-do-gramacho-transporte\\\/#article\",\"isPartOf\":{\"@id\":\"https:\\\/\\\/lurdinha.org\\\/site\\\/historia-do-gramacho-transporte\\\/\"},\"author\":{\"name\":\"Roberto Aires\",\"@id\":\"https:\\\/\\\/lurdinha.org\\\/site\\\/#\\\/schema\\\/person\\\/5ed6e8beb30dbf7b961afb3f4dc991e8\"},\"headline\":\"Hist\u00f3ria do Gramacho [transporte]\",\"datePublished\":\"2024-03-21T01:39:40+00:00\",\"dateModified\":\"2024-03-21T01:43:05+00:00\",\"mainEntityOfPage\":{\"@id\":\"https:\\\/\\\/lurdinha.org\\\/site\\\/historia-do-gramacho-transporte\\\/\"},\"wordCount\":669,\"commentCount\":0,\"publisher\":{\"@id\":\"https:\\\/\\\/lurdinha.org\\\/site\\\/#organization\"},\"image\":{\"@id\":\"https:\\\/\\\/lurdinha.org\\\/site\\\/historia-do-gramacho-transporte\\\/#primaryimage\"},\"thumbnailUrl\":\"https:\\\/\\\/lurdinha.org\\\/site\\\/wp-content\\\/uploads\\\/gramacho-vacao-albion.jpg\",\"articleSection\":[\"hist\u00f3ria\"],\"inLanguage\":\"pt-BR\",\"potentialAction\":[{\"@type\":\"CommentAction\",\"name\":\"Comment\",\"target\":[\"https:\\\/\\\/lurdinha.org\\\/site\\\/historia-do-gramacho-transporte\\\/#respond\"]}]},{\"@type\":\"WebPage\",\"@id\":\"https:\\\/\\\/lurdinha.org\\\/site\\\/historia-do-gramacho-transporte\\\/\",\"url\":\"https:\\\/\\\/lurdinha.org\\\/site\\\/historia-do-gramacho-transporte\\\/\",\"name\":\"Hist\u00f3ria do Gramacho [transporte] - Lurdinha - Duque de Caxias para Est\u00f4magos Fortes\",\"isPartOf\":{\"@id\":\"https:\\\/\\\/lurdinha.org\\\/site\\\/#website\"},\"primaryImageOfPage\":{\"@id\":\"https:\\\/\\\/lurdinha.org\\\/site\\\/historia-do-gramacho-transporte\\\/#primaryimage\"},\"image\":{\"@id\":\"https:\\\/\\\/lurdinha.org\\\/site\\\/historia-do-gramacho-transporte\\\/#primaryimage\"},\"thumbnailUrl\":\"https:\\\/\\\/lurdinha.org\\\/site\\\/wp-content\\\/uploads\\\/gramacho-vacao-albion.jpg\",\"datePublished\":\"2024-03-21T01:39:40+00:00\",\"dateModified\":\"2024-03-21T01:43:05+00:00\",\"breadcrumb\":{\"@id\":\"https:\\\/\\\/lurdinha.org\\\/site\\\/historia-do-gramacho-transporte\\\/#breadcrumb\"},\"inLanguage\":\"pt-BR\",\"potentialAction\":[{\"@type\":\"ReadAction\",\"target\":[\"https:\\\/\\\/lurdinha.org\\\/site\\\/historia-do-gramacho-transporte\\\/\"]}]},{\"@type\":\"ImageObject\",\"inLanguage\":\"pt-BR\",\"@id\":\"https:\\\/\\\/lurdinha.org\\\/site\\\/historia-do-gramacho-transporte\\\/#primaryimage\",\"url\":\"https:\\\/\\\/lurdinha.org\\\/site\\\/wp-content\\\/uploads\\\/gramacho-vacao-albion.jpg\",\"contentUrl\":\"https:\\\/\\\/lurdinha.org\\\/site\\\/wp-content\\\/uploads\\\/gramacho-vacao-albion.jpg\",\"width\":720,\"height\":814},{\"@type\":\"BreadcrumbList\",\"@id\":\"https:\\\/\\\/lurdinha.org\\\/site\\\/historia-do-gramacho-transporte\\\/#breadcrumb\",\"itemListElement\":[{\"@type\":\"ListItem\",\"position\":1,\"name\":\"In\u00edcio\",\"item\":\"https:\\\/\\\/lurdinha.org\\\/site\\\/\"},{\"@type\":\"ListItem\",\"position\":2,\"name\":\"Hist\u00f3ria do Gramacho [transporte]\"}]},{\"@type\":\"WebSite\",\"@id\":\"https:\\\/\\\/lurdinha.org\\\/site\\\/#website\",\"url\":\"https:\\\/\\\/lurdinha.org\\\/site\\\/\",\"name\":\"Lurdinha - Duque de Caxias para Est\u00f4magos Fortes\",\"description\":\"Site sobre Arte, Cultura, Pol\u00edtica, Sociedade e curiosidades da cidade de Duque de Caxias, RJ\",\"publisher\":{\"@id\":\"https:\\\/\\\/lurdinha.org\\\/site\\\/#organization\"},\"alternateName\":\"Lurdinha\",\"potentialAction\":[{\"@type\":\"SearchAction\",\"target\":{\"@type\":\"EntryPoint\",\"urlTemplate\":\"https:\\\/\\\/lurdinha.org\\\/site\\\/?s={search_term_string}\"},\"query-input\":{\"@type\":\"PropertyValueSpecification\",\"valueRequired\":true,\"valueName\":\"search_term_string\"}}],\"inLanguage\":\"pt-BR\"},{\"@type\":\"Organization\",\"@id\":\"https:\\\/\\\/lurdinha.org\\\/site\\\/#organization\",\"name\":\"Lurdinha de Caxias\",\"url\":\"https:\\\/\\\/lurdinha.org\\\/site\\\/\",\"logo\":{\"@type\":\"ImageObject\",\"inLanguage\":\"pt-BR\",\"@id\":\"https:\\\/\\\/lurdinha.org\\\/site\\\/#\\\/schema\\\/logo\\\/image\\\/\",\"url\":\"https:\\\/\\\/lurdinha.org\\\/site\\\/wp-content\\\/uploads\\\/logo-lurdinha.jpg\",\"contentUrl\":\"https:\\\/\\\/lurdinha.org\\\/site\\\/wp-content\\\/uploads\\\/logo-lurdinha.jpg\",\"width\":640,\"height\":60,\"caption\":\"Lurdinha de Caxias\"},\"image\":{\"@id\":\"https:\\\/\\\/lurdinha.org\\\/site\\\/#\\\/schema\\\/logo\\\/image\\\/\"},\"sameAs\":[\"https:\\\/\\\/www.facebook.com\\\/LurdinhadeCaxias\",\"https:\\\/\\\/www.instagram.com\\\/lurdinhadecaxias\"]},{\"@type\":\"Person\",\"@id\":\"https:\\\/\\\/lurdinha.org\\\/site\\\/#\\\/schema\\\/person\\\/5ed6e8beb30dbf7b961afb3f4dc991e8\",\"name\":\"Roberto Aires\",\"image\":{\"@type\":\"ImageObject\",\"inLanguage\":\"pt-BR\",\"@id\":\"https:\\\/\\\/secure.gravatar.com\\\/avatar\\\/6c919f13e76d8ca908e57ec9e5d988b0ffebbffe36e088a47917c2f5a7cdfc85?s=96&d=mm&r=g\",\"url\":\"https:\\\/\\\/secure.gravatar.com\\\/avatar\\\/6c919f13e76d8ca908e57ec9e5d988b0ffebbffe36e088a47917c2f5a7cdfc85?s=96&d=mm&r=g\",\"contentUrl\":\"https:\\\/\\\/secure.gravatar.com\\\/avatar\\\/6c919f13e76d8ca908e57ec9e5d988b0ffebbffe36e088a47917c2f5a7cdfc85?s=96&d=mm&r=g\",\"caption\":\"Roberto Aires\"},\"description\":\"Jornalista; administra o grupo \u201cGramacho das Antigas\u201d no Facebook.\",\"sameAs\":[\"https:\\\/\\\/robertoaires.com.br\",\"https:\\\/\\\/www.facebook.com\\\/roberto.aires.12\"],\"url\":\"https:\\\/\\\/lurdinha.org\\\/site\\\/author\\\/robertoaires\\\/\"}]}<\/script>\n<!-- \/ Yoast SEO plugin. -->","yoast_head_json":{"title":"Hist\u00f3ria do Gramacho [transporte] - Lurdinha - Duque de Caxias para Est\u00f4magos Fortes","robots":{"index":"index","follow":"follow","max-snippet":"max-snippet:-1","max-image-preview":"max-image-preview:large","max-video-preview":"max-video-preview:-1"},"canonical":"https:\/\/lurdinha.org\/site\/historia-do-gramacho-transporte\/","og_locale":"pt_BR","og_type":"article","og_title":"Hist\u00f3ria do Gramacho [transporte] - Lurdinha - Duque de Caxias para Est\u00f4magos Fortes","og_description":"Text\u00e3o. Caos. Via\u00e7\u00e3o Albion (primeira e segunda foto) e Junel. Linha 104 Gramacho-Pra\u00e7a Mau\u00e1. Albion:...","og_url":"https:\/\/lurdinha.org\/site\/historia-do-gramacho-transporte\/","og_site_name":"Lurdinha - Duque de Caxias para Est\u00f4magos Fortes","article_publisher":"https:\/\/www.facebook.com\/LurdinhadeCaxias","article_author":"https:\/\/www.facebook.com\/roberto.aires.12","article_published_time":"2024-03-21T01:39:40+00:00","article_modified_time":"2024-03-21T01:43:05+00:00","og_image":[{"width":720,"height":814,"url":"https:\/\/lurdinha.org\/site\/wp-content\/uploads\/gramacho-vacao-albion.jpg","type":"image\/jpeg"}],"author":"Roberto Aires","twitter_card":"summary_large_image","twitter_misc":{"Escrito por":"Roberto Aires","Est. tempo de leitura":"3 minutos"},"schema":{"@context":"https:\/\/schema.org","@graph":[{"@type":"Article","@id":"https:\/\/lurdinha.org\/site\/historia-do-gramacho-transporte\/#article","isPartOf":{"@id":"https:\/\/lurdinha.org\/site\/historia-do-gramacho-transporte\/"},"author":{"name":"Roberto Aires","@id":"https:\/\/lurdinha.org\/site\/#\/schema\/person\/5ed6e8beb30dbf7b961afb3f4dc991e8"},"headline":"Hist\u00f3ria do Gramacho [transporte]","datePublished":"2024-03-21T01:39:40+00:00","dateModified":"2024-03-21T01:43:05+00:00","mainEntityOfPage":{"@id":"https:\/\/lurdinha.org\/site\/historia-do-gramacho-transporte\/"},"wordCount":669,"commentCount":0,"publisher":{"@id":"https:\/\/lurdinha.org\/site\/#organization"},"image":{"@id":"https:\/\/lurdinha.org\/site\/historia-do-gramacho-transporte\/#primaryimage"},"thumbnailUrl":"https:\/\/lurdinha.org\/site\/wp-content\/uploads\/gramacho-vacao-albion.jpg","articleSection":["hist\u00f3ria"],"inLanguage":"pt-BR","potentialAction":[{"@type":"CommentAction","name":"Comment","target":["https:\/\/lurdinha.org\/site\/historia-do-gramacho-transporte\/#respond"]}]},{"@type":"WebPage","@id":"https:\/\/lurdinha.org\/site\/historia-do-gramacho-transporte\/","url":"https:\/\/lurdinha.org\/site\/historia-do-gramacho-transporte\/","name":"Hist\u00f3ria do Gramacho [transporte] - Lurdinha - Duque de Caxias para Est\u00f4magos Fortes","isPartOf":{"@id":"https:\/\/lurdinha.org\/site\/#website"},"primaryImageOfPage":{"@id":"https:\/\/lurdinha.org\/site\/historia-do-gramacho-transporte\/#primaryimage"},"image":{"@id":"https:\/\/lurdinha.org\/site\/historia-do-gramacho-transporte\/#primaryimage"},"thumbnailUrl":"https:\/\/lurdinha.org\/site\/wp-content\/uploads\/gramacho-vacao-albion.jpg","datePublished":"2024-03-21T01:39:40+00:00","dateModified":"2024-03-21T01:43:05+00:00","breadcrumb":{"@id":"https:\/\/lurdinha.org\/site\/historia-do-gramacho-transporte\/#breadcrumb"},"inLanguage":"pt-BR","potentialAction":[{"@type":"ReadAction","target":["https:\/\/lurdinha.org\/site\/historia-do-gramacho-transporte\/"]}]},{"@type":"ImageObject","inLanguage":"pt-BR","@id":"https:\/\/lurdinha.org\/site\/historia-do-gramacho-transporte\/#primaryimage","url":"https:\/\/lurdinha.org\/site\/wp-content\/uploads\/gramacho-vacao-albion.jpg","contentUrl":"https:\/\/lurdinha.org\/site\/wp-content\/uploads\/gramacho-vacao-albion.jpg","width":720,"height":814},{"@type":"BreadcrumbList","@id":"https:\/\/lurdinha.org\/site\/historia-do-gramacho-transporte\/#breadcrumb","itemListElement":[{"@type":"ListItem","position":1,"name":"In\u00edcio","item":"https:\/\/lurdinha.org\/site\/"},{"@type":"ListItem","position":2,"name":"Hist\u00f3ria do Gramacho [transporte]"}]},{"@type":"WebSite","@id":"https:\/\/lurdinha.org\/site\/#website","url":"https:\/\/lurdinha.org\/site\/","name":"Lurdinha - Duque de Caxias para Est\u00f4magos Fortes","description":"Site sobre Arte, Cultura, Pol\u00edtica, Sociedade e curiosidades da cidade de Duque de Caxias, RJ","publisher":{"@id":"https:\/\/lurdinha.org\/site\/#organization"},"alternateName":"Lurdinha","potentialAction":[{"@type":"SearchAction","target":{"@type":"EntryPoint","urlTemplate":"https:\/\/lurdinha.org\/site\/?s={search_term_string}"},"query-input":{"@type":"PropertyValueSpecification","valueRequired":true,"valueName":"search_term_string"}}],"inLanguage":"pt-BR"},{"@type":"Organization","@id":"https:\/\/lurdinha.org\/site\/#organization","name":"Lurdinha de Caxias","url":"https:\/\/lurdinha.org\/site\/","logo":{"@type":"ImageObject","inLanguage":"pt-BR","@id":"https:\/\/lurdinha.org\/site\/#\/schema\/logo\/image\/","url":"https:\/\/lurdinha.org\/site\/wp-content\/uploads\/logo-lurdinha.jpg","contentUrl":"https:\/\/lurdinha.org\/site\/wp-content\/uploads\/logo-lurdinha.jpg","width":640,"height":60,"caption":"Lurdinha de Caxias"},"image":{"@id":"https:\/\/lurdinha.org\/site\/#\/schema\/logo\/image\/"},"sameAs":["https:\/\/www.facebook.com\/LurdinhadeCaxias","https:\/\/www.instagram.com\/lurdinhadecaxias"]},{"@type":"Person","@id":"https:\/\/lurdinha.org\/site\/#\/schema\/person\/5ed6e8beb30dbf7b961afb3f4dc991e8","name":"Roberto Aires","image":{"@type":"ImageObject","inLanguage":"pt-BR","@id":"https:\/\/secure.gravatar.com\/avatar\/6c919f13e76d8ca908e57ec9e5d988b0ffebbffe36e088a47917c2f5a7cdfc85?s=96&d=mm&r=g","url":"https:\/\/secure.gravatar.com\/avatar\/6c919f13e76d8ca908e57ec9e5d988b0ffebbffe36e088a47917c2f5a7cdfc85?s=96&d=mm&r=g","contentUrl":"https:\/\/secure.gravatar.com\/avatar\/6c919f13e76d8ca908e57ec9e5d988b0ffebbffe36e088a47917c2f5a7cdfc85?s=96&d=mm&r=g","caption":"Roberto Aires"},"description":"Jornalista; administra o grupo \u201cGramacho das Antigas\u201d no Facebook.","sameAs":["https:\/\/robertoaires.com.br","https:\/\/www.facebook.com\/roberto.aires.12"],"url":"https:\/\/lurdinha.org\/site\/author\/robertoaires\/"}]}},"views":2245,"_links":{"self":[{"href":"https:\/\/lurdinha.org\/site\/wp-json\/wp\/v2\/posts\/11516","targetHints":{"allow":["GET"]}}],"collection":[{"href":"https:\/\/lurdinha.org\/site\/wp-json\/wp\/v2\/posts"}],"about":[{"href":"https:\/\/lurdinha.org\/site\/wp-json\/wp\/v2\/types\/post"}],"author":[{"embeddable":true,"href":"https:\/\/lurdinha.org\/site\/wp-json\/wp\/v2\/users\/89"}],"replies":[{"embeddable":true,"href":"https:\/\/lurdinha.org\/site\/wp-json\/wp\/v2\/comments?post=11516"}],"version-history":[{"count":3,"href":"https:\/\/lurdinha.org\/site\/wp-json\/wp\/v2\/posts\/11516\/revisions"}],"predecessor-version":[{"id":11523,"href":"https:\/\/lurdinha.org\/site\/wp-json\/wp\/v2\/posts\/11516\/revisions\/11523"}],"wp:featuredmedia":[{"embeddable":true,"href":"https:\/\/lurdinha.org\/site\/wp-json\/wp\/v2\/media\/11519"}],"wp:attachment":[{"href":"https:\/\/lurdinha.org\/site\/wp-json\/wp\/v2\/media?parent=11516"}],"wp:term":[{"taxonomy":"category","embeddable":true,"href":"https:\/\/lurdinha.org\/site\/wp-json\/wp\/v2\/categories?post=11516"},{"taxonomy":"post_tag","embeddable":true,"href":"https:\/\/lurdinha.org\/site\/wp-json\/wp\/v2\/tags?post=11516"}],"curies":[{"name":"wp","href":"https:\/\/api.w.org\/{rel}","templated":true}]}}