{"id":11505,"date":"2024-03-04T01:31:47","date_gmt":"2024-03-04T01:31:47","guid":{"rendered":"https:\/\/lurdinha.org\/site\/?p=11505"},"modified":"2024-03-07T01:46:17","modified_gmt":"2024-03-07T01:46:17","slug":"caxias-presente-na-4a-conferencia-nacional-de-cultura-em-brasilia","status":"publish","type":"post","link":"https:\/\/lurdinha.org\/site\/caxias-presente-na-4a-conferencia-nacional-de-cultura-em-brasilia\/","title":{"rendered":"Caxias presente na 4\u00aa Confer\u00eancia Nacional de Cultura, em Bras\u00edlia"},"content":{"rendered":"<p><img loading=\"lazy\" decoding=\"async\" class=\"alignnone size-full wp-image-11506\" src=\"https:\/\/lurdinha.org\/site\/wp-content\/uploads\/prates-4conferenciadecultura-.jpg\" alt=\"\" width=\"800\" height=\"800\" srcset=\"https:\/\/lurdinha.org\/site\/wp-content\/uploads\/prates-4conferenciadecultura-.jpg 800w, https:\/\/lurdinha.org\/site\/wp-content\/uploads\/prates-4conferenciadecultura--300x300.jpg 300w, https:\/\/lurdinha.org\/site\/wp-content\/uploads\/prates-4conferenciadecultura--610x610.jpg 610w, https:\/\/lurdinha.org\/site\/wp-content\/uploads\/prates-4conferenciadecultura--150x150.jpg 150w, https:\/\/lurdinha.org\/site\/wp-content\/uploads\/prates-4conferenciadecultura--768x768.jpg 768w, https:\/\/lurdinha.org\/site\/wp-content\/uploads\/prates-4conferenciadecultura--120x120.jpg 120w\" sizes=\"auto, (max-width: 800px) 100vw, 800px\" \/><\/p>\n<p>Convidado para a <strong>4\u00aa Confer\u00eancia Nacional de Cultura<\/strong> estamos participando da realiza\u00e7\u00e3o do novo Plano Nacional de Cultural que valer\u00e1 por 10 anos.<br \/>\nCom a participa\u00e7\u00e3o de representantes da Sociedade Civil de todo o Brasil, Gestores de Estados e Munic\u00edpios debatem, realizam propostas, representam o Brasil e o seu mosaico cultural.<br \/>\nA Cultura Viva e din\u00e2mica de um pa\u00eds que trabalha para colocar o seu povo como o maior protagonista da nossa riqueza e hist\u00f3ria.<br \/>\nSomos diversos e temos um importante papel de reconstru\u00e7\u00e3o das Pol\u00edticas P\u00fablicas da Cultura do pa\u00eds.<br \/>\nNa parte da manh\u00e3\/tarde a quest\u00e3o da federa\u00e7\u00e3o e do desenho das pol\u00edticas foi intenso e mobilizou representantes de todas as regi\u00f5es.<br \/>\nQuest\u00f5es como financiamento, fomento, concelhos, organiza\u00e7\u00e3o dos editais, forma\u00e7\u00e3o profissional, forma\u00e7\u00e3o de p\u00fablico, distribui\u00e7\u00e3o equilibrada dos recursos, qualifica\u00e7\u00e3o de gestores e equipes t\u00e9cnicas municipais, reconhecimento dos fazedores populares, entre outros temas foram debatidos por uma gente bonita cheia de esperan\u00e7a, alegria e criatividade.<\/p>\n<p>@minc<br \/>\n@gomeiagalpaocriativo<br \/>\n@virtuproducoes<br \/>\n@obsbaixada<br \/>\n@cmpcdc<br \/>\n@forummunicipaldeculturadc<\/p>\n","protected":false},"excerpt":{"rendered":"<p>Convidado para a 4\u00aa Confer\u00eancia Nacional de Cultura estamos participando da realiza\u00e7\u00e3o do novo Plano&#8230;<\/p>\n","protected":false},"author":33,"featured_media":11506,"comment_status":"open","ping_status":"closed","sticky":false,"template":"","format":"standard","meta":{"footnotes":""},"categories":[3,4],"tags":[],"class_list":["post-11505","post","type-post","status-publish","format-standard","has-post-thumbnail","hentry","category-clique","category-opiniao"],"yoast_head":"<!-- This site is optimized with the Yoast SEO plugin v27.5 - https:\/\/yoast.com\/product\/yoast-seo-wordpress\/ -->\n<title>Caxias presente na 4\u00aa Confer\u00eancia Nacional de Cultura, em Bras\u00edlia - Lurdinha - Duque de Caxias para Est\u00f4magos Fortes<\/title>\n<meta name=\"robots\" content=\"index, follow, max-snippet:-1, max-image-preview:large, max-video-preview:-1\" \/>\n<link rel=\"canonical\" href=\"https:\/\/lurdinha.org\/site\/caxias-presente-na-4a-conferencia-nacional-de-cultura-em-brasilia\/\" \/>\n<meta property=\"og:locale\" content=\"pt_BR\" \/>\n<meta property=\"og:type\" content=\"article\" \/>\n<meta property=\"og:title\" content=\"Caxias presente na 4\u00aa Confer\u00eancia Nacional de Cultura, em Bras\u00edlia - Lurdinha - Duque de Caxias para Est\u00f4magos Fortes\" \/>\n<meta property=\"og:description\" content=\"Convidado para a 4\u00aa Confer\u00eancia Nacional de Cultura estamos participando da realiza\u00e7\u00e3o do novo Plano...\" \/>\n<meta property=\"og:url\" content=\"https:\/\/lurdinha.org\/site\/caxias-presente-na-4a-conferencia-nacional-de-cultura-em-brasilia\/\" \/>\n<meta property=\"og:site_name\" content=\"Lurdinha - Duque de Caxias para Est\u00f4magos Fortes\" \/>\n<meta property=\"article:publisher\" content=\"https:\/\/www.facebook.com\/LurdinhadeCaxias\" \/>\n<meta property=\"article:author\" content=\"prates.eduardo\" \/>\n<meta property=\"article:published_time\" content=\"2024-03-04T01:31:47+00:00\" \/>\n<meta property=\"article:modified_time\" content=\"2024-03-07T01:46:17+00:00\" \/>\n<meta property=\"og:image\" content=\"https:\/\/lurdinha.org\/site\/wp-content\/uploads\/prates-4conferenciadecultura-.jpg\" \/>\n\t<meta property=\"og:image:width\" content=\"800\" \/>\n\t<meta property=\"og:image:height\" content=\"800\" \/>\n\t<meta property=\"og:image:type\" content=\"image\/jpeg\" \/>\n<meta name=\"author\" content=\"Eduardo Prates\" \/>\n<meta name=\"twitter:card\" content=\"summary_large_image\" \/>\n<meta name=\"twitter:creator\" content=\"@prateseduardo\" \/>\n<meta name=\"twitter:label1\" content=\"Escrito por\" \/>\n\t<meta name=\"twitter:data1\" content=\"Eduardo Prates\" \/>\n\t<meta name=\"twitter:label2\" content=\"Est. tempo de leitura\" \/>\n\t<meta name=\"twitter:data2\" content=\"1 minuto\" \/>\n<script type=\"application\/ld+json\" class=\"yoast-schema-graph\">{\"@context\":\"https:\\\/\\\/schema.org\",\"@graph\":[{\"@type\":\"Article\",\"@id\":\"https:\\\/\\\/lurdinha.org\\\/site\\\/caxias-presente-na-4a-conferencia-nacional-de-cultura-em-brasilia\\\/#article\",\"isPartOf\":{\"@id\":\"https:\\\/\\\/lurdinha.org\\\/site\\\/caxias-presente-na-4a-conferencia-nacional-de-cultura-em-brasilia\\\/\"},\"author\":{\"name\":\"Eduardo Prates\",\"@id\":\"https:\\\/\\\/lurdinha.org\\\/site\\\/#\\\/schema\\\/person\\\/6edbe3070561baacf2ff92a210f3c70e\"},\"headline\":\"Caxias presente na 4\u00aa Confer\u00eancia Nacional de Cultura, em Bras\u00edlia\",\"datePublished\":\"2024-03-04T01:31:47+00:00\",\"dateModified\":\"2024-03-07T01:46:17+00:00\",\"mainEntityOfPage\":{\"@id\":\"https:\\\/\\\/lurdinha.org\\\/site\\\/caxias-presente-na-4a-conferencia-nacional-de-cultura-em-brasilia\\\/\"},\"wordCount\":196,\"commentCount\":0,\"publisher\":{\"@id\":\"https:\\\/\\\/lurdinha.org\\\/site\\\/#organization\"},\"image\":{\"@id\":\"https:\\\/\\\/lurdinha.org\\\/site\\\/caxias-presente-na-4a-conferencia-nacional-de-cultura-em-brasilia\\\/#primaryimage\"},\"thumbnailUrl\":\"https:\\\/\\\/lurdinha.org\\\/site\\\/wp-content\\\/uploads\\\/prates-4conferenciadecultura-.jpg\",\"articleSection\":[\"clique\",\"uma opini\u00e3o\"],\"inLanguage\":\"pt-BR\",\"potentialAction\":[{\"@type\":\"CommentAction\",\"name\":\"Comment\",\"target\":[\"https:\\\/\\\/lurdinha.org\\\/site\\\/caxias-presente-na-4a-conferencia-nacional-de-cultura-em-brasilia\\\/#respond\"]}]},{\"@type\":\"WebPage\",\"@id\":\"https:\\\/\\\/lurdinha.org\\\/site\\\/caxias-presente-na-4a-conferencia-nacional-de-cultura-em-brasilia\\\/\",\"url\":\"https:\\\/\\\/lurdinha.org\\\/site\\\/caxias-presente-na-4a-conferencia-nacional-de-cultura-em-brasilia\\\/\",\"name\":\"Caxias presente na 4\u00aa Confer\u00eancia Nacional de Cultura, em Bras\u00edlia - Lurdinha - Duque de Caxias para Est\u00f4magos Fortes\",\"isPartOf\":{\"@id\":\"https:\\\/\\\/lurdinha.org\\\/site\\\/#website\"},\"primaryImageOfPage\":{\"@id\":\"https:\\\/\\\/lurdinha.org\\\/site\\\/caxias-presente-na-4a-conferencia-nacional-de-cultura-em-brasilia\\\/#primaryimage\"},\"image\":{\"@id\":\"https:\\\/\\\/lurdinha.org\\\/site\\\/caxias-presente-na-4a-conferencia-nacional-de-cultura-em-brasilia\\\/#primaryimage\"},\"thumbnailUrl\":\"https:\\\/\\\/lurdinha.org\\\/site\\\/wp-content\\\/uploads\\\/prates-4conferenciadecultura-.jpg\",\"datePublished\":\"2024-03-04T01:31:47+00:00\",\"dateModified\":\"2024-03-07T01:46:17+00:00\",\"breadcrumb\":{\"@id\":\"https:\\\/\\\/lurdinha.org\\\/site\\\/caxias-presente-na-4a-conferencia-nacional-de-cultura-em-brasilia\\\/#breadcrumb\"},\"inLanguage\":\"pt-BR\",\"potentialAction\":[{\"@type\":\"ReadAction\",\"target\":[\"https:\\\/\\\/lurdinha.org\\\/site\\\/caxias-presente-na-4a-conferencia-nacional-de-cultura-em-brasilia\\\/\"]}]},{\"@type\":\"ImageObject\",\"inLanguage\":\"pt-BR\",\"@id\":\"https:\\\/\\\/lurdinha.org\\\/site\\\/caxias-presente-na-4a-conferencia-nacional-de-cultura-em-brasilia\\\/#primaryimage\",\"url\":\"https:\\\/\\\/lurdinha.org\\\/site\\\/wp-content\\\/uploads\\\/prates-4conferenciadecultura-.jpg\",\"contentUrl\":\"https:\\\/\\\/lurdinha.org\\\/site\\\/wp-content\\\/uploads\\\/prates-4conferenciadecultura-.jpg\",\"width\":800,\"height\":800},{\"@type\":\"BreadcrumbList\",\"@id\":\"https:\\\/\\\/lurdinha.org\\\/site\\\/caxias-presente-na-4a-conferencia-nacional-de-cultura-em-brasilia\\\/#breadcrumb\",\"itemListElement\":[{\"@type\":\"ListItem\",\"position\":1,\"name\":\"In\u00edcio\",\"item\":\"https:\\\/\\\/lurdinha.org\\\/site\\\/\"},{\"@type\":\"ListItem\",\"position\":2,\"name\":\"Caxias presente na 4\u00aa Confer\u00eancia Nacional de Cultura, em Bras\u00edlia\"}]},{\"@type\":\"WebSite\",\"@id\":\"https:\\\/\\\/lurdinha.org\\\/site\\\/#website\",\"url\":\"https:\\\/\\\/lurdinha.org\\\/site\\\/\",\"name\":\"Lurdinha - Duque de Caxias para Est\u00f4magos Fortes\",\"description\":\"Site sobre Arte, Cultura, Pol\u00edtica, Sociedade e curiosidades da cidade de Duque de Caxias, RJ\",\"publisher\":{\"@id\":\"https:\\\/\\\/lurdinha.org\\\/site\\\/#organization\"},\"alternateName\":\"Lurdinha\",\"potentialAction\":[{\"@type\":\"SearchAction\",\"target\":{\"@type\":\"EntryPoint\",\"urlTemplate\":\"https:\\\/\\\/lurdinha.org\\\/site\\\/?s={search_term_string}\"},\"query-input\":{\"@type\":\"PropertyValueSpecification\",\"valueRequired\":true,\"valueName\":\"search_term_string\"}}],\"inLanguage\":\"pt-BR\"},{\"@type\":\"Organization\",\"@id\":\"https:\\\/\\\/lurdinha.org\\\/site\\\/#organization\",\"name\":\"Lurdinha de Caxias\",\"url\":\"https:\\\/\\\/lurdinha.org\\\/site\\\/\",\"logo\":{\"@type\":\"ImageObject\",\"inLanguage\":\"pt-BR\",\"@id\":\"https:\\\/\\\/lurdinha.org\\\/site\\\/#\\\/schema\\\/logo\\\/image\\\/\",\"url\":\"https:\\\/\\\/lurdinha.org\\\/site\\\/wp-content\\\/uploads\\\/logo-lurdinha.jpg\",\"contentUrl\":\"https:\\\/\\\/lurdinha.org\\\/site\\\/wp-content\\\/uploads\\\/logo-lurdinha.jpg\",\"width\":640,\"height\":60,\"caption\":\"Lurdinha de Caxias\"},\"image\":{\"@id\":\"https:\\\/\\\/lurdinha.org\\\/site\\\/#\\\/schema\\\/logo\\\/image\\\/\"},\"sameAs\":[\"https:\\\/\\\/www.facebook.com\\\/LurdinhadeCaxias\",\"https:\\\/\\\/www.instagram.com\\\/lurdinhadecaxias\"]},{\"@type\":\"Person\",\"@id\":\"https:\\\/\\\/lurdinha.org\\\/site\\\/#\\\/schema\\\/person\\\/6edbe3070561baacf2ff92a210f3c70e\",\"name\":\"Eduardo Prates\",\"image\":{\"@type\":\"ImageObject\",\"inLanguage\":\"pt-BR\",\"@id\":\"https:\\\/\\\/secure.gravatar.com\\\/avatar\\\/f8d33445deb9db181831d9b31643921250b35abddc9eb35c9034a531c3e6cc01?s=96&d=mm&r=g\",\"url\":\"https:\\\/\\\/secure.gravatar.com\\\/avatar\\\/f8d33445deb9db181831d9b31643921250b35abddc9eb35c9034a531c3e6cc01?s=96&d=mm&r=g\",\"contentUrl\":\"https:\\\/\\\/secure.gravatar.com\\\/avatar\\\/f8d33445deb9db181831d9b31643921250b35abddc9eb35c9034a531c3e6cc01?s=96&d=mm&r=g\",\"caption\":\"Eduardo Prates\"},\"description\":\"Professor, cientista pol\u00edtico, cidad\u00e3o do mundo, flamenguista, imperiano, sujeito que acredita na auto-determina\u00e7\u00e3o dos povos para a constru\u00e7\u00e3o de um mundo melhor. https:\\\/\\\/profeduardoprates.com.br http:\\\/\\\/observatoriodabaixada.com.br\",\"sameAs\":[\"http:\\\/\\\/observatoriodabaixada.com.br\",\"prates.eduardo\",\"https:\\\/\\\/www.instagram.com\\\/eduardoprates\\\/\",\"https:\\\/\\\/x.com\\\/prateseduardo\"],\"url\":\"https:\\\/\\\/lurdinha.org\\\/site\\\/author\\\/edprates\\\/\"}]}<\/script>\n<!-- \/ Yoast SEO plugin. -->","yoast_head_json":{"title":"Caxias presente na 4\u00aa Confer\u00eancia Nacional de Cultura, em Bras\u00edlia - Lurdinha - Duque de Caxias para Est\u00f4magos Fortes","robots":{"index":"index","follow":"follow","max-snippet":"max-snippet:-1","max-image-preview":"max-image-preview:large","max-video-preview":"max-video-preview:-1"},"canonical":"https:\/\/lurdinha.org\/site\/caxias-presente-na-4a-conferencia-nacional-de-cultura-em-brasilia\/","og_locale":"pt_BR","og_type":"article","og_title":"Caxias presente na 4\u00aa Confer\u00eancia Nacional de Cultura, em Bras\u00edlia - Lurdinha - Duque de Caxias para Est\u00f4magos Fortes","og_description":"Convidado para a 4\u00aa Confer\u00eancia Nacional de Cultura estamos participando da realiza\u00e7\u00e3o do novo Plano...","og_url":"https:\/\/lurdinha.org\/site\/caxias-presente-na-4a-conferencia-nacional-de-cultura-em-brasilia\/","og_site_name":"Lurdinha - Duque de Caxias para Est\u00f4magos Fortes","article_publisher":"https:\/\/www.facebook.com\/LurdinhadeCaxias","article_author":"prates.eduardo","article_published_time":"2024-03-04T01:31:47+00:00","article_modified_time":"2024-03-07T01:46:17+00:00","og_image":[{"width":800,"height":800,"url":"https:\/\/lurdinha.org\/site\/wp-content\/uploads\/prates-4conferenciadecultura-.jpg","type":"image\/jpeg"}],"author":"Eduardo Prates","twitter_card":"summary_large_image","twitter_creator":"@prateseduardo","twitter_misc":{"Escrito por":"Eduardo Prates","Est. tempo de leitura":"1 minuto"},"schema":{"@context":"https:\/\/schema.org","@graph":[{"@type":"Article","@id":"https:\/\/lurdinha.org\/site\/caxias-presente-na-4a-conferencia-nacional-de-cultura-em-brasilia\/#article","isPartOf":{"@id":"https:\/\/lurdinha.org\/site\/caxias-presente-na-4a-conferencia-nacional-de-cultura-em-brasilia\/"},"author":{"name":"Eduardo Prates","@id":"https:\/\/lurdinha.org\/site\/#\/schema\/person\/6edbe3070561baacf2ff92a210f3c70e"},"headline":"Caxias presente na 4\u00aa Confer\u00eancia Nacional de Cultura, em Bras\u00edlia","datePublished":"2024-03-04T01:31:47+00:00","dateModified":"2024-03-07T01:46:17+00:00","mainEntityOfPage":{"@id":"https:\/\/lurdinha.org\/site\/caxias-presente-na-4a-conferencia-nacional-de-cultura-em-brasilia\/"},"wordCount":196,"commentCount":0,"publisher":{"@id":"https:\/\/lurdinha.org\/site\/#organization"},"image":{"@id":"https:\/\/lurdinha.org\/site\/caxias-presente-na-4a-conferencia-nacional-de-cultura-em-brasilia\/#primaryimage"},"thumbnailUrl":"https:\/\/lurdinha.org\/site\/wp-content\/uploads\/prates-4conferenciadecultura-.jpg","articleSection":["clique","uma opini\u00e3o"],"inLanguage":"pt-BR","potentialAction":[{"@type":"CommentAction","name":"Comment","target":["https:\/\/lurdinha.org\/site\/caxias-presente-na-4a-conferencia-nacional-de-cultura-em-brasilia\/#respond"]}]},{"@type":"WebPage","@id":"https:\/\/lurdinha.org\/site\/caxias-presente-na-4a-conferencia-nacional-de-cultura-em-brasilia\/","url":"https:\/\/lurdinha.org\/site\/caxias-presente-na-4a-conferencia-nacional-de-cultura-em-brasilia\/","name":"Caxias presente na 4\u00aa Confer\u00eancia Nacional de Cultura, em Bras\u00edlia - Lurdinha - Duque de Caxias para Est\u00f4magos Fortes","isPartOf":{"@id":"https:\/\/lurdinha.org\/site\/#website"},"primaryImageOfPage":{"@id":"https:\/\/lurdinha.org\/site\/caxias-presente-na-4a-conferencia-nacional-de-cultura-em-brasilia\/#primaryimage"},"image":{"@id":"https:\/\/lurdinha.org\/site\/caxias-presente-na-4a-conferencia-nacional-de-cultura-em-brasilia\/#primaryimage"},"thumbnailUrl":"https:\/\/lurdinha.org\/site\/wp-content\/uploads\/prates-4conferenciadecultura-.jpg","datePublished":"2024-03-04T01:31:47+00:00","dateModified":"2024-03-07T01:46:17+00:00","breadcrumb":{"@id":"https:\/\/lurdinha.org\/site\/caxias-presente-na-4a-conferencia-nacional-de-cultura-em-brasilia\/#breadcrumb"},"inLanguage":"pt-BR","potentialAction":[{"@type":"ReadAction","target":["https:\/\/lurdinha.org\/site\/caxias-presente-na-4a-conferencia-nacional-de-cultura-em-brasilia\/"]}]},{"@type":"ImageObject","inLanguage":"pt-BR","@id":"https:\/\/lurdinha.org\/site\/caxias-presente-na-4a-conferencia-nacional-de-cultura-em-brasilia\/#primaryimage","url":"https:\/\/lurdinha.org\/site\/wp-content\/uploads\/prates-4conferenciadecultura-.jpg","contentUrl":"https:\/\/lurdinha.org\/site\/wp-content\/uploads\/prates-4conferenciadecultura-.jpg","width":800,"height":800},{"@type":"BreadcrumbList","@id":"https:\/\/lurdinha.org\/site\/caxias-presente-na-4a-conferencia-nacional-de-cultura-em-brasilia\/#breadcrumb","itemListElement":[{"@type":"ListItem","position":1,"name":"In\u00edcio","item":"https:\/\/lurdinha.org\/site\/"},{"@type":"ListItem","position":2,"name":"Caxias presente na 4\u00aa Confer\u00eancia Nacional de Cultura, em Bras\u00edlia"}]},{"@type":"WebSite","@id":"https:\/\/lurdinha.org\/site\/#website","url":"https:\/\/lurdinha.org\/site\/","name":"Lurdinha - Duque de Caxias para Est\u00f4magos Fortes","description":"Site sobre Arte, Cultura, Pol\u00edtica, Sociedade e curiosidades da cidade de Duque de Caxias, RJ","publisher":{"@id":"https:\/\/lurdinha.org\/site\/#organization"},"alternateName":"Lurdinha","potentialAction":[{"@type":"SearchAction","target":{"@type":"EntryPoint","urlTemplate":"https:\/\/lurdinha.org\/site\/?s={search_term_string}"},"query-input":{"@type":"PropertyValueSpecification","valueRequired":true,"valueName":"search_term_string"}}],"inLanguage":"pt-BR"},{"@type":"Organization","@id":"https:\/\/lurdinha.org\/site\/#organization","name":"Lurdinha de Caxias","url":"https:\/\/lurdinha.org\/site\/","logo":{"@type":"ImageObject","inLanguage":"pt-BR","@id":"https:\/\/lurdinha.org\/site\/#\/schema\/logo\/image\/","url":"https:\/\/lurdinha.org\/site\/wp-content\/uploads\/logo-lurdinha.jpg","contentUrl":"https:\/\/lurdinha.org\/site\/wp-content\/uploads\/logo-lurdinha.jpg","width":640,"height":60,"caption":"Lurdinha de Caxias"},"image":{"@id":"https:\/\/lurdinha.org\/site\/#\/schema\/logo\/image\/"},"sameAs":["https:\/\/www.facebook.com\/LurdinhadeCaxias","https:\/\/www.instagram.com\/lurdinhadecaxias"]},{"@type":"Person","@id":"https:\/\/lurdinha.org\/site\/#\/schema\/person\/6edbe3070561baacf2ff92a210f3c70e","name":"Eduardo Prates","image":{"@type":"ImageObject","inLanguage":"pt-BR","@id":"https:\/\/secure.gravatar.com\/avatar\/f8d33445deb9db181831d9b31643921250b35abddc9eb35c9034a531c3e6cc01?s=96&d=mm&r=g","url":"https:\/\/secure.gravatar.com\/avatar\/f8d33445deb9db181831d9b31643921250b35abddc9eb35c9034a531c3e6cc01?s=96&d=mm&r=g","contentUrl":"https:\/\/secure.gravatar.com\/avatar\/f8d33445deb9db181831d9b31643921250b35abddc9eb35c9034a531c3e6cc01?s=96&d=mm&r=g","caption":"Eduardo Prates"},"description":"Professor, cientista pol\u00edtico, cidad\u00e3o do mundo, flamenguista, imperiano, sujeito que acredita na auto-determina\u00e7\u00e3o dos povos para a constru\u00e7\u00e3o de um mundo melhor. https:\/\/profeduardoprates.com.br http:\/\/observatoriodabaixada.com.br","sameAs":["http:\/\/observatoriodabaixada.com.br","prates.eduardo","https:\/\/www.instagram.com\/eduardoprates\/","https:\/\/x.com\/prateseduardo"],"url":"https:\/\/lurdinha.org\/site\/author\/edprates\/"}]}},"views":1364,"_links":{"self":[{"href":"https:\/\/lurdinha.org\/site\/wp-json\/wp\/v2\/posts\/11505","targetHints":{"allow":["GET"]}}],"collection":[{"href":"https:\/\/lurdinha.org\/site\/wp-json\/wp\/v2\/posts"}],"about":[{"href":"https:\/\/lurdinha.org\/site\/wp-json\/wp\/v2\/types\/post"}],"author":[{"embeddable":true,"href":"https:\/\/lurdinha.org\/site\/wp-json\/wp\/v2\/users\/33"}],"replies":[{"embeddable":true,"href":"https:\/\/lurdinha.org\/site\/wp-json\/wp\/v2\/comments?post=11505"}],"version-history":[{"count":1,"href":"https:\/\/lurdinha.org\/site\/wp-json\/wp\/v2\/posts\/11505\/revisions"}],"predecessor-version":[{"id":11507,"href":"https:\/\/lurdinha.org\/site\/wp-json\/wp\/v2\/posts\/11505\/revisions\/11507"}],"wp:featuredmedia":[{"embeddable":true,"href":"https:\/\/lurdinha.org\/site\/wp-json\/wp\/v2\/media\/11506"}],"wp:attachment":[{"href":"https:\/\/lurdinha.org\/site\/wp-json\/wp\/v2\/media?parent=11505"}],"wp:term":[{"taxonomy":"category","embeddable":true,"href":"https:\/\/lurdinha.org\/site\/wp-json\/wp\/v2\/categories?post=11505"},{"taxonomy":"post_tag","embeddable":true,"href":"https:\/\/lurdinha.org\/site\/wp-json\/wp\/v2\/tags?post=11505"}],"curies":[{"name":"wp","href":"https:\/\/api.w.org\/{rel}","templated":true}]}}