{"id":11490,"date":"2012-08-27T18:20:26","date_gmt":"2012-08-27T18:20:26","guid":{"rendered":"https:\/\/lurdinha.org\/site\/?p=11490"},"modified":"2024-05-19T22:03:16","modified_gmt":"2024-05-19T22:03:16","slug":"cantor-de-forro-dominguinhos-do-recife-comecou-a-carreira-em-duque-de-caxias","status":"publish","type":"post","link":"https:\/\/lurdinha.org\/site\/cantor-de-forro-dominguinhos-do-recife-comecou-a-carreira-em-duque-de-caxias\/","title":{"rendered":"Cantor de forr\u00f3, Dominguinhos do Recife come\u00e7ou a carreira em Duque de Caxias"},"content":{"rendered":"<figure id=\"attachment_11491\" aria-describedby=\"caption-attachment-11491\" style=\"width: 640px\" class=\"wp-caption alignnone\"><img loading=\"lazy\" decoding=\"async\" class=\"wp-image-11491 size-full\" src=\"https:\/\/lurdinha.org\/site\/wp-content\/uploads\/Dominguinhos-do-Recife_fotodeNinaLima.jpg\" alt=\"\" width=\"640\" height=\"360\" srcset=\"https:\/\/lurdinha.org\/site\/wp-content\/uploads\/Dominguinhos-do-Recife_fotodeNinaLima.jpg 640w, https:\/\/lurdinha.org\/site\/wp-content\/uploads\/Dominguinhos-do-Recife_fotodeNinaLima-300x169.jpg 300w, https:\/\/lurdinha.org\/site\/wp-content\/uploads\/Dominguinhos-do-Recife_fotodeNinaLima-610x343.jpg 610w\" sizes=\"auto, (max-width: 640px) 100vw, 640px\" \/><figcaption id=\"caption-attachment-11491\" class=\"wp-caption-text\">Foto de Nina Lima<\/figcaption><\/figure>\n<p>&#8220;<em>Caruaru, Caruaru, aqui no Rio tem um peda\u00e7o de tu. Caruaru, Caruaru, em Caxias tem um peda\u00e7o de tu<\/em>&#8220;, canta Nelson Francisco Vieira, popularmente conhecido como <strong>Dominguinhos do Recife<\/strong>. Em suas composi\u00e7\u00f5es de forr\u00f3, ele exalta a cidade da Baixada, que o acolheu desde 1973, quando veio para o Rio em busca de emprego.<\/p>\n<p>\u2014 Tenho pelo menos 26 letras em homenagem a Duque de Caxias, que me recebeu de bra\u00e7os abertos, \u00e9 o local em que moro. Vim de Timba\u00faba dos Moc\u00f3s (Pernambuco) e fiz a minha carreira aqui \u2014 derrete-se o cantor, de 53 anos.<\/p>\n<p>A cada CD gravado (s\u00e3o 26), Dominguinhos comp\u00f5e pelo menos uma m\u00fasica para a cidade.<\/p>\n<p>\u2014 Fiz a &#8220;Feira Nordestina&#8221;, &#8220;Forr\u00f3 em Caxias&#8221;, &#8220;T\u00e1 pegando fogo&#8221; \u2014 enumera, destacando que a ideia \u00e9 dar continuidade a esse processo musical:<\/p>\n<p>\u2014 Pretendo fazer outras can\u00e7\u00f5es, pois o munic\u00edpio merece. H\u00e1 muitos temas que posso abordar e fazer compara\u00e7\u00f5es com a minha terrinha \u2014 explica Dominguinhos.<\/p>\n<p>Flamenguista, ele, que \u00e9 casado h\u00e1 27 anos e tem quatro filhos, sabe o lugar exato para onde deve correr quando quer lembrar das origens:<\/p>\n<p>\u2014 Existe o forr\u00f3 na feira, nos fins de semana, e a Feira de Caxias, todo domingo. \u00c9 l\u00e1 que eu como a minha carne de sol.<\/p>\n<p>Muitos projetos para o seu futuro musical<\/p>\n<p>No \u00faltimo dia 4, o cantor lan\u00e7ou seu primeiro DVD: Dominguinhos do Recife ao vivo. O trabalho re\u00fane v\u00e1rias composi\u00e7\u00f5es de forr\u00f3 p\u00e9 de serra.<\/p>\n<p>E os planos para o futuro s\u00e3o muitos, pois o artista est\u00e1 preparando um CD em homenagem ao grande &#8220;Rei do bai\u00e3o&#8221;.<\/p>\n<p>\u2014 Esse disco sobre Luiz Gonzaga dever\u00e1 ser lan\u00e7ado no fim do ano. Meus trabalhos s\u00e3o vendidos nos meus pr\u00f3prios shows \u2014 explica o artista.<\/p>\n<p>Quem quiser encontrar Dominguinhos em Caxias, deve ir ao Forr\u00f3 do Z\u00e9 do P, onde ele costuma &#8220;prestigiar os amigos&#8221;, como diz.<\/p>\n<p>\u2014 Apare\u00e7o por l\u00e1 aos domingos e toco um pouquinho com alguns companheiros. \u00c9 muito bom estar entre amigos e fazer o que mais gosto, que \u00e9 cantar.<\/p>\n<p>&#8211;<br \/>\n<strong><em>Mat\u00e9ria de Paula Fernandes para o Jornal Extra<\/em><\/strong><\/p>\n","protected":false},"excerpt":{"rendered":"<p>&#8220;Caruaru, Caruaru, aqui no Rio tem um peda\u00e7o de tu. Caruaru, Caruaru, em Caxias tem&#8230;<\/p>\n","protected":false},"author":87,"featured_media":11491,"comment_status":"open","ping_status":"closed","sticky":false,"template":"","format":"standard","meta":{"footnotes":""},"categories":[14,5],"tags":[1369,11,1216],"class_list":["post-11490","post","type-post","status-publish","format-standard","has-post-thumbnail","hentry","category-gente","category-umaboa","tag-dominguinhos-do-recife","tag-duque-de-caxias","tag-forro"],"yoast_head":"<!-- This site is optimized with the Yoast SEO plugin v27.5 - https:\/\/yoast.com\/product\/yoast-seo-wordpress\/ -->\n<title>Cantor de forr\u00f3, Dominguinhos do Recife come\u00e7ou a carreira em Duque de Caxias - Lurdinha - Duque de Caxias para Est\u00f4magos Fortes<\/title>\n<meta name=\"robots\" content=\"index, follow, max-snippet:-1, max-image-preview:large, max-video-preview:-1\" \/>\n<link rel=\"canonical\" href=\"https:\/\/lurdinha.org\/site\/cantor-de-forro-dominguinhos-do-recife-comecou-a-carreira-em-duque-de-caxias\/\" \/>\n<meta property=\"og:locale\" content=\"pt_BR\" \/>\n<meta property=\"og:type\" content=\"article\" \/>\n<meta property=\"og:title\" content=\"Cantor de forr\u00f3, Dominguinhos do Recife come\u00e7ou a carreira em Duque de Caxias - Lurdinha - Duque de Caxias para Est\u00f4magos Fortes\" \/>\n<meta property=\"og:description\" content=\"&#8220;Caruaru, Caruaru, aqui no Rio tem um peda\u00e7o de tu. Caruaru, Caruaru, em Caxias tem...\" \/>\n<meta property=\"og:url\" content=\"https:\/\/lurdinha.org\/site\/cantor-de-forro-dominguinhos-do-recife-comecou-a-carreira-em-duque-de-caxias\/\" \/>\n<meta property=\"og:site_name\" content=\"Lurdinha - Duque de Caxias para Est\u00f4magos Fortes\" \/>\n<meta property=\"article:publisher\" content=\"https:\/\/www.facebook.com\/LurdinhadeCaxias\" \/>\n<meta property=\"article:published_time\" content=\"2012-08-27T18:20:26+00:00\" \/>\n<meta property=\"article:modified_time\" content=\"2024-05-19T22:03:16+00:00\" \/>\n<meta property=\"og:image\" content=\"https:\/\/lurdinha.org\/site\/wp-content\/uploads\/Dominguinhos-do-Recife_fotodeNinaLima.jpg\" \/>\n\t<meta property=\"og:image:width\" content=\"640\" \/>\n\t<meta property=\"og:image:height\" content=\"360\" \/>\n\t<meta property=\"og:image:type\" content=\"image\/jpeg\" \/>\n<meta name=\"author\" content=\"Editoria\" \/>\n<meta name=\"twitter:card\" content=\"summary_large_image\" \/>\n<meta name=\"twitter:label1\" content=\"Escrito por\" \/>\n\t<meta name=\"twitter:data1\" content=\"Editoria\" \/>\n\t<meta name=\"twitter:label2\" content=\"Est. tempo de leitura\" \/>\n\t<meta name=\"twitter:data2\" content=\"2 minutos\" \/>\n<script type=\"application\/ld+json\" class=\"yoast-schema-graph\">{\"@context\":\"https:\\\/\\\/schema.org\",\"@graph\":[{\"@type\":\"Article\",\"@id\":\"https:\\\/\\\/lurdinha.org\\\/site\\\/cantor-de-forro-dominguinhos-do-recife-comecou-a-carreira-em-duque-de-caxias\\\/#article\",\"isPartOf\":{\"@id\":\"https:\\\/\\\/lurdinha.org\\\/site\\\/cantor-de-forro-dominguinhos-do-recife-comecou-a-carreira-em-duque-de-caxias\\\/\"},\"author\":{\"name\":\"Editoria\",\"@id\":\"https:\\\/\\\/lurdinha.org\\\/site\\\/#\\\/schema\\\/person\\\/6b0b6b83043cbaf7707ee275576b00ea\"},\"headline\":\"Cantor de forr\u00f3, Dominguinhos do Recife come\u00e7ou a carreira em Duque de Caxias\",\"datePublished\":\"2012-08-27T18:20:26+00:00\",\"dateModified\":\"2024-05-19T22:03:16+00:00\",\"mainEntityOfPage\":{\"@id\":\"https:\\\/\\\/lurdinha.org\\\/site\\\/cantor-de-forro-dominguinhos-do-recife-comecou-a-carreira-em-duque-de-caxias\\\/\"},\"wordCount\":377,\"commentCount\":0,\"publisher\":{\"@id\":\"https:\\\/\\\/lurdinha.org\\\/site\\\/#organization\"},\"image\":{\"@id\":\"https:\\\/\\\/lurdinha.org\\\/site\\\/cantor-de-forro-dominguinhos-do-recife-comecou-a-carreira-em-duque-de-caxias\\\/#primaryimage\"},\"thumbnailUrl\":\"https:\\\/\\\/lurdinha.org\\\/site\\\/wp-content\\\/uploads\\\/Dominguinhos-do-Recife_fotodeNinaLima.jpg\",\"keywords\":[\"Dominguinhos do Recife\",\"duque-de-caxias\",\"forro\"],\"articleSection\":[\"gente\",\"uma boa\"],\"inLanguage\":\"pt-BR\",\"potentialAction\":[{\"@type\":\"CommentAction\",\"name\":\"Comment\",\"target\":[\"https:\\\/\\\/lurdinha.org\\\/site\\\/cantor-de-forro-dominguinhos-do-recife-comecou-a-carreira-em-duque-de-caxias\\\/#respond\"]}]},{\"@type\":\"WebPage\",\"@id\":\"https:\\\/\\\/lurdinha.org\\\/site\\\/cantor-de-forro-dominguinhos-do-recife-comecou-a-carreira-em-duque-de-caxias\\\/\",\"url\":\"https:\\\/\\\/lurdinha.org\\\/site\\\/cantor-de-forro-dominguinhos-do-recife-comecou-a-carreira-em-duque-de-caxias\\\/\",\"name\":\"Cantor de forr\u00f3, Dominguinhos do Recife come\u00e7ou a carreira em Duque de Caxias - Lurdinha - Duque de Caxias para Est\u00f4magos Fortes\",\"isPartOf\":{\"@id\":\"https:\\\/\\\/lurdinha.org\\\/site\\\/#website\"},\"primaryImageOfPage\":{\"@id\":\"https:\\\/\\\/lurdinha.org\\\/site\\\/cantor-de-forro-dominguinhos-do-recife-comecou-a-carreira-em-duque-de-caxias\\\/#primaryimage\"},\"image\":{\"@id\":\"https:\\\/\\\/lurdinha.org\\\/site\\\/cantor-de-forro-dominguinhos-do-recife-comecou-a-carreira-em-duque-de-caxias\\\/#primaryimage\"},\"thumbnailUrl\":\"https:\\\/\\\/lurdinha.org\\\/site\\\/wp-content\\\/uploads\\\/Dominguinhos-do-Recife_fotodeNinaLima.jpg\",\"datePublished\":\"2012-08-27T18:20:26+00:00\",\"dateModified\":\"2024-05-19T22:03:16+00:00\",\"breadcrumb\":{\"@id\":\"https:\\\/\\\/lurdinha.org\\\/site\\\/cantor-de-forro-dominguinhos-do-recife-comecou-a-carreira-em-duque-de-caxias\\\/#breadcrumb\"},\"inLanguage\":\"pt-BR\",\"potentialAction\":[{\"@type\":\"ReadAction\",\"target\":[\"https:\\\/\\\/lurdinha.org\\\/site\\\/cantor-de-forro-dominguinhos-do-recife-comecou-a-carreira-em-duque-de-caxias\\\/\"]}]},{\"@type\":\"ImageObject\",\"inLanguage\":\"pt-BR\",\"@id\":\"https:\\\/\\\/lurdinha.org\\\/site\\\/cantor-de-forro-dominguinhos-do-recife-comecou-a-carreira-em-duque-de-caxias\\\/#primaryimage\",\"url\":\"https:\\\/\\\/lurdinha.org\\\/site\\\/wp-content\\\/uploads\\\/Dominguinhos-do-Recife_fotodeNinaLima.jpg\",\"contentUrl\":\"https:\\\/\\\/lurdinha.org\\\/site\\\/wp-content\\\/uploads\\\/Dominguinhos-do-Recife_fotodeNinaLima.jpg\",\"width\":640,\"height\":360},{\"@type\":\"BreadcrumbList\",\"@id\":\"https:\\\/\\\/lurdinha.org\\\/site\\\/cantor-de-forro-dominguinhos-do-recife-comecou-a-carreira-em-duque-de-caxias\\\/#breadcrumb\",\"itemListElement\":[{\"@type\":\"ListItem\",\"position\":1,\"name\":\"In\u00edcio\",\"item\":\"https:\\\/\\\/lurdinha.org\\\/site\\\/\"},{\"@type\":\"ListItem\",\"position\":2,\"name\":\"Cantor de forr\u00f3, Dominguinhos do Recife come\u00e7ou a carreira em Duque de Caxias\"}]},{\"@type\":\"WebSite\",\"@id\":\"https:\\\/\\\/lurdinha.org\\\/site\\\/#website\",\"url\":\"https:\\\/\\\/lurdinha.org\\\/site\\\/\",\"name\":\"Lurdinha - Duque de Caxias para Est\u00f4magos Fortes\",\"description\":\"Site sobre Arte, Cultura, Pol\u00edtica, Sociedade e curiosidades da cidade de Duque de Caxias, RJ\",\"publisher\":{\"@id\":\"https:\\\/\\\/lurdinha.org\\\/site\\\/#organization\"},\"alternateName\":\"Lurdinha\",\"potentialAction\":[{\"@type\":\"SearchAction\",\"target\":{\"@type\":\"EntryPoint\",\"urlTemplate\":\"https:\\\/\\\/lurdinha.org\\\/site\\\/?s={search_term_string}\"},\"query-input\":{\"@type\":\"PropertyValueSpecification\",\"valueRequired\":true,\"valueName\":\"search_term_string\"}}],\"inLanguage\":\"pt-BR\"},{\"@type\":\"Organization\",\"@id\":\"https:\\\/\\\/lurdinha.org\\\/site\\\/#organization\",\"name\":\"Lurdinha de Caxias\",\"url\":\"https:\\\/\\\/lurdinha.org\\\/site\\\/\",\"logo\":{\"@type\":\"ImageObject\",\"inLanguage\":\"pt-BR\",\"@id\":\"https:\\\/\\\/lurdinha.org\\\/site\\\/#\\\/schema\\\/logo\\\/image\\\/\",\"url\":\"https:\\\/\\\/lurdinha.org\\\/site\\\/wp-content\\\/uploads\\\/logo-lurdinha.jpg\",\"contentUrl\":\"https:\\\/\\\/lurdinha.org\\\/site\\\/wp-content\\\/uploads\\\/logo-lurdinha.jpg\",\"width\":640,\"height\":60,\"caption\":\"Lurdinha de Caxias\"},\"image\":{\"@id\":\"https:\\\/\\\/lurdinha.org\\\/site\\\/#\\\/schema\\\/logo\\\/image\\\/\"},\"sameAs\":[\"https:\\\/\\\/www.facebook.com\\\/LurdinhadeCaxias\",\"https:\\\/\\\/www.instagram.com\\\/lurdinhadecaxias\"]},{\"@type\":\"Person\",\"@id\":\"https:\\\/\\\/lurdinha.org\\\/site\\\/#\\\/schema\\\/person\\\/6b0b6b83043cbaf7707ee275576b00ea\",\"name\":\"Editoria\",\"image\":{\"@type\":\"ImageObject\",\"inLanguage\":\"pt-BR\",\"@id\":\"https:\\\/\\\/secure.gravatar.com\\\/avatar\\\/0ba27ca5462d63e6c810ae4debe7159a69befcd2e33516be5bad4700d2dbfa72?s=96&d=mm&r=g\",\"url\":\"https:\\\/\\\/secure.gravatar.com\\\/avatar\\\/0ba27ca5462d63e6c810ae4debe7159a69befcd2e33516be5bad4700d2dbfa72?s=96&d=mm&r=g\",\"contentUrl\":\"https:\\\/\\\/secure.gravatar.com\\\/avatar\\\/0ba27ca5462d63e6c810ae4debe7159a69befcd2e33516be5bad4700d2dbfa72?s=96&d=mm&r=g\",\"caption\":\"Editoria\"},\"url\":\"https:\\\/\\\/lurdinha.org\\\/site\\\/author\\\/editoria\\\/\"}]}<\/script>\n<!-- \/ Yoast SEO plugin. -->","yoast_head_json":{"title":"Cantor de forr\u00f3, Dominguinhos do Recife come\u00e7ou a carreira em Duque de Caxias - Lurdinha - Duque de Caxias para Est\u00f4magos Fortes","robots":{"index":"index","follow":"follow","max-snippet":"max-snippet:-1","max-image-preview":"max-image-preview:large","max-video-preview":"max-video-preview:-1"},"canonical":"https:\/\/lurdinha.org\/site\/cantor-de-forro-dominguinhos-do-recife-comecou-a-carreira-em-duque-de-caxias\/","og_locale":"pt_BR","og_type":"article","og_title":"Cantor de forr\u00f3, Dominguinhos do Recife come\u00e7ou a carreira em Duque de Caxias - Lurdinha - Duque de Caxias para Est\u00f4magos Fortes","og_description":"&#8220;Caruaru, Caruaru, aqui no Rio tem um peda\u00e7o de tu. Caruaru, Caruaru, em Caxias tem...","og_url":"https:\/\/lurdinha.org\/site\/cantor-de-forro-dominguinhos-do-recife-comecou-a-carreira-em-duque-de-caxias\/","og_site_name":"Lurdinha - Duque de Caxias para Est\u00f4magos Fortes","article_publisher":"https:\/\/www.facebook.com\/LurdinhadeCaxias","article_published_time":"2012-08-27T18:20:26+00:00","article_modified_time":"2024-05-19T22:03:16+00:00","og_image":[{"width":640,"height":360,"url":"https:\/\/lurdinha.org\/site\/wp-content\/uploads\/Dominguinhos-do-Recife_fotodeNinaLima.jpg","type":"image\/jpeg"}],"author":"Editoria","twitter_card":"summary_large_image","twitter_misc":{"Escrito por":"Editoria","Est. tempo de leitura":"2 minutos"},"schema":{"@context":"https:\/\/schema.org","@graph":[{"@type":"Article","@id":"https:\/\/lurdinha.org\/site\/cantor-de-forro-dominguinhos-do-recife-comecou-a-carreira-em-duque-de-caxias\/#article","isPartOf":{"@id":"https:\/\/lurdinha.org\/site\/cantor-de-forro-dominguinhos-do-recife-comecou-a-carreira-em-duque-de-caxias\/"},"author":{"name":"Editoria","@id":"https:\/\/lurdinha.org\/site\/#\/schema\/person\/6b0b6b83043cbaf7707ee275576b00ea"},"headline":"Cantor de forr\u00f3, Dominguinhos do Recife come\u00e7ou a carreira em Duque de Caxias","datePublished":"2012-08-27T18:20:26+00:00","dateModified":"2024-05-19T22:03:16+00:00","mainEntityOfPage":{"@id":"https:\/\/lurdinha.org\/site\/cantor-de-forro-dominguinhos-do-recife-comecou-a-carreira-em-duque-de-caxias\/"},"wordCount":377,"commentCount":0,"publisher":{"@id":"https:\/\/lurdinha.org\/site\/#organization"},"image":{"@id":"https:\/\/lurdinha.org\/site\/cantor-de-forro-dominguinhos-do-recife-comecou-a-carreira-em-duque-de-caxias\/#primaryimage"},"thumbnailUrl":"https:\/\/lurdinha.org\/site\/wp-content\/uploads\/Dominguinhos-do-Recife_fotodeNinaLima.jpg","keywords":["Dominguinhos do Recife","duque-de-caxias","forro"],"articleSection":["gente","uma boa"],"inLanguage":"pt-BR","potentialAction":[{"@type":"CommentAction","name":"Comment","target":["https:\/\/lurdinha.org\/site\/cantor-de-forro-dominguinhos-do-recife-comecou-a-carreira-em-duque-de-caxias\/#respond"]}]},{"@type":"WebPage","@id":"https:\/\/lurdinha.org\/site\/cantor-de-forro-dominguinhos-do-recife-comecou-a-carreira-em-duque-de-caxias\/","url":"https:\/\/lurdinha.org\/site\/cantor-de-forro-dominguinhos-do-recife-comecou-a-carreira-em-duque-de-caxias\/","name":"Cantor de forr\u00f3, Dominguinhos do Recife come\u00e7ou a carreira em Duque de Caxias - Lurdinha - Duque de Caxias para Est\u00f4magos Fortes","isPartOf":{"@id":"https:\/\/lurdinha.org\/site\/#website"},"primaryImageOfPage":{"@id":"https:\/\/lurdinha.org\/site\/cantor-de-forro-dominguinhos-do-recife-comecou-a-carreira-em-duque-de-caxias\/#primaryimage"},"image":{"@id":"https:\/\/lurdinha.org\/site\/cantor-de-forro-dominguinhos-do-recife-comecou-a-carreira-em-duque-de-caxias\/#primaryimage"},"thumbnailUrl":"https:\/\/lurdinha.org\/site\/wp-content\/uploads\/Dominguinhos-do-Recife_fotodeNinaLima.jpg","datePublished":"2012-08-27T18:20:26+00:00","dateModified":"2024-05-19T22:03:16+00:00","breadcrumb":{"@id":"https:\/\/lurdinha.org\/site\/cantor-de-forro-dominguinhos-do-recife-comecou-a-carreira-em-duque-de-caxias\/#breadcrumb"},"inLanguage":"pt-BR","potentialAction":[{"@type":"ReadAction","target":["https:\/\/lurdinha.org\/site\/cantor-de-forro-dominguinhos-do-recife-comecou-a-carreira-em-duque-de-caxias\/"]}]},{"@type":"ImageObject","inLanguage":"pt-BR","@id":"https:\/\/lurdinha.org\/site\/cantor-de-forro-dominguinhos-do-recife-comecou-a-carreira-em-duque-de-caxias\/#primaryimage","url":"https:\/\/lurdinha.org\/site\/wp-content\/uploads\/Dominguinhos-do-Recife_fotodeNinaLima.jpg","contentUrl":"https:\/\/lurdinha.org\/site\/wp-content\/uploads\/Dominguinhos-do-Recife_fotodeNinaLima.jpg","width":640,"height":360},{"@type":"BreadcrumbList","@id":"https:\/\/lurdinha.org\/site\/cantor-de-forro-dominguinhos-do-recife-comecou-a-carreira-em-duque-de-caxias\/#breadcrumb","itemListElement":[{"@type":"ListItem","position":1,"name":"In\u00edcio","item":"https:\/\/lurdinha.org\/site\/"},{"@type":"ListItem","position":2,"name":"Cantor de forr\u00f3, Dominguinhos do Recife come\u00e7ou a carreira em Duque de Caxias"}]},{"@type":"WebSite","@id":"https:\/\/lurdinha.org\/site\/#website","url":"https:\/\/lurdinha.org\/site\/","name":"Lurdinha - Duque de Caxias para Est\u00f4magos Fortes","description":"Site sobre Arte, Cultura, Pol\u00edtica, Sociedade e curiosidades da cidade de Duque de Caxias, RJ","publisher":{"@id":"https:\/\/lurdinha.org\/site\/#organization"},"alternateName":"Lurdinha","potentialAction":[{"@type":"SearchAction","target":{"@type":"EntryPoint","urlTemplate":"https:\/\/lurdinha.org\/site\/?s={search_term_string}"},"query-input":{"@type":"PropertyValueSpecification","valueRequired":true,"valueName":"search_term_string"}}],"inLanguage":"pt-BR"},{"@type":"Organization","@id":"https:\/\/lurdinha.org\/site\/#organization","name":"Lurdinha de Caxias","url":"https:\/\/lurdinha.org\/site\/","logo":{"@type":"ImageObject","inLanguage":"pt-BR","@id":"https:\/\/lurdinha.org\/site\/#\/schema\/logo\/image\/","url":"https:\/\/lurdinha.org\/site\/wp-content\/uploads\/logo-lurdinha.jpg","contentUrl":"https:\/\/lurdinha.org\/site\/wp-content\/uploads\/logo-lurdinha.jpg","width":640,"height":60,"caption":"Lurdinha de Caxias"},"image":{"@id":"https:\/\/lurdinha.org\/site\/#\/schema\/logo\/image\/"},"sameAs":["https:\/\/www.facebook.com\/LurdinhadeCaxias","https:\/\/www.instagram.com\/lurdinhadecaxias"]},{"@type":"Person","@id":"https:\/\/lurdinha.org\/site\/#\/schema\/person\/6b0b6b83043cbaf7707ee275576b00ea","name":"Editoria","image":{"@type":"ImageObject","inLanguage":"pt-BR","@id":"https:\/\/secure.gravatar.com\/avatar\/0ba27ca5462d63e6c810ae4debe7159a69befcd2e33516be5bad4700d2dbfa72?s=96&d=mm&r=g","url":"https:\/\/secure.gravatar.com\/avatar\/0ba27ca5462d63e6c810ae4debe7159a69befcd2e33516be5bad4700d2dbfa72?s=96&d=mm&r=g","contentUrl":"https:\/\/secure.gravatar.com\/avatar\/0ba27ca5462d63e6c810ae4debe7159a69befcd2e33516be5bad4700d2dbfa72?s=96&d=mm&r=g","caption":"Editoria"},"url":"https:\/\/lurdinha.org\/site\/author\/editoria\/"}]}},"views":826,"_links":{"self":[{"href":"https:\/\/lurdinha.org\/site\/wp-json\/wp\/v2\/posts\/11490","targetHints":{"allow":["GET"]}}],"collection":[{"href":"https:\/\/lurdinha.org\/site\/wp-json\/wp\/v2\/posts"}],"about":[{"href":"https:\/\/lurdinha.org\/site\/wp-json\/wp\/v2\/types\/post"}],"author":[{"embeddable":true,"href":"https:\/\/lurdinha.org\/site\/wp-json\/wp\/v2\/users\/87"}],"replies":[{"embeddable":true,"href":"https:\/\/lurdinha.org\/site\/wp-json\/wp\/v2\/comments?post=11490"}],"version-history":[{"count":1,"href":"https:\/\/lurdinha.org\/site\/wp-json\/wp\/v2\/posts\/11490\/revisions"}],"predecessor-version":[{"id":11492,"href":"https:\/\/lurdinha.org\/site\/wp-json\/wp\/v2\/posts\/11490\/revisions\/11492"}],"wp:featuredmedia":[{"embeddable":true,"href":"https:\/\/lurdinha.org\/site\/wp-json\/wp\/v2\/media\/11491"}],"wp:attachment":[{"href":"https:\/\/lurdinha.org\/site\/wp-json\/wp\/v2\/media?parent=11490"}],"wp:term":[{"taxonomy":"category","embeddable":true,"href":"https:\/\/lurdinha.org\/site\/wp-json\/wp\/v2\/categories?post=11490"},{"taxonomy":"post_tag","embeddable":true,"href":"https:\/\/lurdinha.org\/site\/wp-json\/wp\/v2\/tags?post=11490"}],"curies":[{"name":"wp","href":"https:\/\/api.w.org\/{rel}","templated":true}]}}