{"id":11440,"date":"2023-12-28T16:27:00","date_gmt":"2023-12-28T16:27:00","guid":{"rendered":"https:\/\/lurdinha.org\/site\/?p=11440"},"modified":"2023-12-30T16:28:34","modified_gmt":"2023-12-30T16:28:34","slug":"rip-jorge-bodhar-grande-musico","status":"publish","type":"post","link":"https:\/\/lurdinha.org\/site\/rip-jorge-bodhar-grande-musico\/","title":{"rendered":"RIP Jorge Bodhar, grande m\u00fasico"},"content":{"rendered":"<div class=\"\" dir=\"auto\">\n<div id=\":rns:\" class=\"x1iorvi4 x1pi30zi x1l90r2v x1swvt13\" data-ad-comet-preview=\"message\" data-ad-preview=\"message\">\n<div class=\"x78zum5 xdt5ytf xz62fqu x16ldp7u\">\n<div class=\"xu06os2 x1ok221b\">\n<div class=\"xdj266r x11i5rnm xat24cr x1mh8g0r x1vvkbs x126k92a\">\n<div dir=\"auto\"><img loading=\"lazy\" decoding=\"async\" class=\"alignnone size-full wp-image-11441\" src=\"https:\/\/lurdinha.org\/site\/wp-content\/uploads\/jorge-bodhar.jpg\" alt=\"Jorge Bodhar\" width=\"513\" height=\"385\" srcset=\"https:\/\/lurdinha.org\/site\/wp-content\/uploads\/jorge-bodhar.jpg 513w, https:\/\/lurdinha.org\/site\/wp-content\/uploads\/jorge-bodhar-300x225.jpg 300w\" sizes=\"auto, (max-width: 513px) 100vw, 513px\" \/><\/div>\n<div dir=\"auto\">Ultimamente tem sido brabo no aspecto de perdas e agora nos despedimos de <strong><span class=\"xt0psk2\">Jorge Bodhar<\/span><\/strong>, grande m\u00fasico, bom de caneta, instrumentista fera, compositor dos bons, cantor de grande carisma.<\/div>\n<div dir=\"auto\">Parceiro de muita gente boa, indo de forr\u00f3s e xotes azeitados com Tacyo Carvalho e Joquinha Gonzaga (ali\u00e1s, ele tava sempre l\u00e1 no S\u00edtio dos Gonzaga, em Santa Cruz da Serra, com a parentada do Velho Lua que ainda mora na regi\u00e3o); at\u00e9 sambas deliciosos com Edinho do Samba, passando por can\u00e7\u00f5es incr\u00edveis com Rildo Pereira, Vicente Portella, Tib\u00e9rio Gaspar, Tavinho Bonf\u00e1 ,Valdo Couto, Helvius Vilela, Rico Teixeira, entre tantos outros.<\/div>\n<div dir=\"auto\">Em 2018 esteve no lan\u00e7amento do meu livro Dois Toques e desde ent\u00e3o sempre que nos encontr\u00e1vamos prometemos fazer uma parceria, o que acabou n\u00e3o rolando. Uma pena.<\/div>\n<div dir=\"auto\">Como escreveu numa rede social um amigo e cunhado dele: \u201cde Xer\u00e9m para o Brasil e o Mundo, sua voz e viol\u00e3o far\u00e3o muita falta para todos\u201d.<\/div>\n<div dir=\"auto\">Deixo expressa aqui minha grande admira\u00e7\u00e3o por esse cara talentoso que se foi.<\/div>\n<div dir=\"auto\">Valeu, Bodhar!<\/div>\n<\/div>\n<div class=\"x11i5rnm xat24cr x1mh8g0r x1vvkbs xtlvy1s x126k92a\">\n<div dir=\"auto\">@heraldohb<\/div>\n<\/div>\n<\/div>\n<\/div>\n<\/div>\n<\/div>\n","protected":false},"excerpt":{"rendered":"<p>Ultimamente tem sido brabo no aspecto de perdas e agora nos despedimos de Jorge Bodhar,&#8230;<\/p>\n","protected":false},"author":2,"featured_media":11441,"comment_status":"open","ping_status":"closed","sticky":false,"template":"","format":"standard","meta":{"footnotes":""},"categories":[14,7],"tags":[],"class_list":["post-11440","post","type-post","status-publish","format-standard","has-post-thumbnail","hentry","category-gente","category-musica"],"yoast_head":"<!-- This site is optimized with the Yoast SEO plugin v27.5 - https:\/\/yoast.com\/product\/yoast-seo-wordpress\/ -->\n<title>RIP Jorge Bodhar, grande m\u00fasico - Lurdinha - Duque de Caxias para Est\u00f4magos Fortes<\/title>\n<meta name=\"robots\" content=\"index, follow, max-snippet:-1, max-image-preview:large, max-video-preview:-1\" \/>\n<link rel=\"canonical\" href=\"https:\/\/lurdinha.org\/site\/rip-jorge-bodhar-grande-musico\/\" \/>\n<meta property=\"og:locale\" content=\"pt_BR\" \/>\n<meta property=\"og:type\" content=\"article\" \/>\n<meta property=\"og:title\" content=\"RIP Jorge Bodhar, grande m\u00fasico - Lurdinha - Duque de Caxias para Est\u00f4magos Fortes\" \/>\n<meta property=\"og:description\" content=\"Ultimamente tem sido brabo no aspecto de perdas e agora nos despedimos de Jorge Bodhar,...\" \/>\n<meta property=\"og:url\" content=\"https:\/\/lurdinha.org\/site\/rip-jorge-bodhar-grande-musico\/\" \/>\n<meta property=\"og:site_name\" content=\"Lurdinha - Duque de Caxias para Est\u00f4magos Fortes\" \/>\n<meta property=\"article:publisher\" content=\"https:\/\/www.facebook.com\/LurdinhadeCaxias\" \/>\n<meta property=\"article:author\" content=\"botocudo\" \/>\n<meta property=\"article:published_time\" content=\"2023-12-28T16:27:00+00:00\" \/>\n<meta property=\"article:modified_time\" content=\"2023-12-30T16:28:34+00:00\" \/>\n<meta property=\"og:image\" content=\"https:\/\/lurdinha.org\/site\/wp-content\/uploads\/jorge-bodhar.jpg\" \/>\n\t<meta property=\"og:image:width\" content=\"513\" \/>\n\t<meta property=\"og:image:height\" content=\"385\" \/>\n\t<meta property=\"og:image:type\" content=\"image\/jpeg\" \/>\n<meta name=\"author\" content=\"heraldo hb\" \/>\n<meta name=\"twitter:card\" content=\"summary_large_image\" \/>\n<meta name=\"twitter:label1\" content=\"Escrito por\" \/>\n\t<meta name=\"twitter:data1\" content=\"heraldo hb\" \/>\n\t<meta name=\"twitter:label2\" content=\"Est. tempo de leitura\" \/>\n\t<meta name=\"twitter:data2\" content=\"1 minuto\" \/>\n<script type=\"application\/ld+json\" class=\"yoast-schema-graph\">{\"@context\":\"https:\\\/\\\/schema.org\",\"@graph\":[{\"@type\":\"Article\",\"@id\":\"https:\\\/\\\/lurdinha.org\\\/site\\\/rip-jorge-bodhar-grande-musico\\\/#article\",\"isPartOf\":{\"@id\":\"https:\\\/\\\/lurdinha.org\\\/site\\\/rip-jorge-bodhar-grande-musico\\\/\"},\"author\":{\"name\":\"heraldo hb\",\"@id\":\"https:\\\/\\\/lurdinha.org\\\/site\\\/#\\\/schema\\\/person\\\/b833bb6a7f82598bf0e95e4c30874251\"},\"headline\":\"RIP Jorge Bodhar, grande m\u00fasico\",\"datePublished\":\"2023-12-28T16:27:00+00:00\",\"dateModified\":\"2023-12-30T16:28:34+00:00\",\"mainEntityOfPage\":{\"@id\":\"https:\\\/\\\/lurdinha.org\\\/site\\\/rip-jorge-bodhar-grande-musico\\\/\"},\"wordCount\":192,\"commentCount\":0,\"publisher\":{\"@id\":\"https:\\\/\\\/lurdinha.org\\\/site\\\/#organization\"},\"image\":{\"@id\":\"https:\\\/\\\/lurdinha.org\\\/site\\\/rip-jorge-bodhar-grande-musico\\\/#primaryimage\"},\"thumbnailUrl\":\"https:\\\/\\\/lurdinha.org\\\/site\\\/wp-content\\\/uploads\\\/jorge-bodhar.jpg\",\"articleSection\":[\"gente\",\"m\u00fasica\"],\"inLanguage\":\"pt-BR\",\"potentialAction\":[{\"@type\":\"CommentAction\",\"name\":\"Comment\",\"target\":[\"https:\\\/\\\/lurdinha.org\\\/site\\\/rip-jorge-bodhar-grande-musico\\\/#respond\"]}]},{\"@type\":\"WebPage\",\"@id\":\"https:\\\/\\\/lurdinha.org\\\/site\\\/rip-jorge-bodhar-grande-musico\\\/\",\"url\":\"https:\\\/\\\/lurdinha.org\\\/site\\\/rip-jorge-bodhar-grande-musico\\\/\",\"name\":\"RIP Jorge Bodhar, grande m\u00fasico - Lurdinha - Duque de Caxias para Est\u00f4magos Fortes\",\"isPartOf\":{\"@id\":\"https:\\\/\\\/lurdinha.org\\\/site\\\/#website\"},\"primaryImageOfPage\":{\"@id\":\"https:\\\/\\\/lurdinha.org\\\/site\\\/rip-jorge-bodhar-grande-musico\\\/#primaryimage\"},\"image\":{\"@id\":\"https:\\\/\\\/lurdinha.org\\\/site\\\/rip-jorge-bodhar-grande-musico\\\/#primaryimage\"},\"thumbnailUrl\":\"https:\\\/\\\/lurdinha.org\\\/site\\\/wp-content\\\/uploads\\\/jorge-bodhar.jpg\",\"datePublished\":\"2023-12-28T16:27:00+00:00\",\"dateModified\":\"2023-12-30T16:28:34+00:00\",\"breadcrumb\":{\"@id\":\"https:\\\/\\\/lurdinha.org\\\/site\\\/rip-jorge-bodhar-grande-musico\\\/#breadcrumb\"},\"inLanguage\":\"pt-BR\",\"potentialAction\":[{\"@type\":\"ReadAction\",\"target\":[\"https:\\\/\\\/lurdinha.org\\\/site\\\/rip-jorge-bodhar-grande-musico\\\/\"]}]},{\"@type\":\"ImageObject\",\"inLanguage\":\"pt-BR\",\"@id\":\"https:\\\/\\\/lurdinha.org\\\/site\\\/rip-jorge-bodhar-grande-musico\\\/#primaryimage\",\"url\":\"https:\\\/\\\/lurdinha.org\\\/site\\\/wp-content\\\/uploads\\\/jorge-bodhar.jpg\",\"contentUrl\":\"https:\\\/\\\/lurdinha.org\\\/site\\\/wp-content\\\/uploads\\\/jorge-bodhar.jpg\",\"width\":513,\"height\":385,\"caption\":\"Jorge Bodhar\"},{\"@type\":\"BreadcrumbList\",\"@id\":\"https:\\\/\\\/lurdinha.org\\\/site\\\/rip-jorge-bodhar-grande-musico\\\/#breadcrumb\",\"itemListElement\":[{\"@type\":\"ListItem\",\"position\":1,\"name\":\"In\u00edcio\",\"item\":\"https:\\\/\\\/lurdinha.org\\\/site\\\/\"},{\"@type\":\"ListItem\",\"position\":2,\"name\":\"RIP Jorge Bodhar, grande m\u00fasico\"}]},{\"@type\":\"WebSite\",\"@id\":\"https:\\\/\\\/lurdinha.org\\\/site\\\/#website\",\"url\":\"https:\\\/\\\/lurdinha.org\\\/site\\\/\",\"name\":\"Lurdinha - Duque de Caxias para Est\u00f4magos Fortes\",\"description\":\"Site sobre Arte, Cultura, Pol\u00edtica, Sociedade e curiosidades da cidade de Duque de Caxias, RJ\",\"publisher\":{\"@id\":\"https:\\\/\\\/lurdinha.org\\\/site\\\/#organization\"},\"alternateName\":\"Lurdinha\",\"potentialAction\":[{\"@type\":\"SearchAction\",\"target\":{\"@type\":\"EntryPoint\",\"urlTemplate\":\"https:\\\/\\\/lurdinha.org\\\/site\\\/?s={search_term_string}\"},\"query-input\":{\"@type\":\"PropertyValueSpecification\",\"valueRequired\":true,\"valueName\":\"search_term_string\"}}],\"inLanguage\":\"pt-BR\"},{\"@type\":\"Organization\",\"@id\":\"https:\\\/\\\/lurdinha.org\\\/site\\\/#organization\",\"name\":\"Lurdinha de Caxias\",\"url\":\"https:\\\/\\\/lurdinha.org\\\/site\\\/\",\"logo\":{\"@type\":\"ImageObject\",\"inLanguage\":\"pt-BR\",\"@id\":\"https:\\\/\\\/lurdinha.org\\\/site\\\/#\\\/schema\\\/logo\\\/image\\\/\",\"url\":\"https:\\\/\\\/lurdinha.org\\\/site\\\/wp-content\\\/uploads\\\/logo-lurdinha.jpg\",\"contentUrl\":\"https:\\\/\\\/lurdinha.org\\\/site\\\/wp-content\\\/uploads\\\/logo-lurdinha.jpg\",\"width\":640,\"height\":60,\"caption\":\"Lurdinha de Caxias\"},\"image\":{\"@id\":\"https:\\\/\\\/lurdinha.org\\\/site\\\/#\\\/schema\\\/logo\\\/image\\\/\"},\"sameAs\":[\"https:\\\/\\\/www.facebook.com\\\/LurdinhadeCaxias\",\"https:\\\/\\\/www.instagram.com\\\/lurdinhadecaxias\"]},{\"@type\":\"Person\",\"@id\":\"https:\\\/\\\/lurdinha.org\\\/site\\\/#\\\/schema\\\/person\\\/b833bb6a7f82598bf0e95e4c30874251\",\"name\":\"heraldo hb\",\"image\":{\"@type\":\"ImageObject\",\"inLanguage\":\"pt-BR\",\"@id\":\"https:\\\/\\\/secure.gravatar.com\\\/avatar\\\/5de9fe99c72cb6885bbdaa24b1c5738b0f673d265de18720fae7463d5f47b48d?s=96&d=mm&r=g\",\"url\":\"https:\\\/\\\/secure.gravatar.com\\\/avatar\\\/5de9fe99c72cb6885bbdaa24b1c5738b0f673d265de18720fae7463d5f47b48d?s=96&d=mm&r=g\",\"contentUrl\":\"https:\\\/\\\/secure.gravatar.com\\\/avatar\\\/5de9fe99c72cb6885bbdaa24b1c5738b0f673d265de18720fae7463d5f47b48d?s=96&d=mm&r=g\",\"caption\":\"heraldo hb\"},\"description\":\"Cineasta, animador cultural, escritor e educador nascido no s\u00e9culo XX\",\"sameAs\":[\"http:\\\/\\\/wwww.relinkare.org\",\"botocudo\",\"heraldohb\",\"relinkare\"],\"url\":\"https:\\\/\\\/lurdinha.org\\\/site\\\/author\\\/heraldohb\\\/\"}]}<\/script>\n<!-- \/ Yoast SEO plugin. -->","yoast_head_json":{"title":"RIP Jorge Bodhar, grande m\u00fasico - Lurdinha - Duque de Caxias para Est\u00f4magos Fortes","robots":{"index":"index","follow":"follow","max-snippet":"max-snippet:-1","max-image-preview":"max-image-preview:large","max-video-preview":"max-video-preview:-1"},"canonical":"https:\/\/lurdinha.org\/site\/rip-jorge-bodhar-grande-musico\/","og_locale":"pt_BR","og_type":"article","og_title":"RIP Jorge Bodhar, grande m\u00fasico - Lurdinha - Duque de Caxias para Est\u00f4magos Fortes","og_description":"Ultimamente tem sido brabo no aspecto de perdas e agora nos despedimos de Jorge Bodhar,...","og_url":"https:\/\/lurdinha.org\/site\/rip-jorge-bodhar-grande-musico\/","og_site_name":"Lurdinha - Duque de Caxias para Est\u00f4magos Fortes","article_publisher":"https:\/\/www.facebook.com\/LurdinhadeCaxias","article_author":"botocudo","article_published_time":"2023-12-28T16:27:00+00:00","article_modified_time":"2023-12-30T16:28:34+00:00","og_image":[{"width":513,"height":385,"url":"https:\/\/lurdinha.org\/site\/wp-content\/uploads\/jorge-bodhar.jpg","type":"image\/jpeg"}],"author":"heraldo hb","twitter_card":"summary_large_image","twitter_misc":{"Escrito por":"heraldo hb","Est. tempo de leitura":"1 minuto"},"schema":{"@context":"https:\/\/schema.org","@graph":[{"@type":"Article","@id":"https:\/\/lurdinha.org\/site\/rip-jorge-bodhar-grande-musico\/#article","isPartOf":{"@id":"https:\/\/lurdinha.org\/site\/rip-jorge-bodhar-grande-musico\/"},"author":{"name":"heraldo hb","@id":"https:\/\/lurdinha.org\/site\/#\/schema\/person\/b833bb6a7f82598bf0e95e4c30874251"},"headline":"RIP Jorge Bodhar, grande m\u00fasico","datePublished":"2023-12-28T16:27:00+00:00","dateModified":"2023-12-30T16:28:34+00:00","mainEntityOfPage":{"@id":"https:\/\/lurdinha.org\/site\/rip-jorge-bodhar-grande-musico\/"},"wordCount":192,"commentCount":0,"publisher":{"@id":"https:\/\/lurdinha.org\/site\/#organization"},"image":{"@id":"https:\/\/lurdinha.org\/site\/rip-jorge-bodhar-grande-musico\/#primaryimage"},"thumbnailUrl":"https:\/\/lurdinha.org\/site\/wp-content\/uploads\/jorge-bodhar.jpg","articleSection":["gente","m\u00fasica"],"inLanguage":"pt-BR","potentialAction":[{"@type":"CommentAction","name":"Comment","target":["https:\/\/lurdinha.org\/site\/rip-jorge-bodhar-grande-musico\/#respond"]}]},{"@type":"WebPage","@id":"https:\/\/lurdinha.org\/site\/rip-jorge-bodhar-grande-musico\/","url":"https:\/\/lurdinha.org\/site\/rip-jorge-bodhar-grande-musico\/","name":"RIP Jorge Bodhar, grande m\u00fasico - Lurdinha - Duque de Caxias para Est\u00f4magos Fortes","isPartOf":{"@id":"https:\/\/lurdinha.org\/site\/#website"},"primaryImageOfPage":{"@id":"https:\/\/lurdinha.org\/site\/rip-jorge-bodhar-grande-musico\/#primaryimage"},"image":{"@id":"https:\/\/lurdinha.org\/site\/rip-jorge-bodhar-grande-musico\/#primaryimage"},"thumbnailUrl":"https:\/\/lurdinha.org\/site\/wp-content\/uploads\/jorge-bodhar.jpg","datePublished":"2023-12-28T16:27:00+00:00","dateModified":"2023-12-30T16:28:34+00:00","breadcrumb":{"@id":"https:\/\/lurdinha.org\/site\/rip-jorge-bodhar-grande-musico\/#breadcrumb"},"inLanguage":"pt-BR","potentialAction":[{"@type":"ReadAction","target":["https:\/\/lurdinha.org\/site\/rip-jorge-bodhar-grande-musico\/"]}]},{"@type":"ImageObject","inLanguage":"pt-BR","@id":"https:\/\/lurdinha.org\/site\/rip-jorge-bodhar-grande-musico\/#primaryimage","url":"https:\/\/lurdinha.org\/site\/wp-content\/uploads\/jorge-bodhar.jpg","contentUrl":"https:\/\/lurdinha.org\/site\/wp-content\/uploads\/jorge-bodhar.jpg","width":513,"height":385,"caption":"Jorge Bodhar"},{"@type":"BreadcrumbList","@id":"https:\/\/lurdinha.org\/site\/rip-jorge-bodhar-grande-musico\/#breadcrumb","itemListElement":[{"@type":"ListItem","position":1,"name":"In\u00edcio","item":"https:\/\/lurdinha.org\/site\/"},{"@type":"ListItem","position":2,"name":"RIP Jorge Bodhar, grande m\u00fasico"}]},{"@type":"WebSite","@id":"https:\/\/lurdinha.org\/site\/#website","url":"https:\/\/lurdinha.org\/site\/","name":"Lurdinha - Duque de Caxias para Est\u00f4magos Fortes","description":"Site sobre Arte, Cultura, Pol\u00edtica, Sociedade e curiosidades da cidade de Duque de Caxias, RJ","publisher":{"@id":"https:\/\/lurdinha.org\/site\/#organization"},"alternateName":"Lurdinha","potentialAction":[{"@type":"SearchAction","target":{"@type":"EntryPoint","urlTemplate":"https:\/\/lurdinha.org\/site\/?s={search_term_string}"},"query-input":{"@type":"PropertyValueSpecification","valueRequired":true,"valueName":"search_term_string"}}],"inLanguage":"pt-BR"},{"@type":"Organization","@id":"https:\/\/lurdinha.org\/site\/#organization","name":"Lurdinha de Caxias","url":"https:\/\/lurdinha.org\/site\/","logo":{"@type":"ImageObject","inLanguage":"pt-BR","@id":"https:\/\/lurdinha.org\/site\/#\/schema\/logo\/image\/","url":"https:\/\/lurdinha.org\/site\/wp-content\/uploads\/logo-lurdinha.jpg","contentUrl":"https:\/\/lurdinha.org\/site\/wp-content\/uploads\/logo-lurdinha.jpg","width":640,"height":60,"caption":"Lurdinha de Caxias"},"image":{"@id":"https:\/\/lurdinha.org\/site\/#\/schema\/logo\/image\/"},"sameAs":["https:\/\/www.facebook.com\/LurdinhadeCaxias","https:\/\/www.instagram.com\/lurdinhadecaxias"]},{"@type":"Person","@id":"https:\/\/lurdinha.org\/site\/#\/schema\/person\/b833bb6a7f82598bf0e95e4c30874251","name":"heraldo hb","image":{"@type":"ImageObject","inLanguage":"pt-BR","@id":"https:\/\/secure.gravatar.com\/avatar\/5de9fe99c72cb6885bbdaa24b1c5738b0f673d265de18720fae7463d5f47b48d?s=96&d=mm&r=g","url":"https:\/\/secure.gravatar.com\/avatar\/5de9fe99c72cb6885bbdaa24b1c5738b0f673d265de18720fae7463d5f47b48d?s=96&d=mm&r=g","contentUrl":"https:\/\/secure.gravatar.com\/avatar\/5de9fe99c72cb6885bbdaa24b1c5738b0f673d265de18720fae7463d5f47b48d?s=96&d=mm&r=g","caption":"heraldo hb"},"description":"Cineasta, animador cultural, escritor e educador nascido no s\u00e9culo XX","sameAs":["http:\/\/wwww.relinkare.org","botocudo","heraldohb","relinkare"],"url":"https:\/\/lurdinha.org\/site\/author\/heraldohb\/"}]}},"views":1323,"_links":{"self":[{"href":"https:\/\/lurdinha.org\/site\/wp-json\/wp\/v2\/posts\/11440","targetHints":{"allow":["GET"]}}],"collection":[{"href":"https:\/\/lurdinha.org\/site\/wp-json\/wp\/v2\/posts"}],"about":[{"href":"https:\/\/lurdinha.org\/site\/wp-json\/wp\/v2\/types\/post"}],"author":[{"embeddable":true,"href":"https:\/\/lurdinha.org\/site\/wp-json\/wp\/v2\/users\/2"}],"replies":[{"embeddable":true,"href":"https:\/\/lurdinha.org\/site\/wp-json\/wp\/v2\/comments?post=11440"}],"version-history":[{"count":1,"href":"https:\/\/lurdinha.org\/site\/wp-json\/wp\/v2\/posts\/11440\/revisions"}],"predecessor-version":[{"id":11442,"href":"https:\/\/lurdinha.org\/site\/wp-json\/wp\/v2\/posts\/11440\/revisions\/11442"}],"wp:featuredmedia":[{"embeddable":true,"href":"https:\/\/lurdinha.org\/site\/wp-json\/wp\/v2\/media\/11441"}],"wp:attachment":[{"href":"https:\/\/lurdinha.org\/site\/wp-json\/wp\/v2\/media?parent=11440"}],"wp:term":[{"taxonomy":"category","embeddable":true,"href":"https:\/\/lurdinha.org\/site\/wp-json\/wp\/v2\/categories?post=11440"},{"taxonomy":"post_tag","embeddable":true,"href":"https:\/\/lurdinha.org\/site\/wp-json\/wp\/v2\/tags?post=11440"}],"curies":[{"name":"wp","href":"https:\/\/api.w.org\/{rel}","templated":true}]}}