{"id":11413,"date":"2023-11-22T19:36:41","date_gmt":"2023-11-22T19:36:41","guid":{"rendered":"https:\/\/lurdinha.org\/site\/?p=11413"},"modified":"2023-11-24T21:38:44","modified_gmt":"2023-11-24T21:38:44","slug":"chegou-o-17o-festival-nacional-de-teatro-de-duque-de-caxias","status":"publish","type":"post","link":"https:\/\/lurdinha.org\/site\/chegou-o-17o-festival-nacional-de-teatro-de-duque-de-caxias\/","title":{"rendered":"Chegou o 17\u00ba Festival Nacional de Teatro de Duque de Caxias"},"content":{"rendered":"<p><img loading=\"lazy\" decoding=\"async\" class=\"alignnone size-full wp-image-11416\" src=\"https:\/\/lurdinha.org\/site\/wp-content\/uploads\/fenatec.jpg\" alt=\"Festival Nacional de Teatro de Duque de Caxias\" width=\"449\" height=\"600\" srcset=\"https:\/\/lurdinha.org\/site\/wp-content\/uploads\/fenatec.jpg 449w, https:\/\/lurdinha.org\/site\/wp-content\/uploads\/fenatec-225x300.jpg 225w\" sizes=\"auto, (max-width: 449px) 100vw, 449px\" \/><\/p>\n<p>\u00c9 muita alegria ver que vai come\u00e7ar a d\u00e9cima s\u00e9tima edi\u00e7\u00e3o do <strong>Festival Nacional de Teatro de Duque de Caxias<\/strong>. S\u00e9rio mesmo. Por todo o simbolismo da parada: o tempo de estrada; a proje\u00e7\u00e3o da cidade em alguma coisa que n\u00e3o \u00e9 nem viol\u00eancia nem esc\u00e2ndalo pol\u00edtico; a mescla de p\u00fablicos; a qualidade da programa\u00e7\u00e3o; e a volta do teatro Raul Cortez depois de anos fechado.<\/p>\n<p>A sigla, Fenatec, sempre me d\u00e1 d\u00favidas se funciona porque me remete sempre a alguma dessas feiras de tecnologia hehe, mas t\u00e1 valendo. Ser\u00e3o quinze dias de atra\u00e7\u00f5es, com espet\u00e1culos de v\u00e1rios estados do pa\u00eds, sempre com entrada franca.<\/p>\n<p>Antes de comentar sobre essa edi\u00e7\u00e3o \u00e9 importante dizer que o Festival \u00e9 um sucesso de p\u00fablico na Baixada em todas as suas edi\u00e7\u00f5es, fato que cala qualquer tentativa babaca de insinuar que n\u00e3o h\u00e1 p\u00fablico para teatro na cidade. Em todas as vezes que fui ver algum espet\u00e1culo, nesses anos todos, n\u00e3o lembro de nenhum que n\u00e3o tivesse praticamente lota\u00e7\u00e3o esgotada. Esse Festival comprova cabalmente essa verdade sobre Cultura na cidade: N\u00c3O \u00c9 POR FALTA DE P\u00daBLICO.<\/p>\n<p>Bom, observa\u00e7\u00e3o inicial feita, bora l\u00e1.<\/p>\n<p>Um ponto a ser destacado sempre \u00e9 que a r\u00e9gua \u00e9 alta na curadoria. Dif\u00edcil ter um espet\u00e1culo selecionado que fique no n\u00edvel do razo\u00e1vel. Em geral, o n\u00edvel \u00e9 de excel\u00eancia nas escolhas. O que significa que voc\u00ea pode ir em qualquer dia e sempre assistir\u00e1 a um bom espet\u00e1culo.<\/p>\n<p>Ah, sim, pra n\u00e3o parecer pedantismo, adianto que n\u00e3o sou exatamente um especialista nas artes c\u00eanicas, sendo no m\u00e1ximo um apreciador e um pitaqueiro em alguns dos quesitos, como dramaturgia e concep\u00e7\u00e3o sonora. E n\u00e3o acompanho teatro como gostaria\u2026 Isto posto, vou destacar na programa\u00e7\u00e3o algumas produ\u00e7\u00f5es made in Caxias, por conhecer ou por saber que vale a aposta.<\/p>\n<p>O caso da nossa premiada e motivo de orgulho <strong>Cia. de Arte Popular<\/strong>, que apresenta <strong>O Brincado Romance de Flora e Valentim<\/strong>, dramaturgia do <strong>Ces\u00e1rio Candhi<\/strong>, maluco que \u00e9 um dos grandes escritores de teatro da regi\u00e3o j\u00e1 h\u00e1 algum tempo. Dia 29\/11, 14h.<\/p>\n<p>Dia 27\/12, \u00e0s 19h, vale a aten\u00e7\u00e3o tamb\u00e9m para <strong>Elen Debaixo do Guarda-Chuva<\/strong>, do <strong>Grupo Subjetivo de Teatro<\/strong>, espet\u00e1culo com dire\u00e7\u00e3o do <strong>Myke Stevam<\/strong>, hoje um dos principais caras que vem produzindo bastante teatro na cidade.<\/p>\n<p>Tamb\u00e9m nesse dia 27\/11, s\u00f3 que \u00e0s 14h, \u00e9 a vez da <strong>Inepta Cia.<\/strong> apresentar seu<strong> O Anivers\u00e1rio de Bu<\/strong>. O grupo tem uma pegada forte de palha\u00e7aria e na edi\u00e7\u00e3o passada do Festival arrebatou alguns dos principais pr\u00eamios. Ali\u00e1s, a companhia tem como um dos integrantes o multiartista <strong>Junior Melo<\/strong>, sujeito que sou f\u00e3 assumido.<\/p>\n<p>Aproveito tamb\u00e9m para chamar a aten\u00e7\u00e3o tamb\u00e9m para <strong>Negra Palavra &#8211; Solano Trindade<\/strong>, espet\u00e1culo que est\u00e1 programado para o dia da abertura, nessa sexta-feira. O espet\u00e1culo esteve no <strong>Gomeia Galp\u00e3o Criativo<\/strong> no ano passado e foi incr\u00edvel a performance em cena e a resposta do p\u00fablico. A pe\u00e7a \u00e9 mais que uma pe\u00e7a apenas, \u00e9 uma experi\u00eancia de vida com objetivo claro de mobilizar as pessoas usando a arte. O grupo, <strong>Complexo Negra Palavra,<\/strong> \u00e9 uma sele\u00e7\u00e3o de pessoas incr\u00edveis. Veria de novo, sem d\u00favidas.<\/p>\n<p>E no dia 03, tem a montagem de <strong>Tribob\u00f3 City<\/strong>, formatura do curso de Inicia\u00e7\u00e3o Teatral que acontece no Teatro Armando Mello, coordenada pelo diretor<strong> Guedes Ferraz<\/strong>.<\/p>\n<p>O Festival tamb\u00e9m prev\u00ea oficinas e identifiquei uns nomes ali com trabalhos muito consistentes, incluindo O Passo, do Estev\u00e3o Ciavatta, viv\u00eancia corporal com um m\u00e9todo incr\u00edvel e de uma pot\u00eancia imensa. Recomendo muito.<\/p>\n<p>Ah, ainda tem isso: no dia 09\/12, no encerramento haver\u00e1 uma homenagem ao cineclube Mate Com Angu, muita honra pra gente \ud83d\ude42<\/p>\n<p>O Festival \u00e9 organizado pelo <strong>Centro de Pesquisas Teatrais, o CPT<\/strong>, grupo que esse ano completou trinta anos de estrada. N\u00e9 pouca coisa n\u00e3o\u2026<\/p>\n<p>Toda a programa\u00e7\u00e3o e o link para inscri\u00e7\u00e3o nas oficinas voc\u00ea pode acessar nesse endere\u00e7o: <a href=\"https:\/\/linktr.ee\/17festivalcptdc\" target=\"_blank\" rel=\"noopener\">https:\/\/linktr.ee\/17festivalcptdc<\/a> e pelo instagram \u00e9 s\u00f3 seguir @cpttudosobcontrole<\/p>\n","protected":false},"excerpt":{"rendered":"<p>\u00c9 muita alegria ver que vai come\u00e7ar a d\u00e9cima s\u00e9tima edi\u00e7\u00e3o do Festival Nacional de&#8230;<\/p>\n","protected":false},"author":2,"featured_media":11416,"comment_status":"open","ping_status":"closed","sticky":false,"template":"","format":"standard","meta":{"footnotes":""},"categories":[8,5,4],"tags":[12,263,1364,222,170],"class_list":["post-11413","post","type-post","status-publish","format-standard","has-post-thumbnail","hentry","category-evento","category-umaboa","category-opiniao","tag-baixada-fluminense","tag-cpt","tag-fenatec","tag-festival-de-teatro","tag-teatro"],"yoast_head":"<!-- This site is optimized with the Yoast SEO plugin v27.5 - https:\/\/yoast.com\/product\/yoast-seo-wordpress\/ -->\n<title>Chegou o 17\u00ba Festival Nacional de Teatro de Duque de Caxias - Lurdinha - Duque de Caxias para Est\u00f4magos Fortes<\/title>\n<meta name=\"robots\" content=\"index, follow, max-snippet:-1, max-image-preview:large, max-video-preview:-1\" \/>\n<link rel=\"canonical\" href=\"https:\/\/lurdinha.org\/site\/chegou-o-17o-festival-nacional-de-teatro-de-duque-de-caxias\/\" \/>\n<meta property=\"og:locale\" content=\"pt_BR\" \/>\n<meta property=\"og:type\" content=\"article\" \/>\n<meta property=\"og:title\" content=\"Chegou o 17\u00ba Festival Nacional de Teatro de Duque de Caxias - Lurdinha - Duque de Caxias para Est\u00f4magos Fortes\" \/>\n<meta property=\"og:description\" content=\"\u00c9 muita alegria ver que vai come\u00e7ar a d\u00e9cima s\u00e9tima edi\u00e7\u00e3o do Festival Nacional de...\" \/>\n<meta property=\"og:url\" content=\"https:\/\/lurdinha.org\/site\/chegou-o-17o-festival-nacional-de-teatro-de-duque-de-caxias\/\" \/>\n<meta property=\"og:site_name\" content=\"Lurdinha - Duque de Caxias para Est\u00f4magos Fortes\" \/>\n<meta property=\"article:publisher\" content=\"https:\/\/www.facebook.com\/LurdinhadeCaxias\" \/>\n<meta property=\"article:author\" content=\"botocudo\" \/>\n<meta property=\"article:published_time\" content=\"2023-11-22T19:36:41+00:00\" \/>\n<meta property=\"article:modified_time\" content=\"2023-11-24T21:38:44+00:00\" \/>\n<meta property=\"og:image\" content=\"https:\/\/lurdinha.org\/site\/wp-content\/uploads\/fenatec.jpg\" \/>\n\t<meta property=\"og:image:width\" content=\"449\" \/>\n\t<meta property=\"og:image:height\" content=\"600\" \/>\n\t<meta property=\"og:image:type\" content=\"image\/jpeg\" \/>\n<meta name=\"author\" content=\"heraldo hb\" \/>\n<meta name=\"twitter:card\" content=\"summary_large_image\" \/>\n<meta name=\"twitter:label1\" content=\"Escrito por\" \/>\n\t<meta name=\"twitter:data1\" content=\"heraldo hb\" \/>\n\t<meta name=\"twitter:label2\" content=\"Est. tempo de leitura\" \/>\n\t<meta name=\"twitter:data2\" content=\"4 minutos\" \/>\n<script type=\"application\/ld+json\" class=\"yoast-schema-graph\">{\"@context\":\"https:\\\/\\\/schema.org\",\"@graph\":[{\"@type\":\"Article\",\"@id\":\"https:\\\/\\\/lurdinha.org\\\/site\\\/chegou-o-17o-festival-nacional-de-teatro-de-duque-de-caxias\\\/#article\",\"isPartOf\":{\"@id\":\"https:\\\/\\\/lurdinha.org\\\/site\\\/chegou-o-17o-festival-nacional-de-teatro-de-duque-de-caxias\\\/\"},\"author\":{\"name\":\"heraldo hb\",\"@id\":\"https:\\\/\\\/lurdinha.org\\\/site\\\/#\\\/schema\\\/person\\\/b833bb6a7f82598bf0e95e4c30874251\"},\"headline\":\"Chegou o 17\u00ba Festival Nacional de Teatro de Duque de Caxias\",\"datePublished\":\"2023-11-22T19:36:41+00:00\",\"dateModified\":\"2023-11-24T21:38:44+00:00\",\"mainEntityOfPage\":{\"@id\":\"https:\\\/\\\/lurdinha.org\\\/site\\\/chegou-o-17o-festival-nacional-de-teatro-de-duque-de-caxias\\\/\"},\"wordCount\":724,\"commentCount\":0,\"publisher\":{\"@id\":\"https:\\\/\\\/lurdinha.org\\\/site\\\/#organization\"},\"image\":{\"@id\":\"https:\\\/\\\/lurdinha.org\\\/site\\\/chegou-o-17o-festival-nacional-de-teatro-de-duque-de-caxias\\\/#primaryimage\"},\"thumbnailUrl\":\"https:\\\/\\\/lurdinha.org\\\/site\\\/wp-content\\\/uploads\\\/fenatec.jpg\",\"keywords\":[\"baixada-fluminense\",\"cpt\",\"fenatec\",\"Festival de teatro\",\"teatro\"],\"articleSection\":[\"evento\",\"uma boa\",\"uma opini\u00e3o\"],\"inLanguage\":\"pt-BR\",\"potentialAction\":[{\"@type\":\"CommentAction\",\"name\":\"Comment\",\"target\":[\"https:\\\/\\\/lurdinha.org\\\/site\\\/chegou-o-17o-festival-nacional-de-teatro-de-duque-de-caxias\\\/#respond\"]}]},{\"@type\":\"WebPage\",\"@id\":\"https:\\\/\\\/lurdinha.org\\\/site\\\/chegou-o-17o-festival-nacional-de-teatro-de-duque-de-caxias\\\/\",\"url\":\"https:\\\/\\\/lurdinha.org\\\/site\\\/chegou-o-17o-festival-nacional-de-teatro-de-duque-de-caxias\\\/\",\"name\":\"Chegou o 17\u00ba Festival Nacional de Teatro de Duque de Caxias - Lurdinha - Duque de Caxias para Est\u00f4magos Fortes\",\"isPartOf\":{\"@id\":\"https:\\\/\\\/lurdinha.org\\\/site\\\/#website\"},\"primaryImageOfPage\":{\"@id\":\"https:\\\/\\\/lurdinha.org\\\/site\\\/chegou-o-17o-festival-nacional-de-teatro-de-duque-de-caxias\\\/#primaryimage\"},\"image\":{\"@id\":\"https:\\\/\\\/lurdinha.org\\\/site\\\/chegou-o-17o-festival-nacional-de-teatro-de-duque-de-caxias\\\/#primaryimage\"},\"thumbnailUrl\":\"https:\\\/\\\/lurdinha.org\\\/site\\\/wp-content\\\/uploads\\\/fenatec.jpg\",\"datePublished\":\"2023-11-22T19:36:41+00:00\",\"dateModified\":\"2023-11-24T21:38:44+00:00\",\"breadcrumb\":{\"@id\":\"https:\\\/\\\/lurdinha.org\\\/site\\\/chegou-o-17o-festival-nacional-de-teatro-de-duque-de-caxias\\\/#breadcrumb\"},\"inLanguage\":\"pt-BR\",\"potentialAction\":[{\"@type\":\"ReadAction\",\"target\":[\"https:\\\/\\\/lurdinha.org\\\/site\\\/chegou-o-17o-festival-nacional-de-teatro-de-duque-de-caxias\\\/\"]}]},{\"@type\":\"ImageObject\",\"inLanguage\":\"pt-BR\",\"@id\":\"https:\\\/\\\/lurdinha.org\\\/site\\\/chegou-o-17o-festival-nacional-de-teatro-de-duque-de-caxias\\\/#primaryimage\",\"url\":\"https:\\\/\\\/lurdinha.org\\\/site\\\/wp-content\\\/uploads\\\/fenatec.jpg\",\"contentUrl\":\"https:\\\/\\\/lurdinha.org\\\/site\\\/wp-content\\\/uploads\\\/fenatec.jpg\",\"width\":449,\"height\":600,\"caption\":\"Festival Nacional de Teatro de Duque de Caxias\"},{\"@type\":\"BreadcrumbList\",\"@id\":\"https:\\\/\\\/lurdinha.org\\\/site\\\/chegou-o-17o-festival-nacional-de-teatro-de-duque-de-caxias\\\/#breadcrumb\",\"itemListElement\":[{\"@type\":\"ListItem\",\"position\":1,\"name\":\"In\u00edcio\",\"item\":\"https:\\\/\\\/lurdinha.org\\\/site\\\/\"},{\"@type\":\"ListItem\",\"position\":2,\"name\":\"Chegou o 17\u00ba Festival Nacional de Teatro de Duque de Caxias\"}]},{\"@type\":\"WebSite\",\"@id\":\"https:\\\/\\\/lurdinha.org\\\/site\\\/#website\",\"url\":\"https:\\\/\\\/lurdinha.org\\\/site\\\/\",\"name\":\"Lurdinha - Duque de Caxias para Est\u00f4magos Fortes\",\"description\":\"Site sobre Arte, Cultura, Pol\u00edtica, Sociedade e curiosidades da cidade de Duque de Caxias, RJ\",\"publisher\":{\"@id\":\"https:\\\/\\\/lurdinha.org\\\/site\\\/#organization\"},\"alternateName\":\"Lurdinha\",\"potentialAction\":[{\"@type\":\"SearchAction\",\"target\":{\"@type\":\"EntryPoint\",\"urlTemplate\":\"https:\\\/\\\/lurdinha.org\\\/site\\\/?s={search_term_string}\"},\"query-input\":{\"@type\":\"PropertyValueSpecification\",\"valueRequired\":true,\"valueName\":\"search_term_string\"}}],\"inLanguage\":\"pt-BR\"},{\"@type\":\"Organization\",\"@id\":\"https:\\\/\\\/lurdinha.org\\\/site\\\/#organization\",\"name\":\"Lurdinha de Caxias\",\"url\":\"https:\\\/\\\/lurdinha.org\\\/site\\\/\",\"logo\":{\"@type\":\"ImageObject\",\"inLanguage\":\"pt-BR\",\"@id\":\"https:\\\/\\\/lurdinha.org\\\/site\\\/#\\\/schema\\\/logo\\\/image\\\/\",\"url\":\"https:\\\/\\\/lurdinha.org\\\/site\\\/wp-content\\\/uploads\\\/logo-lurdinha.jpg\",\"contentUrl\":\"https:\\\/\\\/lurdinha.org\\\/site\\\/wp-content\\\/uploads\\\/logo-lurdinha.jpg\",\"width\":640,\"height\":60,\"caption\":\"Lurdinha de Caxias\"},\"image\":{\"@id\":\"https:\\\/\\\/lurdinha.org\\\/site\\\/#\\\/schema\\\/logo\\\/image\\\/\"},\"sameAs\":[\"https:\\\/\\\/www.facebook.com\\\/LurdinhadeCaxias\",\"https:\\\/\\\/www.instagram.com\\\/lurdinhadecaxias\"]},{\"@type\":\"Person\",\"@id\":\"https:\\\/\\\/lurdinha.org\\\/site\\\/#\\\/schema\\\/person\\\/b833bb6a7f82598bf0e95e4c30874251\",\"name\":\"heraldo hb\",\"image\":{\"@type\":\"ImageObject\",\"inLanguage\":\"pt-BR\",\"@id\":\"https:\\\/\\\/secure.gravatar.com\\\/avatar\\\/5de9fe99c72cb6885bbdaa24b1c5738b0f673d265de18720fae7463d5f47b48d?s=96&d=mm&r=g\",\"url\":\"https:\\\/\\\/secure.gravatar.com\\\/avatar\\\/5de9fe99c72cb6885bbdaa24b1c5738b0f673d265de18720fae7463d5f47b48d?s=96&d=mm&r=g\",\"contentUrl\":\"https:\\\/\\\/secure.gravatar.com\\\/avatar\\\/5de9fe99c72cb6885bbdaa24b1c5738b0f673d265de18720fae7463d5f47b48d?s=96&d=mm&r=g\",\"caption\":\"heraldo hb\"},\"description\":\"Cineasta, animador cultural, escritor e educador nascido no s\u00e9culo XX\",\"sameAs\":[\"http:\\\/\\\/wwww.relinkare.org\",\"botocudo\",\"heraldohb\",\"relinkare\"],\"url\":\"https:\\\/\\\/lurdinha.org\\\/site\\\/author\\\/heraldohb\\\/\"}]}<\/script>\n<!-- \/ Yoast SEO plugin. -->","yoast_head_json":{"title":"Chegou o 17\u00ba Festival Nacional de Teatro de Duque de Caxias - Lurdinha - Duque de Caxias para Est\u00f4magos Fortes","robots":{"index":"index","follow":"follow","max-snippet":"max-snippet:-1","max-image-preview":"max-image-preview:large","max-video-preview":"max-video-preview:-1"},"canonical":"https:\/\/lurdinha.org\/site\/chegou-o-17o-festival-nacional-de-teatro-de-duque-de-caxias\/","og_locale":"pt_BR","og_type":"article","og_title":"Chegou o 17\u00ba Festival Nacional de Teatro de Duque de Caxias - Lurdinha - Duque de Caxias para Est\u00f4magos Fortes","og_description":"\u00c9 muita alegria ver que vai come\u00e7ar a d\u00e9cima s\u00e9tima edi\u00e7\u00e3o do Festival Nacional de...","og_url":"https:\/\/lurdinha.org\/site\/chegou-o-17o-festival-nacional-de-teatro-de-duque-de-caxias\/","og_site_name":"Lurdinha - Duque de Caxias para Est\u00f4magos Fortes","article_publisher":"https:\/\/www.facebook.com\/LurdinhadeCaxias","article_author":"botocudo","article_published_time":"2023-11-22T19:36:41+00:00","article_modified_time":"2023-11-24T21:38:44+00:00","og_image":[{"width":449,"height":600,"url":"https:\/\/lurdinha.org\/site\/wp-content\/uploads\/fenatec.jpg","type":"image\/jpeg"}],"author":"heraldo hb","twitter_card":"summary_large_image","twitter_misc":{"Escrito por":"heraldo hb","Est. tempo de leitura":"4 minutos"},"schema":{"@context":"https:\/\/schema.org","@graph":[{"@type":"Article","@id":"https:\/\/lurdinha.org\/site\/chegou-o-17o-festival-nacional-de-teatro-de-duque-de-caxias\/#article","isPartOf":{"@id":"https:\/\/lurdinha.org\/site\/chegou-o-17o-festival-nacional-de-teatro-de-duque-de-caxias\/"},"author":{"name":"heraldo hb","@id":"https:\/\/lurdinha.org\/site\/#\/schema\/person\/b833bb6a7f82598bf0e95e4c30874251"},"headline":"Chegou o 17\u00ba Festival Nacional de Teatro de Duque de Caxias","datePublished":"2023-11-22T19:36:41+00:00","dateModified":"2023-11-24T21:38:44+00:00","mainEntityOfPage":{"@id":"https:\/\/lurdinha.org\/site\/chegou-o-17o-festival-nacional-de-teatro-de-duque-de-caxias\/"},"wordCount":724,"commentCount":0,"publisher":{"@id":"https:\/\/lurdinha.org\/site\/#organization"},"image":{"@id":"https:\/\/lurdinha.org\/site\/chegou-o-17o-festival-nacional-de-teatro-de-duque-de-caxias\/#primaryimage"},"thumbnailUrl":"https:\/\/lurdinha.org\/site\/wp-content\/uploads\/fenatec.jpg","keywords":["baixada-fluminense","cpt","fenatec","Festival de teatro","teatro"],"articleSection":["evento","uma boa","uma opini\u00e3o"],"inLanguage":"pt-BR","potentialAction":[{"@type":"CommentAction","name":"Comment","target":["https:\/\/lurdinha.org\/site\/chegou-o-17o-festival-nacional-de-teatro-de-duque-de-caxias\/#respond"]}]},{"@type":"WebPage","@id":"https:\/\/lurdinha.org\/site\/chegou-o-17o-festival-nacional-de-teatro-de-duque-de-caxias\/","url":"https:\/\/lurdinha.org\/site\/chegou-o-17o-festival-nacional-de-teatro-de-duque-de-caxias\/","name":"Chegou o 17\u00ba Festival Nacional de Teatro de Duque de Caxias - Lurdinha - Duque de Caxias para Est\u00f4magos Fortes","isPartOf":{"@id":"https:\/\/lurdinha.org\/site\/#website"},"primaryImageOfPage":{"@id":"https:\/\/lurdinha.org\/site\/chegou-o-17o-festival-nacional-de-teatro-de-duque-de-caxias\/#primaryimage"},"image":{"@id":"https:\/\/lurdinha.org\/site\/chegou-o-17o-festival-nacional-de-teatro-de-duque-de-caxias\/#primaryimage"},"thumbnailUrl":"https:\/\/lurdinha.org\/site\/wp-content\/uploads\/fenatec.jpg","datePublished":"2023-11-22T19:36:41+00:00","dateModified":"2023-11-24T21:38:44+00:00","breadcrumb":{"@id":"https:\/\/lurdinha.org\/site\/chegou-o-17o-festival-nacional-de-teatro-de-duque-de-caxias\/#breadcrumb"},"inLanguage":"pt-BR","potentialAction":[{"@type":"ReadAction","target":["https:\/\/lurdinha.org\/site\/chegou-o-17o-festival-nacional-de-teatro-de-duque-de-caxias\/"]}]},{"@type":"ImageObject","inLanguage":"pt-BR","@id":"https:\/\/lurdinha.org\/site\/chegou-o-17o-festival-nacional-de-teatro-de-duque-de-caxias\/#primaryimage","url":"https:\/\/lurdinha.org\/site\/wp-content\/uploads\/fenatec.jpg","contentUrl":"https:\/\/lurdinha.org\/site\/wp-content\/uploads\/fenatec.jpg","width":449,"height":600,"caption":"Festival Nacional de Teatro de Duque de Caxias"},{"@type":"BreadcrumbList","@id":"https:\/\/lurdinha.org\/site\/chegou-o-17o-festival-nacional-de-teatro-de-duque-de-caxias\/#breadcrumb","itemListElement":[{"@type":"ListItem","position":1,"name":"In\u00edcio","item":"https:\/\/lurdinha.org\/site\/"},{"@type":"ListItem","position":2,"name":"Chegou o 17\u00ba Festival Nacional de Teatro de Duque de Caxias"}]},{"@type":"WebSite","@id":"https:\/\/lurdinha.org\/site\/#website","url":"https:\/\/lurdinha.org\/site\/","name":"Lurdinha - Duque de Caxias para Est\u00f4magos Fortes","description":"Site sobre Arte, Cultura, Pol\u00edtica, Sociedade e curiosidades da cidade de Duque de Caxias, RJ","publisher":{"@id":"https:\/\/lurdinha.org\/site\/#organization"},"alternateName":"Lurdinha","potentialAction":[{"@type":"SearchAction","target":{"@type":"EntryPoint","urlTemplate":"https:\/\/lurdinha.org\/site\/?s={search_term_string}"},"query-input":{"@type":"PropertyValueSpecification","valueRequired":true,"valueName":"search_term_string"}}],"inLanguage":"pt-BR"},{"@type":"Organization","@id":"https:\/\/lurdinha.org\/site\/#organization","name":"Lurdinha de Caxias","url":"https:\/\/lurdinha.org\/site\/","logo":{"@type":"ImageObject","inLanguage":"pt-BR","@id":"https:\/\/lurdinha.org\/site\/#\/schema\/logo\/image\/","url":"https:\/\/lurdinha.org\/site\/wp-content\/uploads\/logo-lurdinha.jpg","contentUrl":"https:\/\/lurdinha.org\/site\/wp-content\/uploads\/logo-lurdinha.jpg","width":640,"height":60,"caption":"Lurdinha de Caxias"},"image":{"@id":"https:\/\/lurdinha.org\/site\/#\/schema\/logo\/image\/"},"sameAs":["https:\/\/www.facebook.com\/LurdinhadeCaxias","https:\/\/www.instagram.com\/lurdinhadecaxias"]},{"@type":"Person","@id":"https:\/\/lurdinha.org\/site\/#\/schema\/person\/b833bb6a7f82598bf0e95e4c30874251","name":"heraldo hb","image":{"@type":"ImageObject","inLanguage":"pt-BR","@id":"https:\/\/secure.gravatar.com\/avatar\/5de9fe99c72cb6885bbdaa24b1c5738b0f673d265de18720fae7463d5f47b48d?s=96&d=mm&r=g","url":"https:\/\/secure.gravatar.com\/avatar\/5de9fe99c72cb6885bbdaa24b1c5738b0f673d265de18720fae7463d5f47b48d?s=96&d=mm&r=g","contentUrl":"https:\/\/secure.gravatar.com\/avatar\/5de9fe99c72cb6885bbdaa24b1c5738b0f673d265de18720fae7463d5f47b48d?s=96&d=mm&r=g","caption":"heraldo hb"},"description":"Cineasta, animador cultural, escritor e educador nascido no s\u00e9culo XX","sameAs":["http:\/\/wwww.relinkare.org","botocudo","heraldohb","relinkare"],"url":"https:\/\/lurdinha.org\/site\/author\/heraldohb\/"}]}},"views":1988,"_links":{"self":[{"href":"https:\/\/lurdinha.org\/site\/wp-json\/wp\/v2\/posts\/11413","targetHints":{"allow":["GET"]}}],"collection":[{"href":"https:\/\/lurdinha.org\/site\/wp-json\/wp\/v2\/posts"}],"about":[{"href":"https:\/\/lurdinha.org\/site\/wp-json\/wp\/v2\/types\/post"}],"author":[{"embeddable":true,"href":"https:\/\/lurdinha.org\/site\/wp-json\/wp\/v2\/users\/2"}],"replies":[{"embeddable":true,"href":"https:\/\/lurdinha.org\/site\/wp-json\/wp\/v2\/comments?post=11413"}],"version-history":[{"count":6,"href":"https:\/\/lurdinha.org\/site\/wp-json\/wp\/v2\/posts\/11413\/revisions"}],"predecessor-version":[{"id":11420,"href":"https:\/\/lurdinha.org\/site\/wp-json\/wp\/v2\/posts\/11413\/revisions\/11420"}],"wp:featuredmedia":[{"embeddable":true,"href":"https:\/\/lurdinha.org\/site\/wp-json\/wp\/v2\/media\/11416"}],"wp:attachment":[{"href":"https:\/\/lurdinha.org\/site\/wp-json\/wp\/v2\/media?parent=11413"}],"wp:term":[{"taxonomy":"category","embeddable":true,"href":"https:\/\/lurdinha.org\/site\/wp-json\/wp\/v2\/categories?post=11413"},{"taxonomy":"post_tag","embeddable":true,"href":"https:\/\/lurdinha.org\/site\/wp-json\/wp\/v2\/tags?post=11413"}],"curies":[{"name":"wp","href":"https:\/\/api.w.org\/{rel}","templated":true}]}}