{"id":11295,"date":"2023-06-13T18:18:08","date_gmt":"2023-06-13T18:18:08","guid":{"rendered":"https:\/\/lurdinha.org\/site\/?p=11295"},"modified":"2023-12-05T23:26:07","modified_gmt":"2023-12-05T23:26:07","slug":"roda-livre-de-caxias-completa-50-anos","status":"publish","type":"post","link":"https:\/\/lurdinha.org\/site\/roda-livre-de-caxias-completa-50-anos\/","title":{"rendered":"Roda Livre de Caxias completa 50 Anos"},"content":{"rendered":"<p>Neste 13 de junho de 2023, dia de Santo Ant\u00f4nio, padroeiro de Caxias, tamb\u00e9m dia de Exu, \u00e9 justo hoje em que se comemora o anivers\u00e1rio de cinquenta anos da <strong>Roda Livre de Caxias,<\/strong> uma das rodas de Capoeira mais famosas e respeitadas do mundo. De vez em quando falo isso em p\u00fablico e \u00e9 engra\u00e7ado que sempre aparece um baiano que se morde e protesta, mas isso \u00e9 verdade mesmo e \u00e9 f\u00e1cil de entender. Mas, primeiro o in\u00edcio.<\/p>\n<p>Ainda n\u00e3o imaginavam o que viria ser a roda no futuro, e essa nem tinha a palavra livre no nome ainda, mas pense nuns moleques que treinavam nas primeiras academias de Capoeira de Caxias, dos pioneiros da cidade, <strong>Mestre Barbosa<\/strong> e <strong>Mestre Josias<\/strong>. Em pleno auge da ditadura militar essa galerinha resolve fazer Capoeira na rua, sem a rigidez da capoeiragem de academia e seus regramentos, o que era um sacril\u00e9gio para os mestres pioneiros e um perigo de ser enquadrado pela pol\u00edcia do momento.<\/p>\n<p>E essa primeira roda foi exatamente no dia 13 de junho de 1973 durante a tradicional Festa da Igreja de Santo Ant\u00f4nio, no p\u00e1tio da igreja. Faziam parte desse grupo inicial os hoje Mestres <strong>Russo<\/strong> e <strong>Peixe<\/strong>.<\/p>\n<p>A hist\u00f3ria \u00e9 longa, cheia de detalhes incr\u00edveis, e tem como conhec\u00ea-la atrav\u00e9s de textos e depoimentos, mas n\u00e3o \u00e9 miss\u00e3o desse texto aqui hoje.<\/p>\n<p>Depois dessa primeira roda libert\u00e1ria, meio an\u00e1rquica, a Pra\u00e7a do Pacificador, no centro da cidade, passou a ser seu palco regular.<\/p>\n<p>E \u00e9 preciso falar do <strong>Mestre Russo<\/strong>, primeira grande figura pra louvar no dia de hoje\u2026 Um cara incompreendido, em suas palavras, Russo segurou durante anos a onda de liderar a Roda, o que lhe valeu a alcunha de Zelador. Al\u00e9m de capoeirista, pensador sobre Capoeira, Cultura e Filosofia de vida, Mestre Russo escreveu um livro muito instigante, \u201c<em>Capoeiragem \u2013 Express\u00f5es da Roda Livre<\/em>\u201d, misto de autobiografia e hist\u00f3ria da Roda. Tamb\u00e9m foi personagem do document\u00e1rio <em>O Zelador<\/em>, dirigido por um aluno ingl\u00eas, Daren Bartlett, filme que infelizmente ainda \u00e9 de dif\u00edcil acesso.<\/p>\n<p>O cara j\u00e1 viajou pelo mundo inteiro e \u00e9 conceituado em v\u00e1rios pa\u00edses, uma das coisas respons\u00e1veis pela fama da Roda no exterior. E da Roda Livre, v\u00e1rios mestres que passaram por ela acabaram levando a semente da Capoeira para diversos lugares do mundo. <strong>Mestre Rog\u00e9rio<\/strong>, por exemplo, se radicou na Alemanha e mant\u00e9m um trabalho s\u00f3lido por l\u00e1; <strong>Mestre Pedrinho<\/strong>, primeiro na Argentina e depois na Fran\u00e7a; e <strong>Mestre<\/strong> <strong>Cobra Mansa<\/strong>, nos Estados Unidos, criando l\u00e1 a sede da <strong><a href=\"http:\/\/ficamundo.org\/\" target=\"_blank\" rel=\"noopener\">Fica \u2013 Funda\u00e7\u00e3o\u00a0Internacional de Capoeira Angola<\/a><\/strong>. Fora que todo ano v\u00e1rios mestres s\u00e3o convidados a excursionarem no estrangeiro. Caxias \u00e9 um potente p\u00f3lo exportador de Capoeira para o mundo. Quando estive na Fran\u00e7a encontrei v\u00e1rios capoeiristas l\u00e1 e quando dizia que era de Caxias, a defer\u00eancia era total.<\/p>\n<p>Para quem acha que Capoeira \u00e9 algo menor, apenas um detalhe, um \u201cfolclore\u201d, at\u00e9 n\u00e3o faz muito sentido celebrar uma data como essa. Mas pra quem sabe que a Capoeira \u00e9 uma das bases da Cultura do pa\u00eds e \u00e9 um fundamento muito enraizado, e pra quem sabe que na Baixada mora uma for\u00e7a ancestral linda\u00e7a, hoje \u00e9 dia de dedicar uma prece e um brinde a essa hist\u00f3ria t\u00e3o rica e t\u00e3o ilustrativa para as lutas do povo brasileiro.<\/p>\n<p><strong>\u00bb\u00bb<\/strong> Pra quem quiser conhecer detalhes e sacadas muito legais sobre a Roda de Caxias recomendo a disserta\u00e7\u00e3o da pesquisadora <strong>Adriana Batalha<\/strong>. Ali\u00e1s, logo no come\u00e7o do trabalho \u00e9 muito maneiro ela comentando que como caxiense foi ouvir falar da Roda fora daqui, processo bastante comum em rela\u00e7\u00e3o aos ativos culturais da cidade. <a href=\"https:\/\/lurdinha.org\/site\/wp-content\/uploads\/RODA_DO_MUNDO_QUE_RODA_A_CONTEMPORANEIDA.pdf\" target=\"_blank\" rel=\"noopener\"><strong>Baixe aqui<\/strong><\/a>.<\/p>\n<p><strong>\u00bb\u00bb<\/strong> Nos \u00faltimos anos, a zeladoria da Roda tem sido puxada pelo <strong>GUCA, Grupo Unificar de Capoeira Angola<\/strong>, dos <strong>Mestres Peixe e Graffit<\/strong>, que tem sede no <strong>Gomeia Galp\u00e3o Criativo<\/strong>, bem perto da pra\u00e7a.<\/p>\n<p>\u00bb\u00bb Falando de Capoeira em Caxias \u00e9 preciso tamb\u00e9m registrar que ela \u00e9 uma \u00e1rvore muito caudalosa e na cidade h\u00e1 outras vertentes que s\u00e3o bastante enraizadas tamb\u00e9m, como as tradi\u00e7\u00f5es que vieram de Mestres imprescind\u00edveis como <strong>Mestre Geg\u00ea, Mestre Raimundo e Mestre Levi<\/strong>. Vertentes que tem constru\u00eddo a\u00e7\u00f5es tamb\u00e9m incr\u00edveis, como o <strong>Museu Vivo da Capoeira,<\/strong> baseado principalmente nos segundo e terceiro distritos da cidade. (Ali\u00e1s, <strong>Mestre Geg\u00ea, <\/strong>do Grupo Maragogipe, \u00e9 considerado um dos cem principais mestres de capoeira do mundo e um pesquisador dos mais conceituados na arte, al\u00e9m de historiador, instrumentista e compositor).<\/p>\n<p>\u00bb\u00bb Em 2016, o decreto municipal 6736, de de 27 de dezembro, elevou a Roda Livre de Caxias como Patrim\u00f4nio Imaterial, um dos primeiros registros do Livro de Tombo da cidade.<\/p>\n<p>\u00bb\u00bb Uma dica de ouro pra se deleitar com esse universo da Capoeira e com esse acento na Roda Livre \u00e9 conhecer o trabalho da fot\u00f3grafa <a href=\"https:\/\/capoeirahistory.com\/pt-br\/geral\/a-roda-de-caxias-nas-fotos-de-maria-buzanowski\/\" target=\"_blank\" rel=\"noopener\"><strong>Maria Buzanovski<\/strong><\/a>. Recomendo muito.<\/p>\n<p>\u00bb\u00bb Nos dias 31 de agosto e 01, 02, 03 de setembro, vai rolar um megaevento de comemora\u00e7\u00e3o aos cinquenta anos, com v\u00e1rias atra\u00e7\u00f5es (semin\u00e1rios, palestras, rodas, oficinas, exposi\u00e7\u00f5es, shows, festas), organizadas pelo Grupo Unificar no Gomeia Galp\u00e3o Criativo. Para levantar custos est\u00e1 rolando uma campanha de financiamento coletivo e qualquer quantia ser\u00e1 muito benvinda, al\u00e9m de hospedagem solid\u00e1ria e trabalho volunt\u00e1rio. S\u00f3 entrar em contato pelo perfil @rodadecaxias<\/p>\n<p>\u00bb\u00bb Em 2002, <strong>Paula Galv\u00e3o<\/strong> e minha amiga <strong>Joana Galetti<\/strong> dirigiram um esse doc sobre a Roda, com edi\u00e7\u00e3o da pr\u00f3pria Joana e do <span class=\"yt-core-attributed-string yt-core-attributed-string--white-space-pre-wrap\" role=\"text\">Thiago Carvalho<\/span>. Circulou pouco mas vale muito a pena:<br \/>\n<iframe loading=\"lazy\" title=\"Roda Livre\" width=\"640\" height=\"480\" src=\"https:\/\/www.youtube.com\/embed\/vODtB38wfQE?feature=oembed\" frameborder=\"0\" allow=\"accelerometer; autoplay; clipboard-write; encrypted-media; gyroscope; picture-in-picture; web-share\" referrerpolicy=\"strict-origin-when-cross-origin\" allowfullscreen><\/iframe><\/p>\n<p>&nbsp;<\/p>\n<p>Aproveito pra mandar um salve pra meu <strong>Mestre Angolinha<\/strong> e pra todos e todas que levam essa miss\u00e3o com tanto amor e dedica\u00e7\u00e3o.<\/p>\n<p>E dindindin l\u00e1 vai viola.<\/p>\n<p><strong>[ heraldohb \u2013 pitacol\u00e2ndia \u2013 junho23 ]<\/strong><\/p>\n<p>&nbsp;<\/p>\n<figure id=\"attachment_11299\" aria-describedby=\"caption-attachment-11299\" style=\"width: 576px\" class=\"wp-caption alignnone\"><img loading=\"lazy\" decoding=\"async\" class=\"wp-image-11299 size-full\" src=\"https:\/\/lurdinha.org\/site\/wp-content\/uploads\/RodaLivredeCaxias_primeirafoto.jpg\" alt=\"Primeiro registro fotogr\u00e1fico da Roda Livre de Caxias.\" width=\"576\" height=\"442\" srcset=\"https:\/\/lurdinha.org\/site\/wp-content\/uploads\/RodaLivredeCaxias_primeirafoto.jpg 576w, https:\/\/lurdinha.org\/site\/wp-content\/uploads\/RodaLivredeCaxias_primeirafoto-300x230.jpg 300w\" sizes=\"auto, (max-width: 576px) 100vw, 576px\" \/><figcaption id=\"caption-attachment-11299\" class=\"wp-caption-text\">Primeiro registro fotogr\u00e1fico da Roda de Caxias. Autoria desconhecida<\/figcaption><\/figure>\n<figure id=\"attachment_11300\" aria-describedby=\"caption-attachment-11300\" style=\"width: 462px\" class=\"wp-caption alignnone\"><img loading=\"lazy\" decoding=\"async\" class=\"wp-image-11300 size-full\" src=\"https:\/\/lurdinha.org\/site\/wp-content\/uploads\/rodalivredeCaxias-patrimonioimaterial.jpg\" alt=\"Decreto de tombamento da Roda Livre de Caxias como Patrim\u00f4nio Imaterial\" width=\"462\" height=\"640\" srcset=\"https:\/\/lurdinha.org\/site\/wp-content\/uploads\/rodalivredeCaxias-patrimonioimaterial.jpg 462w, https:\/\/lurdinha.org\/site\/wp-content\/uploads\/rodalivredeCaxias-patrimonioimaterial-217x300.jpg 217w\" sizes=\"auto, (max-width: 462px) 100vw, 462px\" \/><figcaption id=\"caption-attachment-11300\" class=\"wp-caption-text\">Decreto de tombamento da Roda Livre de Caxias como Patrim\u00f4nio Imaterial<\/figcaption><\/figure>\n<figure style=\"width: 700px\" class=\"wp-caption alignnone\"><img loading=\"lazy\" decoding=\"async\" src=\"http:\/\/relinkare.org\/site\/wp-content\/uploads\/2016\/11\/Mestre-Russo.jpg\" alt=\"Mestre Russo, Roda Livre de Caxias\" width=\"700\" height=\"1084\" \/><figcaption class=\"wp-caption-text\">Mestre Russo. Foto: autoria n\u00e3o encontrada<\/figcaption><\/figure>\n<figure style=\"width: 610px\" class=\"wp-caption alignnone\"><img loading=\"lazy\" decoding=\"async\" src=\"https:\/\/lurdinha.org\/site\/wp-content\/uploads\/mestre-peixe-de-caxias-610x611.jpg\" alt=\"\" width=\"610\" height=\"611\" \/><figcaption class=\"wp-caption-text\">Mestre Peixe. Foto: acervo GUCA<\/figcaption><\/figure>\n<figure style=\"width: 1367px\" class=\"wp-caption alignnone\"><img loading=\"lazy\" decoding=\"async\" src=\"https:\/\/lurdinha.org\/site\/wp-content\/uploads\/mestre-pedrinho.jpg\" alt=\"Mestre Pedrinho de Caxias\" width=\"1367\" height=\"2048\" \/><figcaption class=\"wp-caption-text\">Mestre Pedrinho Foto: autoria n\u00e3o identificada<\/figcaption><\/figure>\n<figure style=\"width: 700px\" class=\"wp-caption alignnone\"><img loading=\"lazy\" decoding=\"async\" src=\"http:\/\/relinkare.org\/site\/wp-content\/uploads\/2016\/11\/Mestre-Rogerio.jpg\" alt=\"Mestre Rog\u00e9rio \u2013 Associa\u00e7\u00e3o de Capoeira Angola Dobrada\" width=\"700\" height=\"823\" \/><figcaption class=\"wp-caption-text\">Mestre Rog\u00e9rio \u2013 Associa\u00e7\u00e3o de Capoeira Angola Dobrada Foto: autoria n\u00e3o encontrada<\/figcaption><\/figure>\n<figure style=\"width: 700px\" class=\"wp-caption alignnone\"><img loading=\"lazy\" decoding=\"async\" class=\"size-full\" src=\"http:\/\/relinkare.org\/site\/wp-content\/uploads\/2016\/11\/mestre-Angolinha.jpg\" width=\"700\" height=\"525\" \/><figcaption class=\"wp-caption-text\">Mestre Angolinha. Foto: acervo GCANG<\/figcaption><\/figure>\n<figure style=\"width: 700px\" class=\"wp-caption alignnone\"><img loading=\"lazy\" decoding=\"async\" src=\"http:\/\/relinkare.org\/site\/wp-content\/uploads\/2016\/11\/mestre-cobra-mansa-1.jpg\" alt=\"\" width=\"700\" height=\"700\" \/><figcaption class=\"wp-caption-text\">Mestre Cobra Mansa. Foto:<\/figcaption><\/figure>\n<figure id=\"attachment_11307\" aria-describedby=\"caption-attachment-11307\" style=\"width: 960px\" class=\"wp-caption alignnone\"><img loading=\"lazy\" decoding=\"async\" class=\"wp-image-11307 size-full\" src=\"https:\/\/lurdinha.org\/site\/wp-content\/uploads\/rodalivredeCaxias_foto-Maria-Buzanovski.jpg\" alt=\"Na Roda Livre de Caxias. Foto: Maria Buzanovski\" width=\"960\" height=\"640\" srcset=\"https:\/\/lurdinha.org\/site\/wp-content\/uploads\/rodalivredeCaxias_foto-Maria-Buzanovski.jpg 960w, https:\/\/lurdinha.org\/site\/wp-content\/uploads\/rodalivredeCaxias_foto-Maria-Buzanovski-300x200.jpg 300w, https:\/\/lurdinha.org\/site\/wp-content\/uploads\/rodalivredeCaxias_foto-Maria-Buzanovski-610x407.jpg 610w, https:\/\/lurdinha.org\/site\/wp-content\/uploads\/rodalivredeCaxias_foto-Maria-Buzanovski-768x512.jpg 768w\" sizes=\"auto, (max-width: 960px) 100vw, 960px\" \/><figcaption id=\"caption-attachment-11307\" class=\"wp-caption-text\">Na Roda Livre de Caxias, Mestre Russo e Mestre Peixe. Foto: Maria Buzanovski<\/figcaption><\/figure>\n<figure id=\"attachment_11305\" aria-describedby=\"caption-attachment-11305\" style=\"width: 2048px\" class=\"wp-caption alignnone\"><img loading=\"lazy\" decoding=\"async\" class=\"wp-image-11305 size-full\" src=\"https:\/\/lurdinha.org\/site\/wp-content\/uploads\/guca.jpg\" alt=\"GUCA, Grupo de Capoeira Angola Unificar.\" width=\"2048\" height=\"1536\" srcset=\"https:\/\/lurdinha.org\/site\/wp-content\/uploads\/guca.jpg 2048w, https:\/\/lurdinha.org\/site\/wp-content\/uploads\/guca-300x225.jpg 300w, https:\/\/lurdinha.org\/site\/wp-content\/uploads\/guca-610x458.jpg 610w, https:\/\/lurdinha.org\/site\/wp-content\/uploads\/guca-768x576.jpg 768w, https:\/\/lurdinha.org\/site\/wp-content\/uploads\/guca-1536x1152.jpg 1536w, https:\/\/lurdinha.org\/site\/wp-content\/uploads\/guca-1024x768.jpg 1024w\" sizes=\"auto, (max-width: 2048px) 100vw, 2048px\" \/><figcaption id=\"caption-attachment-11305\" class=\"wp-caption-text\">GUCA, Grupo de Capoeira Angola Unificar. Acervo GUCA<\/figcaption><\/figure>\n<figure id=\"attachment_11312\" aria-describedby=\"caption-attachment-11312\" style=\"width: 901px\" class=\"wp-caption alignnone\"><img loading=\"lazy\" decoding=\"async\" class=\"wp-image-11312 size-full\" src=\"https:\/\/lurdinha.org\/site\/wp-content\/uploads\/filme_O-Zelador.jpeg\" alt=\"DVD do filme O Zelador, com Mestre Russo\" width=\"901\" height=\"1600\" srcset=\"https:\/\/lurdinha.org\/site\/wp-content\/uploads\/filme_O-Zelador.jpeg 901w, https:\/\/lurdinha.org\/site\/wp-content\/uploads\/filme_O-Zelador-169x300.jpeg 169w, https:\/\/lurdinha.org\/site\/wp-content\/uploads\/filme_O-Zelador-577x1024.jpeg 577w, https:\/\/lurdinha.org\/site\/wp-content\/uploads\/filme_O-Zelador-768x1364.jpeg 768w, https:\/\/lurdinha.org\/site\/wp-content\/uploads\/filme_O-Zelador-865x1536.jpeg 865w\" sizes=\"auto, (max-width: 901px) 100vw, 901px\" \/><figcaption id=\"caption-attachment-11312\" class=\"wp-caption-text\">DVD do filme O Zelador, com Mestre Russo<\/figcaption><\/figure>\n<figure style=\"width: 700px\" class=\"wp-caption alignnone\"><img loading=\"lazy\" decoding=\"async\" src=\"http:\/\/relinkare.org\/site\/wp-content\/uploads\/2016\/11\/mestre-barbosa.jpg\" alt=\"Mestre Barbosa, pioneira da Capoeira em Caxias\" width=\"700\" height=\"525\" \/><figcaption class=\"wp-caption-text\">Com Mestre Barbosa, pioneira da Capoeira em Caxias, no antigo Bar Elite. Foto de junho de 2009. Acervo pessoal.<\/figcaption><\/figure>\n<p>&nbsp;<\/p>\n<p>&nbsp;<\/p>\n","protected":false},"excerpt":{"rendered":"<p>Neste 13 de junho de 2023, dia de Santo Ant\u00f4nio, padroeiro de Caxias, tamb\u00e9m dia&#8230;<\/p>\n","protected":false},"author":2,"featured_media":11299,"comment_status":"open","ping_status":"closed","sticky":false,"template":"","format":"standard","meta":{"footnotes":""},"categories":[8,14,9,208,5,4],"tags":[12,1207,11,1352,566,565],"class_list":["post-11295","post","type-post","status-publish","format-standard","has-post-thumbnail","hentry","category-evento","category-gente","category-historia","category-picotes","category-umaboa","category-opiniao","tag-baixada-fluminense","tag-capoeira-de-caxias","tag-duque-de-caxias","tag-guca","tag-mestre-russo","tag-roda-livre-de-caxias"],"yoast_head":"<!-- This site is optimized with the Yoast SEO plugin v27.5 - https:\/\/yoast.com\/product\/yoast-seo-wordpress\/ -->\n<title>Roda Livre de Caxias completa 50 Anos - Lurdinha - Duque de Caxias para Est\u00f4magos Fortes<\/title>\n<meta name=\"robots\" content=\"index, follow, max-snippet:-1, max-image-preview:large, max-video-preview:-1\" \/>\n<link rel=\"canonical\" href=\"https:\/\/lurdinha.org\/site\/roda-livre-de-caxias-completa-50-anos\/\" \/>\n<meta property=\"og:locale\" content=\"pt_BR\" \/>\n<meta property=\"og:type\" content=\"article\" \/>\n<meta property=\"og:title\" content=\"Roda Livre de Caxias completa 50 Anos - Lurdinha - Duque de Caxias para Est\u00f4magos Fortes\" \/>\n<meta property=\"og:description\" content=\"Neste 13 de junho de 2023, dia de Santo Ant\u00f4nio, padroeiro de Caxias, tamb\u00e9m dia...\" \/>\n<meta property=\"og:url\" content=\"https:\/\/lurdinha.org\/site\/roda-livre-de-caxias-completa-50-anos\/\" \/>\n<meta property=\"og:site_name\" content=\"Lurdinha - Duque de Caxias para Est\u00f4magos Fortes\" \/>\n<meta property=\"article:publisher\" content=\"https:\/\/www.facebook.com\/LurdinhadeCaxias\" \/>\n<meta property=\"article:author\" content=\"botocudo\" \/>\n<meta property=\"article:published_time\" content=\"2023-06-13T18:18:08+00:00\" \/>\n<meta property=\"article:modified_time\" content=\"2023-12-05T23:26:07+00:00\" \/>\n<meta property=\"og:image\" content=\"https:\/\/lurdinha.org\/site\/wp-content\/uploads\/RodaLivredeCaxias_primeirafoto.jpg\" \/>\n\t<meta property=\"og:image:width\" content=\"576\" \/>\n\t<meta property=\"og:image:height\" content=\"442\" \/>\n\t<meta property=\"og:image:type\" content=\"image\/jpeg\" \/>\n<meta name=\"author\" content=\"heraldo hb\" \/>\n<meta name=\"twitter:card\" content=\"summary_large_image\" \/>\n<meta name=\"twitter:label1\" content=\"Escrito por\" \/>\n\t<meta name=\"twitter:data1\" content=\"heraldo hb\" \/>\n\t<meta name=\"twitter:label2\" content=\"Est. tempo de leitura\" \/>\n\t<meta name=\"twitter:data2\" content=\"6 minutos\" \/>\n<script type=\"application\/ld+json\" class=\"yoast-schema-graph\">{\"@context\":\"https:\\\/\\\/schema.org\",\"@graph\":[{\"@type\":\"Article\",\"@id\":\"https:\\\/\\\/lurdinha.org\\\/site\\\/roda-livre-de-caxias-completa-50-anos\\\/#article\",\"isPartOf\":{\"@id\":\"https:\\\/\\\/lurdinha.org\\\/site\\\/roda-livre-de-caxias-completa-50-anos\\\/\"},\"author\":{\"name\":\"heraldo hb\",\"@id\":\"https:\\\/\\\/lurdinha.org\\\/site\\\/#\\\/schema\\\/person\\\/b833bb6a7f82598bf0e95e4c30874251\"},\"headline\":\"Roda Livre de Caxias completa 50 Anos\",\"datePublished\":\"2023-06-13T18:18:08+00:00\",\"dateModified\":\"2023-12-05T23:26:07+00:00\",\"mainEntityOfPage\":{\"@id\":\"https:\\\/\\\/lurdinha.org\\\/site\\\/roda-livre-de-caxias-completa-50-anos\\\/\"},\"wordCount\":1180,\"commentCount\":0,\"publisher\":{\"@id\":\"https:\\\/\\\/lurdinha.org\\\/site\\\/#organization\"},\"image\":{\"@id\":\"https:\\\/\\\/lurdinha.org\\\/site\\\/roda-livre-de-caxias-completa-50-anos\\\/#primaryimage\"},\"thumbnailUrl\":\"https:\\\/\\\/lurdinha.org\\\/site\\\/wp-content\\\/uploads\\\/RodaLivredeCaxias_primeirafoto.jpg\",\"keywords\":[\"baixada-fluminense\",\"capoeira de caxias\",\"duque-de-caxias\",\"guca\",\"mestre russo\",\"Roda Livre de Caxias\"],\"articleSection\":[\"evento\",\"gente\",\"hist\u00f3ria\",\"pitacol\u00e2ndia\",\"uma boa\",\"uma opini\u00e3o\"],\"inLanguage\":\"pt-BR\",\"potentialAction\":[{\"@type\":\"CommentAction\",\"name\":\"Comment\",\"target\":[\"https:\\\/\\\/lurdinha.org\\\/site\\\/roda-livre-de-caxias-completa-50-anos\\\/#respond\"]}]},{\"@type\":\"WebPage\",\"@id\":\"https:\\\/\\\/lurdinha.org\\\/site\\\/roda-livre-de-caxias-completa-50-anos\\\/\",\"url\":\"https:\\\/\\\/lurdinha.org\\\/site\\\/roda-livre-de-caxias-completa-50-anos\\\/\",\"name\":\"Roda Livre de Caxias completa 50 Anos - Lurdinha - Duque de Caxias para Est\u00f4magos Fortes\",\"isPartOf\":{\"@id\":\"https:\\\/\\\/lurdinha.org\\\/site\\\/#website\"},\"primaryImageOfPage\":{\"@id\":\"https:\\\/\\\/lurdinha.org\\\/site\\\/roda-livre-de-caxias-completa-50-anos\\\/#primaryimage\"},\"image\":{\"@id\":\"https:\\\/\\\/lurdinha.org\\\/site\\\/roda-livre-de-caxias-completa-50-anos\\\/#primaryimage\"},\"thumbnailUrl\":\"https:\\\/\\\/lurdinha.org\\\/site\\\/wp-content\\\/uploads\\\/RodaLivredeCaxias_primeirafoto.jpg\",\"datePublished\":\"2023-06-13T18:18:08+00:00\",\"dateModified\":\"2023-12-05T23:26:07+00:00\",\"breadcrumb\":{\"@id\":\"https:\\\/\\\/lurdinha.org\\\/site\\\/roda-livre-de-caxias-completa-50-anos\\\/#breadcrumb\"},\"inLanguage\":\"pt-BR\",\"potentialAction\":[{\"@type\":\"ReadAction\",\"target\":[\"https:\\\/\\\/lurdinha.org\\\/site\\\/roda-livre-de-caxias-completa-50-anos\\\/\"]}]},{\"@type\":\"ImageObject\",\"inLanguage\":\"pt-BR\",\"@id\":\"https:\\\/\\\/lurdinha.org\\\/site\\\/roda-livre-de-caxias-completa-50-anos\\\/#primaryimage\",\"url\":\"https:\\\/\\\/lurdinha.org\\\/site\\\/wp-content\\\/uploads\\\/RodaLivredeCaxias_primeirafoto.jpg\",\"contentUrl\":\"https:\\\/\\\/lurdinha.org\\\/site\\\/wp-content\\\/uploads\\\/RodaLivredeCaxias_primeirafoto.jpg\",\"width\":576,\"height\":442},{\"@type\":\"BreadcrumbList\",\"@id\":\"https:\\\/\\\/lurdinha.org\\\/site\\\/roda-livre-de-caxias-completa-50-anos\\\/#breadcrumb\",\"itemListElement\":[{\"@type\":\"ListItem\",\"position\":1,\"name\":\"In\u00edcio\",\"item\":\"https:\\\/\\\/lurdinha.org\\\/site\\\/\"},{\"@type\":\"ListItem\",\"position\":2,\"name\":\"Roda Livre de Caxias completa 50 Anos\"}]},{\"@type\":\"WebSite\",\"@id\":\"https:\\\/\\\/lurdinha.org\\\/site\\\/#website\",\"url\":\"https:\\\/\\\/lurdinha.org\\\/site\\\/\",\"name\":\"Lurdinha - Duque de Caxias para Est\u00f4magos Fortes\",\"description\":\"Site sobre Arte, Cultura, Pol\u00edtica, Sociedade e curiosidades da cidade de Duque de Caxias, RJ\",\"publisher\":{\"@id\":\"https:\\\/\\\/lurdinha.org\\\/site\\\/#organization\"},\"alternateName\":\"Lurdinha\",\"potentialAction\":[{\"@type\":\"SearchAction\",\"target\":{\"@type\":\"EntryPoint\",\"urlTemplate\":\"https:\\\/\\\/lurdinha.org\\\/site\\\/?s={search_term_string}\"},\"query-input\":{\"@type\":\"PropertyValueSpecification\",\"valueRequired\":true,\"valueName\":\"search_term_string\"}}],\"inLanguage\":\"pt-BR\"},{\"@type\":\"Organization\",\"@id\":\"https:\\\/\\\/lurdinha.org\\\/site\\\/#organization\",\"name\":\"Lurdinha de Caxias\",\"url\":\"https:\\\/\\\/lurdinha.org\\\/site\\\/\",\"logo\":{\"@type\":\"ImageObject\",\"inLanguage\":\"pt-BR\",\"@id\":\"https:\\\/\\\/lurdinha.org\\\/site\\\/#\\\/schema\\\/logo\\\/image\\\/\",\"url\":\"https:\\\/\\\/lurdinha.org\\\/site\\\/wp-content\\\/uploads\\\/logo-lurdinha.jpg\",\"contentUrl\":\"https:\\\/\\\/lurdinha.org\\\/site\\\/wp-content\\\/uploads\\\/logo-lurdinha.jpg\",\"width\":640,\"height\":60,\"caption\":\"Lurdinha de Caxias\"},\"image\":{\"@id\":\"https:\\\/\\\/lurdinha.org\\\/site\\\/#\\\/schema\\\/logo\\\/image\\\/\"},\"sameAs\":[\"https:\\\/\\\/www.facebook.com\\\/LurdinhadeCaxias\",\"https:\\\/\\\/www.instagram.com\\\/lurdinhadecaxias\"]},{\"@type\":\"Person\",\"@id\":\"https:\\\/\\\/lurdinha.org\\\/site\\\/#\\\/schema\\\/person\\\/b833bb6a7f82598bf0e95e4c30874251\",\"name\":\"heraldo hb\",\"image\":{\"@type\":\"ImageObject\",\"inLanguage\":\"pt-BR\",\"@id\":\"https:\\\/\\\/secure.gravatar.com\\\/avatar\\\/5de9fe99c72cb6885bbdaa24b1c5738b0f673d265de18720fae7463d5f47b48d?s=96&d=mm&r=g\",\"url\":\"https:\\\/\\\/secure.gravatar.com\\\/avatar\\\/5de9fe99c72cb6885bbdaa24b1c5738b0f673d265de18720fae7463d5f47b48d?s=96&d=mm&r=g\",\"contentUrl\":\"https:\\\/\\\/secure.gravatar.com\\\/avatar\\\/5de9fe99c72cb6885bbdaa24b1c5738b0f673d265de18720fae7463d5f47b48d?s=96&d=mm&r=g\",\"caption\":\"heraldo hb\"},\"description\":\"Cineasta, animador cultural, escritor e educador nascido no s\u00e9culo XX\",\"sameAs\":[\"http:\\\/\\\/wwww.relinkare.org\",\"botocudo\",\"heraldohb\",\"relinkare\"],\"url\":\"https:\\\/\\\/lurdinha.org\\\/site\\\/author\\\/heraldohb\\\/\"}]}<\/script>\n<!-- \/ Yoast SEO plugin. -->","yoast_head_json":{"title":"Roda Livre de Caxias completa 50 Anos - Lurdinha - Duque de Caxias para Est\u00f4magos Fortes","robots":{"index":"index","follow":"follow","max-snippet":"max-snippet:-1","max-image-preview":"max-image-preview:large","max-video-preview":"max-video-preview:-1"},"canonical":"https:\/\/lurdinha.org\/site\/roda-livre-de-caxias-completa-50-anos\/","og_locale":"pt_BR","og_type":"article","og_title":"Roda Livre de Caxias completa 50 Anos - Lurdinha - Duque de Caxias para Est\u00f4magos Fortes","og_description":"Neste 13 de junho de 2023, dia de Santo Ant\u00f4nio, padroeiro de Caxias, tamb\u00e9m dia...","og_url":"https:\/\/lurdinha.org\/site\/roda-livre-de-caxias-completa-50-anos\/","og_site_name":"Lurdinha - Duque de Caxias para Est\u00f4magos Fortes","article_publisher":"https:\/\/www.facebook.com\/LurdinhadeCaxias","article_author":"botocudo","article_published_time":"2023-06-13T18:18:08+00:00","article_modified_time":"2023-12-05T23:26:07+00:00","og_image":[{"width":576,"height":442,"url":"https:\/\/lurdinha.org\/site\/wp-content\/uploads\/RodaLivredeCaxias_primeirafoto.jpg","type":"image\/jpeg"}],"author":"heraldo hb","twitter_card":"summary_large_image","twitter_misc":{"Escrito por":"heraldo hb","Est. tempo de leitura":"6 minutos"},"schema":{"@context":"https:\/\/schema.org","@graph":[{"@type":"Article","@id":"https:\/\/lurdinha.org\/site\/roda-livre-de-caxias-completa-50-anos\/#article","isPartOf":{"@id":"https:\/\/lurdinha.org\/site\/roda-livre-de-caxias-completa-50-anos\/"},"author":{"name":"heraldo hb","@id":"https:\/\/lurdinha.org\/site\/#\/schema\/person\/b833bb6a7f82598bf0e95e4c30874251"},"headline":"Roda Livre de Caxias completa 50 Anos","datePublished":"2023-06-13T18:18:08+00:00","dateModified":"2023-12-05T23:26:07+00:00","mainEntityOfPage":{"@id":"https:\/\/lurdinha.org\/site\/roda-livre-de-caxias-completa-50-anos\/"},"wordCount":1180,"commentCount":0,"publisher":{"@id":"https:\/\/lurdinha.org\/site\/#organization"},"image":{"@id":"https:\/\/lurdinha.org\/site\/roda-livre-de-caxias-completa-50-anos\/#primaryimage"},"thumbnailUrl":"https:\/\/lurdinha.org\/site\/wp-content\/uploads\/RodaLivredeCaxias_primeirafoto.jpg","keywords":["baixada-fluminense","capoeira de caxias","duque-de-caxias","guca","mestre russo","Roda Livre de Caxias"],"articleSection":["evento","gente","hist\u00f3ria","pitacol\u00e2ndia","uma boa","uma opini\u00e3o"],"inLanguage":"pt-BR","potentialAction":[{"@type":"CommentAction","name":"Comment","target":["https:\/\/lurdinha.org\/site\/roda-livre-de-caxias-completa-50-anos\/#respond"]}]},{"@type":"WebPage","@id":"https:\/\/lurdinha.org\/site\/roda-livre-de-caxias-completa-50-anos\/","url":"https:\/\/lurdinha.org\/site\/roda-livre-de-caxias-completa-50-anos\/","name":"Roda Livre de Caxias completa 50 Anos - Lurdinha - Duque de Caxias para Est\u00f4magos Fortes","isPartOf":{"@id":"https:\/\/lurdinha.org\/site\/#website"},"primaryImageOfPage":{"@id":"https:\/\/lurdinha.org\/site\/roda-livre-de-caxias-completa-50-anos\/#primaryimage"},"image":{"@id":"https:\/\/lurdinha.org\/site\/roda-livre-de-caxias-completa-50-anos\/#primaryimage"},"thumbnailUrl":"https:\/\/lurdinha.org\/site\/wp-content\/uploads\/RodaLivredeCaxias_primeirafoto.jpg","datePublished":"2023-06-13T18:18:08+00:00","dateModified":"2023-12-05T23:26:07+00:00","breadcrumb":{"@id":"https:\/\/lurdinha.org\/site\/roda-livre-de-caxias-completa-50-anos\/#breadcrumb"},"inLanguage":"pt-BR","potentialAction":[{"@type":"ReadAction","target":["https:\/\/lurdinha.org\/site\/roda-livre-de-caxias-completa-50-anos\/"]}]},{"@type":"ImageObject","inLanguage":"pt-BR","@id":"https:\/\/lurdinha.org\/site\/roda-livre-de-caxias-completa-50-anos\/#primaryimage","url":"https:\/\/lurdinha.org\/site\/wp-content\/uploads\/RodaLivredeCaxias_primeirafoto.jpg","contentUrl":"https:\/\/lurdinha.org\/site\/wp-content\/uploads\/RodaLivredeCaxias_primeirafoto.jpg","width":576,"height":442},{"@type":"BreadcrumbList","@id":"https:\/\/lurdinha.org\/site\/roda-livre-de-caxias-completa-50-anos\/#breadcrumb","itemListElement":[{"@type":"ListItem","position":1,"name":"In\u00edcio","item":"https:\/\/lurdinha.org\/site\/"},{"@type":"ListItem","position":2,"name":"Roda Livre de Caxias completa 50 Anos"}]},{"@type":"WebSite","@id":"https:\/\/lurdinha.org\/site\/#website","url":"https:\/\/lurdinha.org\/site\/","name":"Lurdinha - Duque de Caxias para Est\u00f4magos Fortes","description":"Site sobre Arte, Cultura, Pol\u00edtica, Sociedade e curiosidades da cidade de Duque de Caxias, RJ","publisher":{"@id":"https:\/\/lurdinha.org\/site\/#organization"},"alternateName":"Lurdinha","potentialAction":[{"@type":"SearchAction","target":{"@type":"EntryPoint","urlTemplate":"https:\/\/lurdinha.org\/site\/?s={search_term_string}"},"query-input":{"@type":"PropertyValueSpecification","valueRequired":true,"valueName":"search_term_string"}}],"inLanguage":"pt-BR"},{"@type":"Organization","@id":"https:\/\/lurdinha.org\/site\/#organization","name":"Lurdinha de Caxias","url":"https:\/\/lurdinha.org\/site\/","logo":{"@type":"ImageObject","inLanguage":"pt-BR","@id":"https:\/\/lurdinha.org\/site\/#\/schema\/logo\/image\/","url":"https:\/\/lurdinha.org\/site\/wp-content\/uploads\/logo-lurdinha.jpg","contentUrl":"https:\/\/lurdinha.org\/site\/wp-content\/uploads\/logo-lurdinha.jpg","width":640,"height":60,"caption":"Lurdinha de Caxias"},"image":{"@id":"https:\/\/lurdinha.org\/site\/#\/schema\/logo\/image\/"},"sameAs":["https:\/\/www.facebook.com\/LurdinhadeCaxias","https:\/\/www.instagram.com\/lurdinhadecaxias"]},{"@type":"Person","@id":"https:\/\/lurdinha.org\/site\/#\/schema\/person\/b833bb6a7f82598bf0e95e4c30874251","name":"heraldo hb","image":{"@type":"ImageObject","inLanguage":"pt-BR","@id":"https:\/\/secure.gravatar.com\/avatar\/5de9fe99c72cb6885bbdaa24b1c5738b0f673d265de18720fae7463d5f47b48d?s=96&d=mm&r=g","url":"https:\/\/secure.gravatar.com\/avatar\/5de9fe99c72cb6885bbdaa24b1c5738b0f673d265de18720fae7463d5f47b48d?s=96&d=mm&r=g","contentUrl":"https:\/\/secure.gravatar.com\/avatar\/5de9fe99c72cb6885bbdaa24b1c5738b0f673d265de18720fae7463d5f47b48d?s=96&d=mm&r=g","caption":"heraldo hb"},"description":"Cineasta, animador cultural, escritor e educador nascido no s\u00e9culo XX","sameAs":["http:\/\/wwww.relinkare.org","botocudo","heraldohb","relinkare"],"url":"https:\/\/lurdinha.org\/site\/author\/heraldohb\/"}]}},"views":2028,"_links":{"self":[{"href":"https:\/\/lurdinha.org\/site\/wp-json\/wp\/v2\/posts\/11295","targetHints":{"allow":["GET"]}}],"collection":[{"href":"https:\/\/lurdinha.org\/site\/wp-json\/wp\/v2\/posts"}],"about":[{"href":"https:\/\/lurdinha.org\/site\/wp-json\/wp\/v2\/types\/post"}],"author":[{"embeddable":true,"href":"https:\/\/lurdinha.org\/site\/wp-json\/wp\/v2\/users\/2"}],"replies":[{"embeddable":true,"href":"https:\/\/lurdinha.org\/site\/wp-json\/wp\/v2\/comments?post=11295"}],"version-history":[{"count":14,"href":"https:\/\/lurdinha.org\/site\/wp-json\/wp\/v2\/posts\/11295\/revisions"}],"predecessor-version":[{"id":11314,"href":"https:\/\/lurdinha.org\/site\/wp-json\/wp\/v2\/posts\/11295\/revisions\/11314"}],"wp:featuredmedia":[{"embeddable":true,"href":"https:\/\/lurdinha.org\/site\/wp-json\/wp\/v2\/media\/11299"}],"wp:attachment":[{"href":"https:\/\/lurdinha.org\/site\/wp-json\/wp\/v2\/media?parent=11295"}],"wp:term":[{"taxonomy":"category","embeddable":true,"href":"https:\/\/lurdinha.org\/site\/wp-json\/wp\/v2\/categories?post=11295"},{"taxonomy":"post_tag","embeddable":true,"href":"https:\/\/lurdinha.org\/site\/wp-json\/wp\/v2\/tags?post=11295"}],"curies":[{"name":"wp","href":"https:\/\/api.w.org\/{rel}","templated":true}]}}