{"id":11168,"date":"2023-05-01T16:03:33","date_gmt":"2023-05-01T16:03:33","guid":{"rendered":"https:\/\/lurdinha.org\/site\/?p=11168"},"modified":"2023-12-05T23:28:04","modified_gmt":"2023-12-05T23:28:04","slug":"o-passado-e-futuro-da-baixada","status":"publish","type":"post","link":"https:\/\/lurdinha.org\/site\/o-passado-e-futuro-da-baixada\/","title":{"rendered":"O passado e futuro da Baixada"},"content":{"rendered":"<p><img loading=\"lazy\" decoding=\"async\" class=\"alignnone size-full wp-image-11171\" src=\"https:\/\/lurdinha.org\/site\/wp-content\/uploads\/VLT_inhomirim_guapimirim.jpeg\" alt=\"VLT para Inhomirim e Guapimirim\" width=\"800\" height=\"600\" srcset=\"https:\/\/lurdinha.org\/site\/wp-content\/uploads\/VLT_inhomirim_guapimirim.jpeg 800w, https:\/\/lurdinha.org\/site\/wp-content\/uploads\/VLT_inhomirim_guapimirim-300x225.jpeg 300w, https:\/\/lurdinha.org\/site\/wp-content\/uploads\/VLT_inhomirim_guapimirim-610x458.jpeg 610w, https:\/\/lurdinha.org\/site\/wp-content\/uploads\/VLT_inhomirim_guapimirim-768x576.jpeg 768w\" sizes=\"auto, (max-width: 800px) 100vw, 800px\" \/><\/p>\n<p>Para celebrar o <strong>Dia da Baixada,<\/strong> moradores de Duque de Caxias e Mag\u00e9 organizaram atividades para valorizar o patrim\u00f4nio hist\u00f3rico e cultural da regi\u00e3o e cobrar transporte p\u00fablico de qualidade.<\/p>\n<p>A iniciativa partiu de grupos locais, como o <strong>Cineclube Imbari\u00ea nos Trilhos<\/strong>, o <strong>Revitaliza Inhomirim<\/strong>, o <strong>Coletivo Guarani<\/strong> e o <strong>Observat\u00f3rio dos Trens<\/strong>. A proposta foi promover atividades culturais para mobilizar a popula\u00e7\u00e3o e refletir sobre o passado e o futuro da regi\u00e3o. De um lado, valorizar a hist\u00f3ria da primeira ferrovia do Brasil, que ligava Guia de Pacoba\u00edba e Fragoso em 1854, e o caminho do ouro, constru\u00edda no per\u00edodo colonial, em 1724. Por outro lado, olhar para o futuro e cobrar a revitaliza\u00e7\u00e3o do ramal de Vila Inhomirim e Guapimirim com a implanta\u00e7\u00e3o do <em><strong>Ve\u00edculo Leve sobre Trilhos (VLT)<\/strong><\/em>, transformando as condi\u00e7\u00f5es de transporte para a popula\u00e7\u00e3o.<\/p>\n<p>O coletivo organizou 3 atividades para celebrar o Dia da Baixada. A primeira, foi a trilha do caminho do ouro, um percurso que vai de Raiz da Serra at\u00e9 Petr\u00f3polis, e ligava o Rio de Janeiro \u00e0 Minas Gerais para escoar a produ\u00e7\u00e3o do interior at\u00e9 a Coroa portuguesa. No dia da trilha, o grupo fez um ato simb\u00f3lico em frente \u00e0 esta\u00e7\u00e3o de Vila Inhomirim reivindicando o VLT para a regi\u00e3o.<\/p>\n<p>A segunda atividade foi a sess\u00e3o do Cineclube Imbari\u00ea nos Trilhos em homenagem ao Dia da Baixada com exibi\u00e7\u00e3o dos filmes \u201cCaxiense F.C.\u201d e \u201cNingu\u00e9m na Via\u201d, abordando hist\u00f3rias sobre o futebol na cidade e a mobilidade urbana. \u00c9 importante destacar que o cineclubismo e a produ\u00e7\u00e3o de filmes independentes possuem tradi\u00e7\u00e3o na Baixada Fluminense e continuam em cena como espa\u00e7os de acesso ao audiovisual. Para fechar o calend\u00e1rio de atividades, o Coletivo Guarani realiza o <strong>Festival Popular Perif\u00e9rico,<\/strong> com m\u00fasicas, poesia e batalha de MCs, em Fragoso.<\/p>\n<p>No trem da hist\u00f3ria, o nosso bonde produz cultura e luta por mobilidade urbana para a Baixada. E se o futuro sustent\u00e1vel est\u00e1 na Agenda 2030, o VLT \u00e9 uma parada obrigat\u00f3ria.<\/p>\n<p><a href=\"https:\/\/lurdinha.org\/site\/author\/henriquesilveira\/\"><em><strong>Henrique Silveira<\/strong><\/em><\/a><\/p>\n","protected":false},"excerpt":{"rendered":"<p>Para celebrar o Dia da Baixada, moradores de Duque de Caxias e Mag\u00e9 organizaram atividades&#8230;<\/p>\n","protected":false},"author":16,"featured_media":11171,"comment_status":"open","ping_status":"closed","sticky":false,"template":"","format":"standard","meta":{"footnotes":""},"categories":[4],"tags":[12,1346,53,192,1345,1344],"class_list":["post-11168","post","type-post","status-publish","format-standard","has-post-thumbnail","hentry","category-opiniao","tag-baixada-fluminense","tag-ferrovia","tag-guapimirim","tag-imbarie","tag-inhomirim","tag-vlt"],"yoast_head":"<!-- This site is optimized with the Yoast SEO plugin v27.5 - https:\/\/yoast.com\/product\/yoast-seo-wordpress\/ -->\n<title>O passado e futuro da Baixada - Lurdinha - Duque de Caxias para Est\u00f4magos Fortes<\/title>\n<meta name=\"robots\" content=\"index, follow, max-snippet:-1, max-image-preview:large, max-video-preview:-1\" \/>\n<link rel=\"canonical\" href=\"https:\/\/lurdinha.org\/site\/o-passado-e-futuro-da-baixada\/\" \/>\n<meta property=\"og:locale\" content=\"pt_BR\" \/>\n<meta property=\"og:type\" content=\"article\" \/>\n<meta property=\"og:title\" content=\"O passado e futuro da Baixada - Lurdinha - Duque de Caxias para Est\u00f4magos Fortes\" \/>\n<meta property=\"og:description\" content=\"Para celebrar o Dia da Baixada, moradores de Duque de Caxias e Mag\u00e9 organizaram atividades...\" \/>\n<meta property=\"og:url\" content=\"https:\/\/lurdinha.org\/site\/o-passado-e-futuro-da-baixada\/\" \/>\n<meta property=\"og:site_name\" content=\"Lurdinha - Duque de Caxias para Est\u00f4magos Fortes\" \/>\n<meta property=\"article:publisher\" content=\"https:\/\/www.facebook.com\/LurdinhadeCaxias\" \/>\n<meta property=\"article:author\" content=\"henrique.silveira.319\" \/>\n<meta property=\"article:published_time\" content=\"2023-05-01T16:03:33+00:00\" \/>\n<meta property=\"article:modified_time\" content=\"2023-12-05T23:28:04+00:00\" \/>\n<meta property=\"og:image\" content=\"https:\/\/lurdinha.org\/site\/wp-content\/uploads\/VLT_inhomirim_guapimirim.jpeg\" \/>\n\t<meta property=\"og:image:width\" content=\"800\" \/>\n\t<meta property=\"og:image:height\" content=\"600\" \/>\n\t<meta property=\"og:image:type\" content=\"image\/jpeg\" \/>\n<meta name=\"author\" content=\"Henrique Silveira\" \/>\n<meta name=\"twitter:card\" content=\"summary_large_image\" \/>\n<meta name=\"twitter:label1\" content=\"Escrito por\" \/>\n\t<meta name=\"twitter:data1\" content=\"Henrique Silveira\" \/>\n\t<meta name=\"twitter:label2\" content=\"Est. tempo de leitura\" \/>\n\t<meta name=\"twitter:data2\" content=\"2 minutos\" \/>\n<script type=\"application\/ld+json\" class=\"yoast-schema-graph\">{\"@context\":\"https:\\\/\\\/schema.org\",\"@graph\":[{\"@type\":\"Article\",\"@id\":\"https:\\\/\\\/lurdinha.org\\\/site\\\/o-passado-e-futuro-da-baixada\\\/#article\",\"isPartOf\":{\"@id\":\"https:\\\/\\\/lurdinha.org\\\/site\\\/o-passado-e-futuro-da-baixada\\\/\"},\"author\":{\"name\":\"Henrique Silveira\",\"@id\":\"https:\\\/\\\/lurdinha.org\\\/site\\\/#\\\/schema\\\/person\\\/b7f36739e477fd3809ed9f880d85ba89\"},\"headline\":\"O passado e futuro da Baixada\",\"datePublished\":\"2023-05-01T16:03:33+00:00\",\"dateModified\":\"2023-12-05T23:28:04+00:00\",\"mainEntityOfPage\":{\"@id\":\"https:\\\/\\\/lurdinha.org\\\/site\\\/o-passado-e-futuro-da-baixada\\\/\"},\"wordCount\":366,\"commentCount\":0,\"publisher\":{\"@id\":\"https:\\\/\\\/lurdinha.org\\\/site\\\/#organization\"},\"image\":{\"@id\":\"https:\\\/\\\/lurdinha.org\\\/site\\\/o-passado-e-futuro-da-baixada\\\/#primaryimage\"},\"thumbnailUrl\":\"https:\\\/\\\/lurdinha.org\\\/site\\\/wp-content\\\/uploads\\\/VLT_inhomirim_guapimirim.jpeg\",\"keywords\":[\"baixada-fluminense\",\"ferrovia\",\"guapimirim\",\"Imbari\u00ea\",\"inhomirim\",\"vlt\"],\"articleSection\":[\"uma opini\u00e3o\"],\"inLanguage\":\"pt-BR\",\"potentialAction\":[{\"@type\":\"CommentAction\",\"name\":\"Comment\",\"target\":[\"https:\\\/\\\/lurdinha.org\\\/site\\\/o-passado-e-futuro-da-baixada\\\/#respond\"]}]},{\"@type\":\"WebPage\",\"@id\":\"https:\\\/\\\/lurdinha.org\\\/site\\\/o-passado-e-futuro-da-baixada\\\/\",\"url\":\"https:\\\/\\\/lurdinha.org\\\/site\\\/o-passado-e-futuro-da-baixada\\\/\",\"name\":\"O passado e futuro da Baixada - Lurdinha - Duque de Caxias para Est\u00f4magos Fortes\",\"isPartOf\":{\"@id\":\"https:\\\/\\\/lurdinha.org\\\/site\\\/#website\"},\"primaryImageOfPage\":{\"@id\":\"https:\\\/\\\/lurdinha.org\\\/site\\\/o-passado-e-futuro-da-baixada\\\/#primaryimage\"},\"image\":{\"@id\":\"https:\\\/\\\/lurdinha.org\\\/site\\\/o-passado-e-futuro-da-baixada\\\/#primaryimage\"},\"thumbnailUrl\":\"https:\\\/\\\/lurdinha.org\\\/site\\\/wp-content\\\/uploads\\\/VLT_inhomirim_guapimirim.jpeg\",\"datePublished\":\"2023-05-01T16:03:33+00:00\",\"dateModified\":\"2023-12-05T23:28:04+00:00\",\"breadcrumb\":{\"@id\":\"https:\\\/\\\/lurdinha.org\\\/site\\\/o-passado-e-futuro-da-baixada\\\/#breadcrumb\"},\"inLanguage\":\"pt-BR\",\"potentialAction\":[{\"@type\":\"ReadAction\",\"target\":[\"https:\\\/\\\/lurdinha.org\\\/site\\\/o-passado-e-futuro-da-baixada\\\/\"]}]},{\"@type\":\"ImageObject\",\"inLanguage\":\"pt-BR\",\"@id\":\"https:\\\/\\\/lurdinha.org\\\/site\\\/o-passado-e-futuro-da-baixada\\\/#primaryimage\",\"url\":\"https:\\\/\\\/lurdinha.org\\\/site\\\/wp-content\\\/uploads\\\/VLT_inhomirim_guapimirim.jpeg\",\"contentUrl\":\"https:\\\/\\\/lurdinha.org\\\/site\\\/wp-content\\\/uploads\\\/VLT_inhomirim_guapimirim.jpeg\",\"width\":800,\"height\":600,\"caption\":\"VLT para Inhomirim e Guapimirim\"},{\"@type\":\"BreadcrumbList\",\"@id\":\"https:\\\/\\\/lurdinha.org\\\/site\\\/o-passado-e-futuro-da-baixada\\\/#breadcrumb\",\"itemListElement\":[{\"@type\":\"ListItem\",\"position\":1,\"name\":\"In\u00edcio\",\"item\":\"https:\\\/\\\/lurdinha.org\\\/site\\\/\"},{\"@type\":\"ListItem\",\"position\":2,\"name\":\"O passado e futuro da Baixada\"}]},{\"@type\":\"WebSite\",\"@id\":\"https:\\\/\\\/lurdinha.org\\\/site\\\/#website\",\"url\":\"https:\\\/\\\/lurdinha.org\\\/site\\\/\",\"name\":\"Lurdinha - Duque de Caxias para Est\u00f4magos Fortes\",\"description\":\"Site sobre Arte, Cultura, Pol\u00edtica, Sociedade e curiosidades da cidade de Duque de Caxias, RJ\",\"publisher\":{\"@id\":\"https:\\\/\\\/lurdinha.org\\\/site\\\/#organization\"},\"alternateName\":\"Lurdinha\",\"potentialAction\":[{\"@type\":\"SearchAction\",\"target\":{\"@type\":\"EntryPoint\",\"urlTemplate\":\"https:\\\/\\\/lurdinha.org\\\/site\\\/?s={search_term_string}\"},\"query-input\":{\"@type\":\"PropertyValueSpecification\",\"valueRequired\":true,\"valueName\":\"search_term_string\"}}],\"inLanguage\":\"pt-BR\"},{\"@type\":\"Organization\",\"@id\":\"https:\\\/\\\/lurdinha.org\\\/site\\\/#organization\",\"name\":\"Lurdinha de Caxias\",\"url\":\"https:\\\/\\\/lurdinha.org\\\/site\\\/\",\"logo\":{\"@type\":\"ImageObject\",\"inLanguage\":\"pt-BR\",\"@id\":\"https:\\\/\\\/lurdinha.org\\\/site\\\/#\\\/schema\\\/logo\\\/image\\\/\",\"url\":\"https:\\\/\\\/lurdinha.org\\\/site\\\/wp-content\\\/uploads\\\/logo-lurdinha.jpg\",\"contentUrl\":\"https:\\\/\\\/lurdinha.org\\\/site\\\/wp-content\\\/uploads\\\/logo-lurdinha.jpg\",\"width\":640,\"height\":60,\"caption\":\"Lurdinha de Caxias\"},\"image\":{\"@id\":\"https:\\\/\\\/lurdinha.org\\\/site\\\/#\\\/schema\\\/logo\\\/image\\\/\"},\"sameAs\":[\"https:\\\/\\\/www.facebook.com\\\/LurdinhadeCaxias\",\"https:\\\/\\\/www.instagram.com\\\/lurdinhadecaxias\"]},{\"@type\":\"Person\",\"@id\":\"https:\\\/\\\/lurdinha.org\\\/site\\\/#\\\/schema\\\/person\\\/b7f36739e477fd3809ed9f880d85ba89\",\"name\":\"Henrique Silveira\",\"image\":{\"@type\":\"ImageObject\",\"inLanguage\":\"pt-BR\",\"@id\":\"https:\\\/\\\/secure.gravatar.com\\\/avatar\\\/65ed9674651bf1e369939454eea465de6a6b2c680f11e9374ce65b4952afaefc?s=96&d=mm&r=g\",\"url\":\"https:\\\/\\\/secure.gravatar.com\\\/avatar\\\/65ed9674651bf1e369939454eea465de6a6b2c680f11e9374ce65b4952afaefc?s=96&d=mm&r=g\",\"contentUrl\":\"https:\\\/\\\/secure.gravatar.com\\\/avatar\\\/65ed9674651bf1e369939454eea465de6a6b2c680f11e9374ce65b4952afaefc?s=96&d=mm&r=g\",\"caption\":\"Henrique Silveira\"},\"description\":\"Henrique Silveira \u00e9 ge\u00f3grafo, cofundador da Casa Fluminense e autor do livro \u201cRio por Inteiro: reflex\u00f5es sobre a cidade metropolitana\u201d.\",\"sameAs\":[\"henrique.silveira.319\"],\"url\":\"https:\\\/\\\/lurdinha.org\\\/site\\\/author\\\/henriquesilveira\\\/\"}]}<\/script>\n<!-- \/ Yoast SEO plugin. -->","yoast_head_json":{"title":"O passado e futuro da Baixada - Lurdinha - Duque de Caxias para Est\u00f4magos Fortes","robots":{"index":"index","follow":"follow","max-snippet":"max-snippet:-1","max-image-preview":"max-image-preview:large","max-video-preview":"max-video-preview:-1"},"canonical":"https:\/\/lurdinha.org\/site\/o-passado-e-futuro-da-baixada\/","og_locale":"pt_BR","og_type":"article","og_title":"O passado e futuro da Baixada - Lurdinha - Duque de Caxias para Est\u00f4magos Fortes","og_description":"Para celebrar o Dia da Baixada, moradores de Duque de Caxias e Mag\u00e9 organizaram atividades...","og_url":"https:\/\/lurdinha.org\/site\/o-passado-e-futuro-da-baixada\/","og_site_name":"Lurdinha - Duque de Caxias para Est\u00f4magos Fortes","article_publisher":"https:\/\/www.facebook.com\/LurdinhadeCaxias","article_author":"henrique.silveira.319","article_published_time":"2023-05-01T16:03:33+00:00","article_modified_time":"2023-12-05T23:28:04+00:00","og_image":[{"width":800,"height":600,"url":"https:\/\/lurdinha.org\/site\/wp-content\/uploads\/VLT_inhomirim_guapimirim.jpeg","type":"image\/jpeg"}],"author":"Henrique Silveira","twitter_card":"summary_large_image","twitter_misc":{"Escrito por":"Henrique Silveira","Est. tempo de leitura":"2 minutos"},"schema":{"@context":"https:\/\/schema.org","@graph":[{"@type":"Article","@id":"https:\/\/lurdinha.org\/site\/o-passado-e-futuro-da-baixada\/#article","isPartOf":{"@id":"https:\/\/lurdinha.org\/site\/o-passado-e-futuro-da-baixada\/"},"author":{"name":"Henrique Silveira","@id":"https:\/\/lurdinha.org\/site\/#\/schema\/person\/b7f36739e477fd3809ed9f880d85ba89"},"headline":"O passado e futuro da Baixada","datePublished":"2023-05-01T16:03:33+00:00","dateModified":"2023-12-05T23:28:04+00:00","mainEntityOfPage":{"@id":"https:\/\/lurdinha.org\/site\/o-passado-e-futuro-da-baixada\/"},"wordCount":366,"commentCount":0,"publisher":{"@id":"https:\/\/lurdinha.org\/site\/#organization"},"image":{"@id":"https:\/\/lurdinha.org\/site\/o-passado-e-futuro-da-baixada\/#primaryimage"},"thumbnailUrl":"https:\/\/lurdinha.org\/site\/wp-content\/uploads\/VLT_inhomirim_guapimirim.jpeg","keywords":["baixada-fluminense","ferrovia","guapimirim","Imbari\u00ea","inhomirim","vlt"],"articleSection":["uma opini\u00e3o"],"inLanguage":"pt-BR","potentialAction":[{"@type":"CommentAction","name":"Comment","target":["https:\/\/lurdinha.org\/site\/o-passado-e-futuro-da-baixada\/#respond"]}]},{"@type":"WebPage","@id":"https:\/\/lurdinha.org\/site\/o-passado-e-futuro-da-baixada\/","url":"https:\/\/lurdinha.org\/site\/o-passado-e-futuro-da-baixada\/","name":"O passado e futuro da Baixada - Lurdinha - Duque de Caxias para Est\u00f4magos Fortes","isPartOf":{"@id":"https:\/\/lurdinha.org\/site\/#website"},"primaryImageOfPage":{"@id":"https:\/\/lurdinha.org\/site\/o-passado-e-futuro-da-baixada\/#primaryimage"},"image":{"@id":"https:\/\/lurdinha.org\/site\/o-passado-e-futuro-da-baixada\/#primaryimage"},"thumbnailUrl":"https:\/\/lurdinha.org\/site\/wp-content\/uploads\/VLT_inhomirim_guapimirim.jpeg","datePublished":"2023-05-01T16:03:33+00:00","dateModified":"2023-12-05T23:28:04+00:00","breadcrumb":{"@id":"https:\/\/lurdinha.org\/site\/o-passado-e-futuro-da-baixada\/#breadcrumb"},"inLanguage":"pt-BR","potentialAction":[{"@type":"ReadAction","target":["https:\/\/lurdinha.org\/site\/o-passado-e-futuro-da-baixada\/"]}]},{"@type":"ImageObject","inLanguage":"pt-BR","@id":"https:\/\/lurdinha.org\/site\/o-passado-e-futuro-da-baixada\/#primaryimage","url":"https:\/\/lurdinha.org\/site\/wp-content\/uploads\/VLT_inhomirim_guapimirim.jpeg","contentUrl":"https:\/\/lurdinha.org\/site\/wp-content\/uploads\/VLT_inhomirim_guapimirim.jpeg","width":800,"height":600,"caption":"VLT para Inhomirim e Guapimirim"},{"@type":"BreadcrumbList","@id":"https:\/\/lurdinha.org\/site\/o-passado-e-futuro-da-baixada\/#breadcrumb","itemListElement":[{"@type":"ListItem","position":1,"name":"In\u00edcio","item":"https:\/\/lurdinha.org\/site\/"},{"@type":"ListItem","position":2,"name":"O passado e futuro da Baixada"}]},{"@type":"WebSite","@id":"https:\/\/lurdinha.org\/site\/#website","url":"https:\/\/lurdinha.org\/site\/","name":"Lurdinha - Duque de Caxias para Est\u00f4magos Fortes","description":"Site sobre Arte, Cultura, Pol\u00edtica, Sociedade e curiosidades da cidade de Duque de Caxias, RJ","publisher":{"@id":"https:\/\/lurdinha.org\/site\/#organization"},"alternateName":"Lurdinha","potentialAction":[{"@type":"SearchAction","target":{"@type":"EntryPoint","urlTemplate":"https:\/\/lurdinha.org\/site\/?s={search_term_string}"},"query-input":{"@type":"PropertyValueSpecification","valueRequired":true,"valueName":"search_term_string"}}],"inLanguage":"pt-BR"},{"@type":"Organization","@id":"https:\/\/lurdinha.org\/site\/#organization","name":"Lurdinha de Caxias","url":"https:\/\/lurdinha.org\/site\/","logo":{"@type":"ImageObject","inLanguage":"pt-BR","@id":"https:\/\/lurdinha.org\/site\/#\/schema\/logo\/image\/","url":"https:\/\/lurdinha.org\/site\/wp-content\/uploads\/logo-lurdinha.jpg","contentUrl":"https:\/\/lurdinha.org\/site\/wp-content\/uploads\/logo-lurdinha.jpg","width":640,"height":60,"caption":"Lurdinha de Caxias"},"image":{"@id":"https:\/\/lurdinha.org\/site\/#\/schema\/logo\/image\/"},"sameAs":["https:\/\/www.facebook.com\/LurdinhadeCaxias","https:\/\/www.instagram.com\/lurdinhadecaxias"]},{"@type":"Person","@id":"https:\/\/lurdinha.org\/site\/#\/schema\/person\/b7f36739e477fd3809ed9f880d85ba89","name":"Henrique Silveira","image":{"@type":"ImageObject","inLanguage":"pt-BR","@id":"https:\/\/secure.gravatar.com\/avatar\/65ed9674651bf1e369939454eea465de6a6b2c680f11e9374ce65b4952afaefc?s=96&d=mm&r=g","url":"https:\/\/secure.gravatar.com\/avatar\/65ed9674651bf1e369939454eea465de6a6b2c680f11e9374ce65b4952afaefc?s=96&d=mm&r=g","contentUrl":"https:\/\/secure.gravatar.com\/avatar\/65ed9674651bf1e369939454eea465de6a6b2c680f11e9374ce65b4952afaefc?s=96&d=mm&r=g","caption":"Henrique Silveira"},"description":"Henrique Silveira \u00e9 ge\u00f3grafo, cofundador da Casa Fluminense e autor do livro \u201cRio por Inteiro: reflex\u00f5es sobre a cidade metropolitana\u201d.","sameAs":["henrique.silveira.319"],"url":"https:\/\/lurdinha.org\/site\/author\/henriquesilveira\/"}]}},"views":1207,"_links":{"self":[{"href":"https:\/\/lurdinha.org\/site\/wp-json\/wp\/v2\/posts\/11168","targetHints":{"allow":["GET"]}}],"collection":[{"href":"https:\/\/lurdinha.org\/site\/wp-json\/wp\/v2\/posts"}],"about":[{"href":"https:\/\/lurdinha.org\/site\/wp-json\/wp\/v2\/types\/post"}],"author":[{"embeddable":true,"href":"https:\/\/lurdinha.org\/site\/wp-json\/wp\/v2\/users\/16"}],"replies":[{"embeddable":true,"href":"https:\/\/lurdinha.org\/site\/wp-json\/wp\/v2\/comments?post=11168"}],"version-history":[{"count":4,"href":"https:\/\/lurdinha.org\/site\/wp-json\/wp\/v2\/posts\/11168\/revisions"}],"predecessor-version":[{"id":11173,"href":"https:\/\/lurdinha.org\/site\/wp-json\/wp\/v2\/posts\/11168\/revisions\/11173"}],"wp:featuredmedia":[{"embeddable":true,"href":"https:\/\/lurdinha.org\/site\/wp-json\/wp\/v2\/media\/11171"}],"wp:attachment":[{"href":"https:\/\/lurdinha.org\/site\/wp-json\/wp\/v2\/media?parent=11168"}],"wp:term":[{"taxonomy":"category","embeddable":true,"href":"https:\/\/lurdinha.org\/site\/wp-json\/wp\/v2\/categories?post=11168"},{"taxonomy":"post_tag","embeddable":true,"href":"https:\/\/lurdinha.org\/site\/wp-json\/wp\/v2\/tags?post=11168"}],"curies":[{"name":"wp","href":"https:\/\/api.w.org\/{rel}","templated":true}]}}