{"id":11118,"date":"2023-04-18T14:54:17","date_gmt":"2023-04-18T14:54:17","guid":{"rendered":"https:\/\/lurdinha.org\/site\/?p=11118"},"modified":"2023-12-05T23:30:40","modified_gmt":"2023-12-05T23:30:40","slug":"mostra-o-cinema-e-o-fim-dos-tempos-leva-a-baixada-fluminense-filmes-e-palestras-sobre-questoes-ambientais-na-contemporaneidade","status":"publish","type":"post","link":"https:\/\/lurdinha.org\/site\/mostra-o-cinema-e-o-fim-dos-tempos-leva-a-baixada-fluminense-filmes-e-palestras-sobre-questoes-ambientais-na-contemporaneidade\/","title":{"rendered":"Mostra \u201cO Cinema e o Fim dos Tempos\u201d leva \u00e0 Baixada Fluminense filmes e palestras sobre quest\u00f5es ambientais na contemporaneidade"},"content":{"rendered":"<p><i>A mostra come\u00e7a dia 24 de abril, na FEBF\/UERJ, em Duque de Caxias, unidade que se prepara para seu primeiro curso de Licenciatura em Cinema.<\/i><\/p>\n<p><img loading=\"lazy\" decoding=\"async\" class=\"alignnone size-full wp-image-11119\" src=\"https:\/\/lurdinha.org\/site\/wp-content\/uploads\/fim-dos-tempos.jpg\" alt=\"Mostra \u201cO Cinema e o Fim dos Tempos\u201d\" width=\"1440\" height=\"1440\" srcset=\"https:\/\/lurdinha.org\/site\/wp-content\/uploads\/fim-dos-tempos.jpg 1440w, https:\/\/lurdinha.org\/site\/wp-content\/uploads\/fim-dos-tempos-300x300.jpg 300w, https:\/\/lurdinha.org\/site\/wp-content\/uploads\/fim-dos-tempos-610x610.jpg 610w, https:\/\/lurdinha.org\/site\/wp-content\/uploads\/fim-dos-tempos-150x150.jpg 150w, https:\/\/lurdinha.org\/site\/wp-content\/uploads\/fim-dos-tempos-768x768.jpg 768w, https:\/\/lurdinha.org\/site\/wp-content\/uploads\/fim-dos-tempos-1024x1024.jpg 1024w, https:\/\/lurdinha.org\/site\/wp-content\/uploads\/fim-dos-tempos-120x120.jpg 120w\" sizes=\"auto, (max-width: 1440px) 100vw, 1440px\" \/><\/p>\n<p dir=\"ltr\">De 24 de abril a 05 de maio de 2023, a mostra<strong> \u201cO Cinema e o Fim dos Tempos\u201d<\/strong> levar\u00e1 \u00e0 <strong>Faculdade de Educa\u00e7\u00e3o da Baixada Fluminense (FEBF\/UERJ)<\/strong>, em Duque de Caxias, uma programa\u00e7\u00e3o de filmes e palestras que tratam de problemas contempor\u00e2neos resultantes da devasta\u00e7\u00e3o ambiental e das mudan\u00e7as clim\u00e1ticas no planeta. Ser\u00e3o 8 dias de mostra e em cada um deles haver\u00e1 a exibi\u00e7\u00e3o de um curta-metragem e de um longa-metragem seguidos de uma palestra com um pesquisador convidado.<\/p>\n<p dir=\"ltr\">A curadoria de filmes conta com obras narrativas e experimentais que buscam questionar a representa\u00e7\u00e3o comumente vista sobre os temas, permitindo novas percep\u00e7\u00f5es do p\u00fablico. Ser\u00e3o exibidos t\u00edtulos j\u00e1 conhecidos do espectador brasileiro, como \u201cMelancolia\u201d, de Lars von Trier, e \u201cIndom\u00e1vel Sonhadora\u201d, de Benh Zeitlin, mas tamb\u00e9m filmes ainda n\u00e3o lan\u00e7ados nas salas comerciais do pa\u00eds, como \u201cSwarm Season\u201d, de Sarah Christman, e o curta-metragem \u201cKingdom\u201d, de Bettina Oberli.<\/p>\n<p dir=\"ltr\">Segundo o curador da mostra, Gustavo Soranz, professor da Universidade Estadual Paulista (UNESP), a mostra traz \u201cfilmes que enfocam diferentes vis\u00f5es sobre as trag\u00e9dias atuais, tanto nos modos de exist\u00eancia, quanto na organiza\u00e7\u00e3o social e na interrela\u00e7\u00e3o entre as formas de vida na Terra\u201d. Ele tamb\u00e9m comenta que \u201co cinema \u00e9 um meio importante para colocar quest\u00f5es de modo a acessar uma audi\u00eancia n\u00e3o especializada indo al\u00e9m das evid\u00eancias concretas e colocando dimens\u00f5es sens\u00edveis e filos\u00f3ficas sobre o tema\u201d.<\/p>\n<p dir=\"ltr\">O projeto busca a reflex\u00e3o sobre a dimens\u00e3o da cat\u00e1strofe clim\u00e1tica e seus efeitos para a vida na Terra a partir das contribui\u00e7\u00f5es vindas do cinema. \u201cComo estamos percebendo e vivenciando tais eventos!? Por meio dos filmes podemos perceber n\u00e3o apenas a dimens\u00e3o imediata de tal trag\u00e9dia, mas ensaiar outros poss\u00edveis imagin\u00e1rios para a exist\u00eancia humana e para a pol\u00edtica\u201d, diz Soranz, que ainda complementa: \u201ca mostra tem uma finalidade de difus\u00e3o art\u00edstica de filmes e uma finalidade educativa sobre o tema\u201d.<\/p>\n<p dir=\"ltr\">Entre os palestrantes, foram convidados pesquisadores da Sociologia, da Antropologia, do Direito, do Cinema, da Filosofia, da Educa\u00e7\u00e3o e da Literatura, \u00e1reas que dialogam e refletem sobre as quest\u00f5es levantadas pelos filmes.<\/p>\n<p dir=\"ltr\">Uma curiosidade \u00e9 que a Faculdade de Educa\u00e7\u00e3o da Baixada Fluminense se prepara para a abertura de um curso de Licenciatura em Cinema, que em um ou dois anos deve se somar ao curso j\u00e1 criado da Universidade Federal Fluminense (UFF) na proposta de formar educadores que possam explorar as potencialidades da linguagem cinematogr\u00e1fica em escolas e outras institui\u00e7\u00f5es culturais e educativas. O car\u00e1ter interdisciplinar da mostra, partindo de filmes, suas tem\u00e1ticas e linguagens para adentrar outras \u00e1reas do conhecimento, tamb\u00e9m se insere nessa proposta.<\/p>\n<p dir=\"ltr\">O projeto \u00e9 uma realiza\u00e7\u00e3o da <strong>Caprisciana Produ\u00e7\u00f5es<\/strong>, empresa do Rio de Janeiro que tem atuado com frequ\u00eancia na produ\u00e7\u00e3o de mostras e filmes de relev\u00e2ncia social e conte\u00fado art\u00edstico-autoral. Tem a parceria do <strong>Cineclube Mate com Angu<\/strong>, importante coletivo audiovisual de resist\u00eancia cultural da Baixada Fluminense. Conta, ainda, com o apoio da <strong>FEBF\/UERJ<\/strong> e do <strong>Programa de P\u00f3s-gradua\u00e7\u00e3o em Educa\u00e7\u00e3o, Cultura e Comunica\u00e7\u00e3o em Periferias Urbanas<\/strong> da pr\u00f3pria Universidade, al\u00e9m do patroc\u00ednio da Secretaria de Estado de Cultura e Economia Criativa do Rio de Janeiro e do Governo do Estado do Rio de Janeiro atrav\u00e9s do Edital \u201cRetomada Cultural RJ 2\u201d. Gra\u00e7as a esta chamada p\u00fablica de car\u00e1ter emergencial, lan\u00e7ada no final de 2021, o evento contar\u00e1 com sua primeira edi\u00e7\u00e3o.<\/p>\n<p><strong>ACOMPANHE:<\/strong><\/p>\n<p>P\u00e1gina no Instagram: <a href=\"https:\/\/www.instagram.com\/mostrafimdostempos\/\">https:\/\/www.instagram.com\/mostrafimdostempos\/<\/a><\/p>\n<p>P\u00e1gina no Facebook: <a href=\"https:\/\/www.facebook.com\/mostrafimdostempos\/\">https:\/\/www.facebook.com\/mostrafimdostempos\/<\/a><\/p>\n<p>P\u00e1gina da FEBF\/UERJ: <a href=\"http:\/\/www.febf.uerj.br\/site\/#\">http:\/\/www.febf.uerj.br\/site\/<\/a><\/p>\n<p>&#8211;<\/p>\n<h3>SERVI\u00c7O<\/h3>\n<p><strong>FEBF\/UERJ<\/strong><br \/>\nEndere\u00e7o: R. General Manoel Rabelo, s\/n &#8211; Vila S\u00e3o Lu\u00eds, Duque de Caxias &#8211; RJ, 25065-050<br \/>\n24, 25, 26, 27 e 28 de abril de 2023<br \/>\n02, 04 e 05 de maio de 2023<br \/>\nSempre \u00e0s 18h<br \/>\nEntrada gratuita<br \/>\nDisponibilidade de 100 assentos<\/p>\n<p>&#8211;<\/p>\n<h3><strong>PROGRAMA\u00c7\u00c3O<\/strong><\/h3>\n<p><strong>24\/04 &#8211; Segunda Feira &#8211; 18h<\/strong><br \/>\nSemente Exterminadora, de Pedro Neves Marques (26 min)<br \/>\nUm Inferno, de Tim Fehlbaum (89 min)<br \/>\nPalestra com Cleonice Puggian<\/p>\n<p><strong>25\/04 &#8211; Ter\u00e7a-Feira &#8211; 18h<\/strong><br \/>\nMundo, de Ana Edwards (19 min)<br \/>\nArmadilha, de Brillante Mendoza (97 min)<br \/>\nPalestra com Carmen Castro<\/p>\n<p><strong>26\/04 &#8211; Quarta-Feira &#8211; 18h<\/strong><br \/>\nTu\u00e3 Ingugu (Olhos d\u2019\u00e1gua), de Daniela Thomas (11 min)<br \/>\nIndom\u00e1vel Sonhadora, de Benh Zeitlin (93 min)<br \/>\nPalestra com Ana Paula Perrota<\/p>\n<p><strong>27\/04 &#8211; Quinta-Feira &#8211; 18h<\/strong><br \/>\nCitadel, de John Smith (16 min)<br \/>\n4:44 &#8211; O Fim do Mundo, de Abel Ferrara (82 min)<br \/>\nPalestra com Marcus Vinicius Bezerra Carvalho<\/p>\n<p><strong>28\/04 &#8211; Sexta-Feira &#8211; 18h<\/strong><br \/>\nDeforest, de Grayson Cooke (10 min)<br \/>\nMelancolia, de Lars Von Trier (136 min)<br \/>\nPalestra com Lucia Monteiro Ramos<\/p>\n<p><strong>02\/05 &#8211; Ter\u00e7a-Feira &#8211; 18h<\/strong><br \/>\nKingdom, de Bettina Oberli (11 min)<br \/>\nA Estrada, de John Hillcoat (111 min)<br \/>\nPalestra com Andr\u00e9 Cabral de Almeida Cardoso<\/p>\n<p><strong>04\/05 &#8211; Quinta-Feira &#8211; 18h<\/strong><br \/>\nSereias, ou Aiden no Pa\u00eds das Maravilhas, de Elizabeth A. Povinelli (26 min)<br \/>\nSwarm Season, de Sarah Christman (86 min)<br \/>\nPalestra com Ana Clara Chequetti<br \/>\nObs: Exibi\u00e7\u00e3o de Swarm Season com legendagem descritiva e palestra com tradu\u00e7\u00e3o simult\u00e2nea em Libras.<\/p>\n<p><strong>05\/05 &#8211; Sexta-Feira &#8211; 18h<\/strong><br \/>\nPara Onde Foram as Andorinhas?, de Mari Corr\u00eaa (22 min)<br \/>\nCemetery, de Carlos Casas (85 min)<br \/>\nPalestra com Juliana Fausto<\/p>\n<p>&#8211;<\/p>\n","protected":false},"excerpt":{"rendered":"<p>A mostra come\u00e7a dia 24 de abril, na FEBF\/UERJ, em Duque de Caxias, unidade que&#8230;<\/p>\n","protected":false},"author":87,"featured_media":11119,"comment_status":"open","ping_status":"closed","sticky":false,"template":"","format":"standard","meta":{"footnotes":""},"categories":[8,5],"tags":[979,1340,577,68,1339],"class_list":["post-11118","post","type-post","status-publish","format-standard","has-post-thumbnail","hentry","category-evento","category-umaboa","tag-baixada-audiovisual","tag-caprisciana-producoes","tag-cinema","tag-mate-com-angu","tag-mostra-fim-dos-tempos"],"yoast_head":"<!-- This site is optimized with the Yoast SEO plugin v27.5 - https:\/\/yoast.com\/product\/yoast-seo-wordpress\/ -->\n<title>Mostra \u201cO Cinema e o Fim dos Tempos\u201d leva \u00e0 Baixada Fluminense filmes e palestras sobre quest\u00f5es ambientais na contemporaneidade - Lurdinha - Duque de Caxias para Est\u00f4magos Fortes<\/title>\n<meta name=\"robots\" content=\"index, follow, max-snippet:-1, max-image-preview:large, max-video-preview:-1\" \/>\n<link rel=\"canonical\" href=\"https:\/\/lurdinha.org\/site\/mostra-o-cinema-e-o-fim-dos-tempos-leva-a-baixada-fluminense-filmes-e-palestras-sobre-questoes-ambientais-na-contemporaneidade\/\" \/>\n<meta property=\"og:locale\" content=\"pt_BR\" \/>\n<meta property=\"og:type\" content=\"article\" \/>\n<meta property=\"og:title\" content=\"Mostra \u201cO Cinema e o Fim dos Tempos\u201d leva \u00e0 Baixada Fluminense filmes e palestras sobre quest\u00f5es ambientais na contemporaneidade - Lurdinha - Duque de Caxias para Est\u00f4magos Fortes\" \/>\n<meta property=\"og:description\" content=\"A mostra come\u00e7a dia 24 de abril, na FEBF\/UERJ, em Duque de Caxias, unidade que...\" \/>\n<meta property=\"og:url\" content=\"https:\/\/lurdinha.org\/site\/mostra-o-cinema-e-o-fim-dos-tempos-leva-a-baixada-fluminense-filmes-e-palestras-sobre-questoes-ambientais-na-contemporaneidade\/\" \/>\n<meta property=\"og:site_name\" content=\"Lurdinha - Duque de Caxias para Est\u00f4magos Fortes\" \/>\n<meta property=\"article:publisher\" content=\"https:\/\/www.facebook.com\/LurdinhadeCaxias\" \/>\n<meta property=\"article:published_time\" content=\"2023-04-18T14:54:17+00:00\" \/>\n<meta property=\"article:modified_time\" content=\"2023-12-05T23:30:40+00:00\" \/>\n<meta property=\"og:image\" content=\"https:\/\/lurdinha.org\/site\/wp-content\/uploads\/fim-dos-tempos.jpg\" \/>\n\t<meta property=\"og:image:width\" content=\"1440\" \/>\n\t<meta property=\"og:image:height\" content=\"1440\" \/>\n\t<meta property=\"og:image:type\" content=\"image\/jpeg\" \/>\n<meta name=\"author\" content=\"Editoria\" \/>\n<meta name=\"twitter:card\" content=\"summary_large_image\" \/>\n<meta name=\"twitter:label1\" content=\"Escrito por\" \/>\n\t<meta name=\"twitter:data1\" content=\"Editoria\" \/>\n\t<meta name=\"twitter:label2\" content=\"Est. tempo de leitura\" \/>\n\t<meta name=\"twitter:data2\" content=\"5 minutos\" \/>\n<script type=\"application\/ld+json\" class=\"yoast-schema-graph\">{\"@context\":\"https:\\\/\\\/schema.org\",\"@graph\":[{\"@type\":\"Article\",\"@id\":\"https:\\\/\\\/lurdinha.org\\\/site\\\/mostra-o-cinema-e-o-fim-dos-tempos-leva-a-baixada-fluminense-filmes-e-palestras-sobre-questoes-ambientais-na-contemporaneidade\\\/#article\",\"isPartOf\":{\"@id\":\"https:\\\/\\\/lurdinha.org\\\/site\\\/mostra-o-cinema-e-o-fim-dos-tempos-leva-a-baixada-fluminense-filmes-e-palestras-sobre-questoes-ambientais-na-contemporaneidade\\\/\"},\"author\":{\"name\":\"Editoria\",\"@id\":\"https:\\\/\\\/lurdinha.org\\\/site\\\/#\\\/schema\\\/person\\\/6b0b6b83043cbaf7707ee275576b00ea\"},\"headline\":\"Mostra \u201cO Cinema e o Fim dos Tempos\u201d leva \u00e0 Baixada Fluminense filmes e palestras sobre quest\u00f5es ambientais na contemporaneidade\",\"datePublished\":\"2023-04-18T14:54:17+00:00\",\"dateModified\":\"2023-12-05T23:30:40+00:00\",\"mainEntityOfPage\":{\"@id\":\"https:\\\/\\\/lurdinha.org\\\/site\\\/mostra-o-cinema-e-o-fim-dos-tempos-leva-a-baixada-fluminense-filmes-e-palestras-sobre-questoes-ambientais-na-contemporaneidade\\\/\"},\"wordCount\":939,\"commentCount\":0,\"publisher\":{\"@id\":\"https:\\\/\\\/lurdinha.org\\\/site\\\/#organization\"},\"image\":{\"@id\":\"https:\\\/\\\/lurdinha.org\\\/site\\\/mostra-o-cinema-e-o-fim-dos-tempos-leva-a-baixada-fluminense-filmes-e-palestras-sobre-questoes-ambientais-na-contemporaneidade\\\/#primaryimage\"},\"thumbnailUrl\":\"https:\\\/\\\/lurdinha.org\\\/site\\\/wp-content\\\/uploads\\\/fim-dos-tempos.jpg\",\"keywords\":[\"baixada audiovisual\",\"caprisciana producoes\",\"cinema\",\"Mate Com Angu\",\"mostra fim dos tempos\"],\"articleSection\":[\"evento\",\"uma boa\"],\"inLanguage\":\"pt-BR\",\"potentialAction\":[{\"@type\":\"CommentAction\",\"name\":\"Comment\",\"target\":[\"https:\\\/\\\/lurdinha.org\\\/site\\\/mostra-o-cinema-e-o-fim-dos-tempos-leva-a-baixada-fluminense-filmes-e-palestras-sobre-questoes-ambientais-na-contemporaneidade\\\/#respond\"]}]},{\"@type\":\"WebPage\",\"@id\":\"https:\\\/\\\/lurdinha.org\\\/site\\\/mostra-o-cinema-e-o-fim-dos-tempos-leva-a-baixada-fluminense-filmes-e-palestras-sobre-questoes-ambientais-na-contemporaneidade\\\/\",\"url\":\"https:\\\/\\\/lurdinha.org\\\/site\\\/mostra-o-cinema-e-o-fim-dos-tempos-leva-a-baixada-fluminense-filmes-e-palestras-sobre-questoes-ambientais-na-contemporaneidade\\\/\",\"name\":\"Mostra \u201cO Cinema e o Fim dos Tempos\u201d leva \u00e0 Baixada Fluminense filmes e palestras sobre quest\u00f5es ambientais na contemporaneidade - Lurdinha - Duque de Caxias para Est\u00f4magos Fortes\",\"isPartOf\":{\"@id\":\"https:\\\/\\\/lurdinha.org\\\/site\\\/#website\"},\"primaryImageOfPage\":{\"@id\":\"https:\\\/\\\/lurdinha.org\\\/site\\\/mostra-o-cinema-e-o-fim-dos-tempos-leva-a-baixada-fluminense-filmes-e-palestras-sobre-questoes-ambientais-na-contemporaneidade\\\/#primaryimage\"},\"image\":{\"@id\":\"https:\\\/\\\/lurdinha.org\\\/site\\\/mostra-o-cinema-e-o-fim-dos-tempos-leva-a-baixada-fluminense-filmes-e-palestras-sobre-questoes-ambientais-na-contemporaneidade\\\/#primaryimage\"},\"thumbnailUrl\":\"https:\\\/\\\/lurdinha.org\\\/site\\\/wp-content\\\/uploads\\\/fim-dos-tempos.jpg\",\"datePublished\":\"2023-04-18T14:54:17+00:00\",\"dateModified\":\"2023-12-05T23:30:40+00:00\",\"breadcrumb\":{\"@id\":\"https:\\\/\\\/lurdinha.org\\\/site\\\/mostra-o-cinema-e-o-fim-dos-tempos-leva-a-baixada-fluminense-filmes-e-palestras-sobre-questoes-ambientais-na-contemporaneidade\\\/#breadcrumb\"},\"inLanguage\":\"pt-BR\",\"potentialAction\":[{\"@type\":\"ReadAction\",\"target\":[\"https:\\\/\\\/lurdinha.org\\\/site\\\/mostra-o-cinema-e-o-fim-dos-tempos-leva-a-baixada-fluminense-filmes-e-palestras-sobre-questoes-ambientais-na-contemporaneidade\\\/\"]}]},{\"@type\":\"ImageObject\",\"inLanguage\":\"pt-BR\",\"@id\":\"https:\\\/\\\/lurdinha.org\\\/site\\\/mostra-o-cinema-e-o-fim-dos-tempos-leva-a-baixada-fluminense-filmes-e-palestras-sobre-questoes-ambientais-na-contemporaneidade\\\/#primaryimage\",\"url\":\"https:\\\/\\\/lurdinha.org\\\/site\\\/wp-content\\\/uploads\\\/fim-dos-tempos.jpg\",\"contentUrl\":\"https:\\\/\\\/lurdinha.org\\\/site\\\/wp-content\\\/uploads\\\/fim-dos-tempos.jpg\",\"width\":1440,\"height\":1440,\"caption\":\"Mostra \u201cO Cinema e o Fim dos Tempos\u201d\"},{\"@type\":\"BreadcrumbList\",\"@id\":\"https:\\\/\\\/lurdinha.org\\\/site\\\/mostra-o-cinema-e-o-fim-dos-tempos-leva-a-baixada-fluminense-filmes-e-palestras-sobre-questoes-ambientais-na-contemporaneidade\\\/#breadcrumb\",\"itemListElement\":[{\"@type\":\"ListItem\",\"position\":1,\"name\":\"In\u00edcio\",\"item\":\"https:\\\/\\\/lurdinha.org\\\/site\\\/\"},{\"@type\":\"ListItem\",\"position\":2,\"name\":\"Mostra \u201cO Cinema e o Fim dos Tempos\u201d leva \u00e0 Baixada Fluminense filmes e palestras sobre quest\u00f5es ambientais na contemporaneidade\"}]},{\"@type\":\"WebSite\",\"@id\":\"https:\\\/\\\/lurdinha.org\\\/site\\\/#website\",\"url\":\"https:\\\/\\\/lurdinha.org\\\/site\\\/\",\"name\":\"Lurdinha - Duque de Caxias para Est\u00f4magos Fortes\",\"description\":\"Site sobre Arte, Cultura, Pol\u00edtica, Sociedade e curiosidades da cidade de Duque de Caxias, RJ\",\"publisher\":{\"@id\":\"https:\\\/\\\/lurdinha.org\\\/site\\\/#organization\"},\"alternateName\":\"Lurdinha\",\"potentialAction\":[{\"@type\":\"SearchAction\",\"target\":{\"@type\":\"EntryPoint\",\"urlTemplate\":\"https:\\\/\\\/lurdinha.org\\\/site\\\/?s={search_term_string}\"},\"query-input\":{\"@type\":\"PropertyValueSpecification\",\"valueRequired\":true,\"valueName\":\"search_term_string\"}}],\"inLanguage\":\"pt-BR\"},{\"@type\":\"Organization\",\"@id\":\"https:\\\/\\\/lurdinha.org\\\/site\\\/#organization\",\"name\":\"Lurdinha de Caxias\",\"url\":\"https:\\\/\\\/lurdinha.org\\\/site\\\/\",\"logo\":{\"@type\":\"ImageObject\",\"inLanguage\":\"pt-BR\",\"@id\":\"https:\\\/\\\/lurdinha.org\\\/site\\\/#\\\/schema\\\/logo\\\/image\\\/\",\"url\":\"https:\\\/\\\/lurdinha.org\\\/site\\\/wp-content\\\/uploads\\\/logo-lurdinha.jpg\",\"contentUrl\":\"https:\\\/\\\/lurdinha.org\\\/site\\\/wp-content\\\/uploads\\\/logo-lurdinha.jpg\",\"width\":640,\"height\":60,\"caption\":\"Lurdinha de Caxias\"},\"image\":{\"@id\":\"https:\\\/\\\/lurdinha.org\\\/site\\\/#\\\/schema\\\/logo\\\/image\\\/\"},\"sameAs\":[\"https:\\\/\\\/www.facebook.com\\\/LurdinhadeCaxias\",\"https:\\\/\\\/www.instagram.com\\\/lurdinhadecaxias\"]},{\"@type\":\"Person\",\"@id\":\"https:\\\/\\\/lurdinha.org\\\/site\\\/#\\\/schema\\\/person\\\/6b0b6b83043cbaf7707ee275576b00ea\",\"name\":\"Editoria\",\"image\":{\"@type\":\"ImageObject\",\"inLanguage\":\"pt-BR\",\"@id\":\"https:\\\/\\\/secure.gravatar.com\\\/avatar\\\/0ba27ca5462d63e6c810ae4debe7159a69befcd2e33516be5bad4700d2dbfa72?s=96&d=mm&r=g\",\"url\":\"https:\\\/\\\/secure.gravatar.com\\\/avatar\\\/0ba27ca5462d63e6c810ae4debe7159a69befcd2e33516be5bad4700d2dbfa72?s=96&d=mm&r=g\",\"contentUrl\":\"https:\\\/\\\/secure.gravatar.com\\\/avatar\\\/0ba27ca5462d63e6c810ae4debe7159a69befcd2e33516be5bad4700d2dbfa72?s=96&d=mm&r=g\",\"caption\":\"Editoria\"},\"url\":\"https:\\\/\\\/lurdinha.org\\\/site\\\/author\\\/editoria\\\/\"}]}<\/script>\n<!-- \/ Yoast SEO plugin. -->","yoast_head_json":{"title":"Mostra \u201cO Cinema e o Fim dos Tempos\u201d leva \u00e0 Baixada Fluminense filmes e palestras sobre quest\u00f5es ambientais na contemporaneidade - Lurdinha - Duque de Caxias para Est\u00f4magos Fortes","robots":{"index":"index","follow":"follow","max-snippet":"max-snippet:-1","max-image-preview":"max-image-preview:large","max-video-preview":"max-video-preview:-1"},"canonical":"https:\/\/lurdinha.org\/site\/mostra-o-cinema-e-o-fim-dos-tempos-leva-a-baixada-fluminense-filmes-e-palestras-sobre-questoes-ambientais-na-contemporaneidade\/","og_locale":"pt_BR","og_type":"article","og_title":"Mostra \u201cO Cinema e o Fim dos Tempos\u201d leva \u00e0 Baixada Fluminense filmes e palestras sobre quest\u00f5es ambientais na contemporaneidade - Lurdinha - Duque de Caxias para Est\u00f4magos Fortes","og_description":"A mostra come\u00e7a dia 24 de abril, na FEBF\/UERJ, em Duque de Caxias, unidade que...","og_url":"https:\/\/lurdinha.org\/site\/mostra-o-cinema-e-o-fim-dos-tempos-leva-a-baixada-fluminense-filmes-e-palestras-sobre-questoes-ambientais-na-contemporaneidade\/","og_site_name":"Lurdinha - Duque de Caxias para Est\u00f4magos Fortes","article_publisher":"https:\/\/www.facebook.com\/LurdinhadeCaxias","article_published_time":"2023-04-18T14:54:17+00:00","article_modified_time":"2023-12-05T23:30:40+00:00","og_image":[{"width":1440,"height":1440,"url":"https:\/\/lurdinha.org\/site\/wp-content\/uploads\/fim-dos-tempos.jpg","type":"image\/jpeg"}],"author":"Editoria","twitter_card":"summary_large_image","twitter_misc":{"Escrito por":"Editoria","Est. tempo de leitura":"5 minutos"},"schema":{"@context":"https:\/\/schema.org","@graph":[{"@type":"Article","@id":"https:\/\/lurdinha.org\/site\/mostra-o-cinema-e-o-fim-dos-tempos-leva-a-baixada-fluminense-filmes-e-palestras-sobre-questoes-ambientais-na-contemporaneidade\/#article","isPartOf":{"@id":"https:\/\/lurdinha.org\/site\/mostra-o-cinema-e-o-fim-dos-tempos-leva-a-baixada-fluminense-filmes-e-palestras-sobre-questoes-ambientais-na-contemporaneidade\/"},"author":{"name":"Editoria","@id":"https:\/\/lurdinha.org\/site\/#\/schema\/person\/6b0b6b83043cbaf7707ee275576b00ea"},"headline":"Mostra \u201cO Cinema e o Fim dos Tempos\u201d leva \u00e0 Baixada Fluminense filmes e palestras sobre quest\u00f5es ambientais na contemporaneidade","datePublished":"2023-04-18T14:54:17+00:00","dateModified":"2023-12-05T23:30:40+00:00","mainEntityOfPage":{"@id":"https:\/\/lurdinha.org\/site\/mostra-o-cinema-e-o-fim-dos-tempos-leva-a-baixada-fluminense-filmes-e-palestras-sobre-questoes-ambientais-na-contemporaneidade\/"},"wordCount":939,"commentCount":0,"publisher":{"@id":"https:\/\/lurdinha.org\/site\/#organization"},"image":{"@id":"https:\/\/lurdinha.org\/site\/mostra-o-cinema-e-o-fim-dos-tempos-leva-a-baixada-fluminense-filmes-e-palestras-sobre-questoes-ambientais-na-contemporaneidade\/#primaryimage"},"thumbnailUrl":"https:\/\/lurdinha.org\/site\/wp-content\/uploads\/fim-dos-tempos.jpg","keywords":["baixada audiovisual","caprisciana producoes","cinema","Mate Com Angu","mostra fim dos tempos"],"articleSection":["evento","uma boa"],"inLanguage":"pt-BR","potentialAction":[{"@type":"CommentAction","name":"Comment","target":["https:\/\/lurdinha.org\/site\/mostra-o-cinema-e-o-fim-dos-tempos-leva-a-baixada-fluminense-filmes-e-palestras-sobre-questoes-ambientais-na-contemporaneidade\/#respond"]}]},{"@type":"WebPage","@id":"https:\/\/lurdinha.org\/site\/mostra-o-cinema-e-o-fim-dos-tempos-leva-a-baixada-fluminense-filmes-e-palestras-sobre-questoes-ambientais-na-contemporaneidade\/","url":"https:\/\/lurdinha.org\/site\/mostra-o-cinema-e-o-fim-dos-tempos-leva-a-baixada-fluminense-filmes-e-palestras-sobre-questoes-ambientais-na-contemporaneidade\/","name":"Mostra \u201cO Cinema e o Fim dos Tempos\u201d leva \u00e0 Baixada Fluminense filmes e palestras sobre quest\u00f5es ambientais na contemporaneidade - Lurdinha - Duque de Caxias para Est\u00f4magos Fortes","isPartOf":{"@id":"https:\/\/lurdinha.org\/site\/#website"},"primaryImageOfPage":{"@id":"https:\/\/lurdinha.org\/site\/mostra-o-cinema-e-o-fim-dos-tempos-leva-a-baixada-fluminense-filmes-e-palestras-sobre-questoes-ambientais-na-contemporaneidade\/#primaryimage"},"image":{"@id":"https:\/\/lurdinha.org\/site\/mostra-o-cinema-e-o-fim-dos-tempos-leva-a-baixada-fluminense-filmes-e-palestras-sobre-questoes-ambientais-na-contemporaneidade\/#primaryimage"},"thumbnailUrl":"https:\/\/lurdinha.org\/site\/wp-content\/uploads\/fim-dos-tempos.jpg","datePublished":"2023-04-18T14:54:17+00:00","dateModified":"2023-12-05T23:30:40+00:00","breadcrumb":{"@id":"https:\/\/lurdinha.org\/site\/mostra-o-cinema-e-o-fim-dos-tempos-leva-a-baixada-fluminense-filmes-e-palestras-sobre-questoes-ambientais-na-contemporaneidade\/#breadcrumb"},"inLanguage":"pt-BR","potentialAction":[{"@type":"ReadAction","target":["https:\/\/lurdinha.org\/site\/mostra-o-cinema-e-o-fim-dos-tempos-leva-a-baixada-fluminense-filmes-e-palestras-sobre-questoes-ambientais-na-contemporaneidade\/"]}]},{"@type":"ImageObject","inLanguage":"pt-BR","@id":"https:\/\/lurdinha.org\/site\/mostra-o-cinema-e-o-fim-dos-tempos-leva-a-baixada-fluminense-filmes-e-palestras-sobre-questoes-ambientais-na-contemporaneidade\/#primaryimage","url":"https:\/\/lurdinha.org\/site\/wp-content\/uploads\/fim-dos-tempos.jpg","contentUrl":"https:\/\/lurdinha.org\/site\/wp-content\/uploads\/fim-dos-tempos.jpg","width":1440,"height":1440,"caption":"Mostra \u201cO Cinema e o Fim dos Tempos\u201d"},{"@type":"BreadcrumbList","@id":"https:\/\/lurdinha.org\/site\/mostra-o-cinema-e-o-fim-dos-tempos-leva-a-baixada-fluminense-filmes-e-palestras-sobre-questoes-ambientais-na-contemporaneidade\/#breadcrumb","itemListElement":[{"@type":"ListItem","position":1,"name":"In\u00edcio","item":"https:\/\/lurdinha.org\/site\/"},{"@type":"ListItem","position":2,"name":"Mostra \u201cO Cinema e o Fim dos Tempos\u201d leva \u00e0 Baixada Fluminense filmes e palestras sobre quest\u00f5es ambientais na contemporaneidade"}]},{"@type":"WebSite","@id":"https:\/\/lurdinha.org\/site\/#website","url":"https:\/\/lurdinha.org\/site\/","name":"Lurdinha - Duque de Caxias para Est\u00f4magos Fortes","description":"Site sobre Arte, Cultura, Pol\u00edtica, Sociedade e curiosidades da cidade de Duque de Caxias, RJ","publisher":{"@id":"https:\/\/lurdinha.org\/site\/#organization"},"alternateName":"Lurdinha","potentialAction":[{"@type":"SearchAction","target":{"@type":"EntryPoint","urlTemplate":"https:\/\/lurdinha.org\/site\/?s={search_term_string}"},"query-input":{"@type":"PropertyValueSpecification","valueRequired":true,"valueName":"search_term_string"}}],"inLanguage":"pt-BR"},{"@type":"Organization","@id":"https:\/\/lurdinha.org\/site\/#organization","name":"Lurdinha de Caxias","url":"https:\/\/lurdinha.org\/site\/","logo":{"@type":"ImageObject","inLanguage":"pt-BR","@id":"https:\/\/lurdinha.org\/site\/#\/schema\/logo\/image\/","url":"https:\/\/lurdinha.org\/site\/wp-content\/uploads\/logo-lurdinha.jpg","contentUrl":"https:\/\/lurdinha.org\/site\/wp-content\/uploads\/logo-lurdinha.jpg","width":640,"height":60,"caption":"Lurdinha de Caxias"},"image":{"@id":"https:\/\/lurdinha.org\/site\/#\/schema\/logo\/image\/"},"sameAs":["https:\/\/www.facebook.com\/LurdinhadeCaxias","https:\/\/www.instagram.com\/lurdinhadecaxias"]},{"@type":"Person","@id":"https:\/\/lurdinha.org\/site\/#\/schema\/person\/6b0b6b83043cbaf7707ee275576b00ea","name":"Editoria","image":{"@type":"ImageObject","inLanguage":"pt-BR","@id":"https:\/\/secure.gravatar.com\/avatar\/0ba27ca5462d63e6c810ae4debe7159a69befcd2e33516be5bad4700d2dbfa72?s=96&d=mm&r=g","url":"https:\/\/secure.gravatar.com\/avatar\/0ba27ca5462d63e6c810ae4debe7159a69befcd2e33516be5bad4700d2dbfa72?s=96&d=mm&r=g","contentUrl":"https:\/\/secure.gravatar.com\/avatar\/0ba27ca5462d63e6c810ae4debe7159a69befcd2e33516be5bad4700d2dbfa72?s=96&d=mm&r=g","caption":"Editoria"},"url":"https:\/\/lurdinha.org\/site\/author\/editoria\/"}]}},"views":1097,"_links":{"self":[{"href":"https:\/\/lurdinha.org\/site\/wp-json\/wp\/v2\/posts\/11118","targetHints":{"allow":["GET"]}}],"collection":[{"href":"https:\/\/lurdinha.org\/site\/wp-json\/wp\/v2\/posts"}],"about":[{"href":"https:\/\/lurdinha.org\/site\/wp-json\/wp\/v2\/types\/post"}],"author":[{"embeddable":true,"href":"https:\/\/lurdinha.org\/site\/wp-json\/wp\/v2\/users\/87"}],"replies":[{"embeddable":true,"href":"https:\/\/lurdinha.org\/site\/wp-json\/wp\/v2\/comments?post=11118"}],"version-history":[{"count":6,"href":"https:\/\/lurdinha.org\/site\/wp-json\/wp\/v2\/posts\/11118\/revisions"}],"predecessor-version":[{"id":11140,"href":"https:\/\/lurdinha.org\/site\/wp-json\/wp\/v2\/posts\/11118\/revisions\/11140"}],"wp:featuredmedia":[{"embeddable":true,"href":"https:\/\/lurdinha.org\/site\/wp-json\/wp\/v2\/media\/11119"}],"wp:attachment":[{"href":"https:\/\/lurdinha.org\/site\/wp-json\/wp\/v2\/media?parent=11118"}],"wp:term":[{"taxonomy":"category","embeddable":true,"href":"https:\/\/lurdinha.org\/site\/wp-json\/wp\/v2\/categories?post=11118"},{"taxonomy":"post_tag","embeddable":true,"href":"https:\/\/lurdinha.org\/site\/wp-json\/wp\/v2\/tags?post=11118"}],"curies":[{"name":"wp","href":"https:\/\/api.w.org\/{rel}","templated":true}]}}