{"id":11079,"date":"2023-04-05T21:42:39","date_gmt":"2023-04-05T21:42:39","guid":{"rendered":"https:\/\/lurdinha.org\/site\/?p=11079"},"modified":"2025-08-10T20:53:19","modified_gmt":"2025-08-10T20:53:19","slug":"um-pouco-de-como-eram-as-famosas-festancas-organizadas-por-solano-trindade-em-caxias","status":"publish","type":"post","link":"https:\/\/lurdinha.org\/site\/um-pouco-de-como-eram-as-famosas-festancas-organizadas-por-solano-trindade-em-caxias\/","title":{"rendered":"Um pouco de como eram as festas organizadas por Solano Trindade em Caxias"},"content":{"rendered":"<div class=\"\" dir=\"auto\">\n<div id=\":r2nq:\" class=\"x1iorvi4 x1pi30zi x1swvt13 x1l90r2v\" data-ad-comet-preview=\"message\" data-ad-preview=\"message\">\n<div class=\"x78zum5 xdt5ytf xz62fqu x16ldp7u\">\n<div class=\"xu06os2 x1ok221b\">\n<div class=\"x11i5rnm xat24cr x1mh8g0r x1vvkbs xdj266r x126k92a\">\n<div dir=\"auto\"><img loading=\"lazy\" decoding=\"async\" class=\"alignnone wp-image-11080 size-full\" src=\"https:\/\/lurdinha.org\/site\/wp-content\/uploads\/festadeterreiro_Solano_1953_JornaldoComercio__.jpg\" alt=\"Festas de Terreiro organizadas por Solano Trindade em Caxias - Cartolinhas de Caxias\" width=\"600\" height=\"872\" srcset=\"https:\/\/lurdinha.org\/site\/wp-content\/uploads\/festadeterreiro_Solano_1953_JornaldoComercio__.jpg 600w, https:\/\/lurdinha.org\/site\/wp-content\/uploads\/festadeterreiro_Solano_1953_JornaldoComercio__-206x300.jpg 206w\" sizes=\"auto, (max-width: 600px) 100vw, 600px\" \/><\/div>\n<div dir=\"auto\">Pequena nota do Jornal do Com\u00e9rcio, de 1953, traz um curioso informe sobre uma das famosas festan\u00e7as organizadas por <strong>Solano Trindade<\/strong> em Caxias, na sede da <strong>Escola de Samba Cartolinhas de Caxias<\/strong>, que era praticamente ao lado de sua casa. Muita informa\u00e7\u00e3o e muitas pistas podem ser tiradas dessa nota.<\/div>\n<div dir=\"auto\">E sente a del\u00edcia de clima que devia ser essa parada\u2026 Ali\u00e1s, condiz com o que ouvi da pr\u00f3pria boca de Dona Raquel e Seu Liberto, filhos do h\u00f4mi <span class=\"x3nfvp2 x1j61x8r x1fcty0u xdj266r xhhsvwb xat24cr xgzva0m xxymvpz xlup9mm x1kky2od\"><img loading=\"lazy\" decoding=\"async\" src=\"https:\/\/static.xx.fbcdn.net\/images\/emoji.php\/v9\/t4c\/1\/16\/1f642.png\" alt=\"\ud83d\ude42\" width=\"16\" height=\"16\" \/><\/span><\/div>\n<div dir=\"auto\"><\/div>\n<div dir=\"auto\">&#8211;<\/div>\n<\/div>\n<div class=\"x11i5rnm xat24cr x1mh8g0r x1vvkbs xtlvy1s x126k92a\">\n<div dir=\"auto\"><strong>\u201cA FESTA DE TERREIRO DO TEATRO POPULAR BRASILEIRO<\/strong><\/div>\n<\/div>\n<div class=\"x11i5rnm xat24cr x1mh8g0r x1vvkbs xtlvy1s x126k92a\">\n<div dir=\"auto\">O Teatro Popular Brasileiro, dirigido por Solano Trindade, levar\u00e1 a efeito no pr\u00f3ximo dia 10 da sua famosa festa de Terreiro, cujo programa ser\u00e1 uma grande apresenta\u00e7\u00e3o das dan\u00e7as e cantos do popul\u00e1rio nacional, o qual ser\u00e1 executado pelo elenco deste conjunto teatral e pelos componentes da Escola de Samba de Duque de Caxias. Este espet\u00e1culo folcl\u00f3rico ser\u00e1 realizado no Terreiro da Escola de Samba acima citada, come\u00e7ando as 20 horas com o seguinte roteiro:<\/div>\n<div dir=\"auto\"><\/div>\n<\/div>\n<div class=\"x11i5rnm xat24cr x1mh8g0r x1vvkbs xtlvy1s x126k92a\">\n<div dir=\"auto\">Sambas (Partido alto, Escola, Pernada) Pela Escola de Samba Cartolinhas.<\/div>\n<div dir=\"auto\">Rancho (Pelo Teatro Popular Brasileiro).<\/div>\n<div dir=\"auto\">Samba (Baiano) Pelo Teatro Popular Brasileiro.<\/div>\n<div dir=\"auto\">Frevo (Pelo Teatro Popular Brasileiro).<\/div>\n<div dir=\"auto\">Candombl\u00e9 (Pelo Teatro Popular Brasileiro).<\/div>\n<div dir=\"auto\">Maracatu (Pelo Teatro Popular Brasileiro).<\/div>\n<div dir=\"auto\"><\/div>\n<\/div>\n<div class=\"x11i5rnm xat24cr x1mh8g0r x1vvkbs xtlvy1s x126k92a\">\n<div dir=\"auto\">Haver\u00e3o visitas aos terreiros de Macumbas e aos grupos de Folia de Reis que funcionar\u00e3o nesse dia.<\/div>\n<div dir=\"auto\"><\/div>\n<\/div>\n<div class=\"x11i5rnm xat24cr x1mh8g0r x1vvkbs xtlvy1s x126k92a\">\n<div dir=\"auto\">A decora\u00e7\u00e3o do terreiro est\u00e1 a cargo do pintor Silvio Teles. Baianas com seus preg\u00f5es tradicionais vender\u00e3o quitutes. J\u00e1 aderiram a essa festa de arte, entre outros, os seguintes intelectuais e artistas: Paschoal Carlos Magno, Santa Rosa, Vin\u00edcius de Morais, Manezinho Araujo, Heitor dos Prazeres, Aldo Calvet, Bandeira Duarte, Lopes Gon\u00e7alves, Damata Jos\u00e9 Medeiros, Iber\u00ea Camargo, Inim\u00e1, Djanira, Paulo Werneck, Silvia, Stokinger, Joaquim Cardoso, Rapoport, Jarbas Andr\u00e9a, Anibal Machado e Edison Carneiro.<\/div>\n<div dir=\"auto\">A lista de ades\u00e3o a referida festa se encontra com Solano Trindade no S.N.T ou no Bar Vermelhinho.\u201d<\/div>\n<div dir=\"auto\">.<\/div>\n<\/div>\n<div class=\"x11i5rnm xat24cr x1mh8g0r x1vvkbs xtlvy1s x126k92a\">\n<div dir=\"auto\"><em><strong>[Jornal do Com\u00e9rcio, 1953]<\/strong><\/em><\/div>\n<div dir=\"auto\">.<\/div>\n<div dir=\"auto\">.<\/div>\n<\/div>\n<\/div>\n<\/div>\n<\/div>\n<\/div>\n","protected":false},"excerpt":{"rendered":"<p>Pequena nota do Jornal do Com\u00e9rcio, de 1953, traz um curioso informe sobre uma das&#8230;<\/p>\n","protected":false},"author":2,"featured_media":11080,"comment_status":"open","ping_status":"closed","sticky":false,"template":"","format":"standard","meta":{"footnotes":""},"categories":[14,9,5],"tags":[12,331,1099,11,382,1336,620,28,1335],"class_list":["post-11079","post","type-post","status-publish","format-standard","has-post-thumbnail","hentry","category-gente","category-historia","category-umaboa","tag-baixada-fluminense","tag-cartolinhas-de-caxias","tag-caxias-cultura","tag-duque-de-caxias","tag-folia-de-reis","tag-liberto-trindade","tag-raquel-trindade","tag-solano-trindade","tag-teatro-popular-brasileiro"],"yoast_head":"<!-- This site is optimized with the Yoast SEO plugin v27.5 - https:\/\/yoast.com\/product\/yoast-seo-wordpress\/ -->\n<title>Um pouco de como eram as festas organizadas por Solano Trindade em Caxias - Lurdinha - Duque de Caxias para Est\u00f4magos Fortes<\/title>\n<meta name=\"robots\" content=\"index, follow, max-snippet:-1, max-image-preview:large, max-video-preview:-1\" \/>\n<link rel=\"canonical\" href=\"https:\/\/lurdinha.org\/site\/um-pouco-de-como-eram-as-famosas-festancas-organizadas-por-solano-trindade-em-caxias\/\" \/>\n<meta property=\"og:locale\" content=\"pt_BR\" \/>\n<meta property=\"og:type\" content=\"article\" \/>\n<meta property=\"og:title\" content=\"Um pouco de como eram as festas organizadas por Solano Trindade em Caxias - Lurdinha - Duque de Caxias para Est\u00f4magos Fortes\" \/>\n<meta property=\"og:description\" content=\"Pequena nota do Jornal do Com\u00e9rcio, de 1953, traz um curioso informe sobre uma das...\" \/>\n<meta property=\"og:url\" content=\"https:\/\/lurdinha.org\/site\/um-pouco-de-como-eram-as-famosas-festancas-organizadas-por-solano-trindade-em-caxias\/\" \/>\n<meta property=\"og:site_name\" content=\"Lurdinha - Duque de Caxias para Est\u00f4magos Fortes\" \/>\n<meta property=\"article:publisher\" content=\"https:\/\/www.facebook.com\/LurdinhadeCaxias\" \/>\n<meta property=\"article:author\" content=\"botocudo\" \/>\n<meta property=\"article:published_time\" content=\"2023-04-05T21:42:39+00:00\" \/>\n<meta property=\"article:modified_time\" content=\"2025-08-10T20:53:19+00:00\" \/>\n<meta property=\"og:image\" content=\"https:\/\/lurdinha.org\/site\/wp-content\/uploads\/festadeterreiro_Solano_1953_JornaldoComercio__.jpg\" \/>\n\t<meta property=\"og:image:width\" content=\"600\" \/>\n\t<meta property=\"og:image:height\" content=\"872\" \/>\n\t<meta property=\"og:image:type\" content=\"image\/jpeg\" \/>\n<meta name=\"author\" content=\"heraldo hb\" \/>\n<meta name=\"twitter:card\" content=\"summary_large_image\" \/>\n<meta name=\"twitter:label1\" content=\"Escrito por\" \/>\n\t<meta name=\"twitter:data1\" content=\"heraldo hb\" \/>\n\t<meta name=\"twitter:label2\" content=\"Est. tempo de leitura\" \/>\n\t<meta name=\"twitter:data2\" content=\"2 minutos\" \/>\n<script type=\"application\/ld+json\" class=\"yoast-schema-graph\">{\"@context\":\"https:\\\/\\\/schema.org\",\"@graph\":[{\"@type\":\"Article\",\"@id\":\"https:\\\/\\\/lurdinha.org\\\/site\\\/um-pouco-de-como-eram-as-famosas-festancas-organizadas-por-solano-trindade-em-caxias\\\/#article\",\"isPartOf\":{\"@id\":\"https:\\\/\\\/lurdinha.org\\\/site\\\/um-pouco-de-como-eram-as-famosas-festancas-organizadas-por-solano-trindade-em-caxias\\\/\"},\"author\":{\"name\":\"heraldo hb\",\"@id\":\"https:\\\/\\\/lurdinha.org\\\/site\\\/#\\\/schema\\\/person\\\/b833bb6a7f82598bf0e95e4c30874251\"},\"headline\":\"Um pouco de como eram as festas organizadas por Solano Trindade em Caxias\",\"datePublished\":\"2023-04-05T21:42:39+00:00\",\"dateModified\":\"2025-08-10T20:53:19+00:00\",\"mainEntityOfPage\":{\"@id\":\"https:\\\/\\\/lurdinha.org\\\/site\\\/um-pouco-de-como-eram-as-famosas-festancas-organizadas-por-solano-trindade-em-caxias\\\/\"},\"wordCount\":345,\"commentCount\":0,\"publisher\":{\"@id\":\"https:\\\/\\\/lurdinha.org\\\/site\\\/#organization\"},\"image\":{\"@id\":\"https:\\\/\\\/lurdinha.org\\\/site\\\/um-pouco-de-como-eram-as-famosas-festancas-organizadas-por-solano-trindade-em-caxias\\\/#primaryimage\"},\"thumbnailUrl\":\"https:\\\/\\\/lurdinha.org\\\/site\\\/wp-content\\\/uploads\\\/festadeterreiro_Solano_1953_JornaldoComercio__.jpg\",\"keywords\":[\"baixada-fluminense\",\"Cartolinhas de Caxias\",\"caxias cultura\",\"duque-de-caxias\",\"Folia de Reis\",\"liberto trindade\",\"raquel trindade\",\"solano trindade\",\"Teatro Popular Brasileiro\"],\"articleSection\":[\"gente\",\"hist\u00f3ria\",\"uma boa\"],\"inLanguage\":\"pt-BR\",\"potentialAction\":[{\"@type\":\"CommentAction\",\"name\":\"Comment\",\"target\":[\"https:\\\/\\\/lurdinha.org\\\/site\\\/um-pouco-de-como-eram-as-famosas-festancas-organizadas-por-solano-trindade-em-caxias\\\/#respond\"]}]},{\"@type\":\"WebPage\",\"@id\":\"https:\\\/\\\/lurdinha.org\\\/site\\\/um-pouco-de-como-eram-as-famosas-festancas-organizadas-por-solano-trindade-em-caxias\\\/\",\"url\":\"https:\\\/\\\/lurdinha.org\\\/site\\\/um-pouco-de-como-eram-as-famosas-festancas-organizadas-por-solano-trindade-em-caxias\\\/\",\"name\":\"Um pouco de como eram as festas organizadas por Solano Trindade em Caxias - Lurdinha - Duque de Caxias para Est\u00f4magos Fortes\",\"isPartOf\":{\"@id\":\"https:\\\/\\\/lurdinha.org\\\/site\\\/#website\"},\"primaryImageOfPage\":{\"@id\":\"https:\\\/\\\/lurdinha.org\\\/site\\\/um-pouco-de-como-eram-as-famosas-festancas-organizadas-por-solano-trindade-em-caxias\\\/#primaryimage\"},\"image\":{\"@id\":\"https:\\\/\\\/lurdinha.org\\\/site\\\/um-pouco-de-como-eram-as-famosas-festancas-organizadas-por-solano-trindade-em-caxias\\\/#primaryimage\"},\"thumbnailUrl\":\"https:\\\/\\\/lurdinha.org\\\/site\\\/wp-content\\\/uploads\\\/festadeterreiro_Solano_1953_JornaldoComercio__.jpg\",\"datePublished\":\"2023-04-05T21:42:39+00:00\",\"dateModified\":\"2025-08-10T20:53:19+00:00\",\"breadcrumb\":{\"@id\":\"https:\\\/\\\/lurdinha.org\\\/site\\\/um-pouco-de-como-eram-as-famosas-festancas-organizadas-por-solano-trindade-em-caxias\\\/#breadcrumb\"},\"inLanguage\":\"pt-BR\",\"potentialAction\":[{\"@type\":\"ReadAction\",\"target\":[\"https:\\\/\\\/lurdinha.org\\\/site\\\/um-pouco-de-como-eram-as-famosas-festancas-organizadas-por-solano-trindade-em-caxias\\\/\"]}]},{\"@type\":\"ImageObject\",\"inLanguage\":\"pt-BR\",\"@id\":\"https:\\\/\\\/lurdinha.org\\\/site\\\/um-pouco-de-como-eram-as-famosas-festancas-organizadas-por-solano-trindade-em-caxias\\\/#primaryimage\",\"url\":\"https:\\\/\\\/lurdinha.org\\\/site\\\/wp-content\\\/uploads\\\/festadeterreiro_Solano_1953_JornaldoComercio__.jpg\",\"contentUrl\":\"https:\\\/\\\/lurdinha.org\\\/site\\\/wp-content\\\/uploads\\\/festadeterreiro_Solano_1953_JornaldoComercio__.jpg\",\"width\":600,\"height\":872},{\"@type\":\"BreadcrumbList\",\"@id\":\"https:\\\/\\\/lurdinha.org\\\/site\\\/um-pouco-de-como-eram-as-famosas-festancas-organizadas-por-solano-trindade-em-caxias\\\/#breadcrumb\",\"itemListElement\":[{\"@type\":\"ListItem\",\"position\":1,\"name\":\"In\u00edcio\",\"item\":\"https:\\\/\\\/lurdinha.org\\\/site\\\/\"},{\"@type\":\"ListItem\",\"position\":2,\"name\":\"Um pouco de como eram as festas organizadas por Solano Trindade em Caxias\"}]},{\"@type\":\"WebSite\",\"@id\":\"https:\\\/\\\/lurdinha.org\\\/site\\\/#website\",\"url\":\"https:\\\/\\\/lurdinha.org\\\/site\\\/\",\"name\":\"Lurdinha - Duque de Caxias para Est\u00f4magos Fortes\",\"description\":\"Site sobre Arte, Cultura, Pol\u00edtica, Sociedade e curiosidades da cidade de Duque de Caxias, RJ\",\"publisher\":{\"@id\":\"https:\\\/\\\/lurdinha.org\\\/site\\\/#organization\"},\"alternateName\":\"Lurdinha\",\"potentialAction\":[{\"@type\":\"SearchAction\",\"target\":{\"@type\":\"EntryPoint\",\"urlTemplate\":\"https:\\\/\\\/lurdinha.org\\\/site\\\/?s={search_term_string}\"},\"query-input\":{\"@type\":\"PropertyValueSpecification\",\"valueRequired\":true,\"valueName\":\"search_term_string\"}}],\"inLanguage\":\"pt-BR\"},{\"@type\":\"Organization\",\"@id\":\"https:\\\/\\\/lurdinha.org\\\/site\\\/#organization\",\"name\":\"Lurdinha de Caxias\",\"url\":\"https:\\\/\\\/lurdinha.org\\\/site\\\/\",\"logo\":{\"@type\":\"ImageObject\",\"inLanguage\":\"pt-BR\",\"@id\":\"https:\\\/\\\/lurdinha.org\\\/site\\\/#\\\/schema\\\/logo\\\/image\\\/\",\"url\":\"https:\\\/\\\/lurdinha.org\\\/site\\\/wp-content\\\/uploads\\\/logo-lurdinha.jpg\",\"contentUrl\":\"https:\\\/\\\/lurdinha.org\\\/site\\\/wp-content\\\/uploads\\\/logo-lurdinha.jpg\",\"width\":640,\"height\":60,\"caption\":\"Lurdinha de Caxias\"},\"image\":{\"@id\":\"https:\\\/\\\/lurdinha.org\\\/site\\\/#\\\/schema\\\/logo\\\/image\\\/\"},\"sameAs\":[\"https:\\\/\\\/www.facebook.com\\\/LurdinhadeCaxias\",\"https:\\\/\\\/www.instagram.com\\\/lurdinhadecaxias\"]},{\"@type\":\"Person\",\"@id\":\"https:\\\/\\\/lurdinha.org\\\/site\\\/#\\\/schema\\\/person\\\/b833bb6a7f82598bf0e95e4c30874251\",\"name\":\"heraldo hb\",\"image\":{\"@type\":\"ImageObject\",\"inLanguage\":\"pt-BR\",\"@id\":\"https:\\\/\\\/secure.gravatar.com\\\/avatar\\\/5de9fe99c72cb6885bbdaa24b1c5738b0f673d265de18720fae7463d5f47b48d?s=96&d=mm&r=g\",\"url\":\"https:\\\/\\\/secure.gravatar.com\\\/avatar\\\/5de9fe99c72cb6885bbdaa24b1c5738b0f673d265de18720fae7463d5f47b48d?s=96&d=mm&r=g\",\"contentUrl\":\"https:\\\/\\\/secure.gravatar.com\\\/avatar\\\/5de9fe99c72cb6885bbdaa24b1c5738b0f673d265de18720fae7463d5f47b48d?s=96&d=mm&r=g\",\"caption\":\"heraldo hb\"},\"description\":\"Cineasta, animador cultural, escritor e educador nascido no s\u00e9culo XX\",\"sameAs\":[\"http:\\\/\\\/wwww.relinkare.org\",\"botocudo\",\"heraldohb\",\"relinkare\"],\"url\":\"https:\\\/\\\/lurdinha.org\\\/site\\\/author\\\/heraldohb\\\/\"}]}<\/script>\n<!-- \/ Yoast SEO plugin. -->","yoast_head_json":{"title":"Um pouco de como eram as festas organizadas por Solano Trindade em Caxias - Lurdinha - Duque de Caxias para Est\u00f4magos Fortes","robots":{"index":"index","follow":"follow","max-snippet":"max-snippet:-1","max-image-preview":"max-image-preview:large","max-video-preview":"max-video-preview:-1"},"canonical":"https:\/\/lurdinha.org\/site\/um-pouco-de-como-eram-as-famosas-festancas-organizadas-por-solano-trindade-em-caxias\/","og_locale":"pt_BR","og_type":"article","og_title":"Um pouco de como eram as festas organizadas por Solano Trindade em Caxias - Lurdinha - Duque de Caxias para Est\u00f4magos Fortes","og_description":"Pequena nota do Jornal do Com\u00e9rcio, de 1953, traz um curioso informe sobre uma das...","og_url":"https:\/\/lurdinha.org\/site\/um-pouco-de-como-eram-as-famosas-festancas-organizadas-por-solano-trindade-em-caxias\/","og_site_name":"Lurdinha - Duque de Caxias para Est\u00f4magos Fortes","article_publisher":"https:\/\/www.facebook.com\/LurdinhadeCaxias","article_author":"botocudo","article_published_time":"2023-04-05T21:42:39+00:00","article_modified_time":"2025-08-10T20:53:19+00:00","og_image":[{"width":600,"height":872,"url":"https:\/\/lurdinha.org\/site\/wp-content\/uploads\/festadeterreiro_Solano_1953_JornaldoComercio__.jpg","type":"image\/jpeg"}],"author":"heraldo hb","twitter_card":"summary_large_image","twitter_misc":{"Escrito por":"heraldo hb","Est. tempo de leitura":"2 minutos"},"schema":{"@context":"https:\/\/schema.org","@graph":[{"@type":"Article","@id":"https:\/\/lurdinha.org\/site\/um-pouco-de-como-eram-as-famosas-festancas-organizadas-por-solano-trindade-em-caxias\/#article","isPartOf":{"@id":"https:\/\/lurdinha.org\/site\/um-pouco-de-como-eram-as-famosas-festancas-organizadas-por-solano-trindade-em-caxias\/"},"author":{"name":"heraldo hb","@id":"https:\/\/lurdinha.org\/site\/#\/schema\/person\/b833bb6a7f82598bf0e95e4c30874251"},"headline":"Um pouco de como eram as festas organizadas por Solano Trindade em Caxias","datePublished":"2023-04-05T21:42:39+00:00","dateModified":"2025-08-10T20:53:19+00:00","mainEntityOfPage":{"@id":"https:\/\/lurdinha.org\/site\/um-pouco-de-como-eram-as-famosas-festancas-organizadas-por-solano-trindade-em-caxias\/"},"wordCount":345,"commentCount":0,"publisher":{"@id":"https:\/\/lurdinha.org\/site\/#organization"},"image":{"@id":"https:\/\/lurdinha.org\/site\/um-pouco-de-como-eram-as-famosas-festancas-organizadas-por-solano-trindade-em-caxias\/#primaryimage"},"thumbnailUrl":"https:\/\/lurdinha.org\/site\/wp-content\/uploads\/festadeterreiro_Solano_1953_JornaldoComercio__.jpg","keywords":["baixada-fluminense","Cartolinhas de Caxias","caxias cultura","duque-de-caxias","Folia de Reis","liberto trindade","raquel trindade","solano trindade","Teatro Popular Brasileiro"],"articleSection":["gente","hist\u00f3ria","uma boa"],"inLanguage":"pt-BR","potentialAction":[{"@type":"CommentAction","name":"Comment","target":["https:\/\/lurdinha.org\/site\/um-pouco-de-como-eram-as-famosas-festancas-organizadas-por-solano-trindade-em-caxias\/#respond"]}]},{"@type":"WebPage","@id":"https:\/\/lurdinha.org\/site\/um-pouco-de-como-eram-as-famosas-festancas-organizadas-por-solano-trindade-em-caxias\/","url":"https:\/\/lurdinha.org\/site\/um-pouco-de-como-eram-as-famosas-festancas-organizadas-por-solano-trindade-em-caxias\/","name":"Um pouco de como eram as festas organizadas por Solano Trindade em Caxias - Lurdinha - Duque de Caxias para Est\u00f4magos Fortes","isPartOf":{"@id":"https:\/\/lurdinha.org\/site\/#website"},"primaryImageOfPage":{"@id":"https:\/\/lurdinha.org\/site\/um-pouco-de-como-eram-as-famosas-festancas-organizadas-por-solano-trindade-em-caxias\/#primaryimage"},"image":{"@id":"https:\/\/lurdinha.org\/site\/um-pouco-de-como-eram-as-famosas-festancas-organizadas-por-solano-trindade-em-caxias\/#primaryimage"},"thumbnailUrl":"https:\/\/lurdinha.org\/site\/wp-content\/uploads\/festadeterreiro_Solano_1953_JornaldoComercio__.jpg","datePublished":"2023-04-05T21:42:39+00:00","dateModified":"2025-08-10T20:53:19+00:00","breadcrumb":{"@id":"https:\/\/lurdinha.org\/site\/um-pouco-de-como-eram-as-famosas-festancas-organizadas-por-solano-trindade-em-caxias\/#breadcrumb"},"inLanguage":"pt-BR","potentialAction":[{"@type":"ReadAction","target":["https:\/\/lurdinha.org\/site\/um-pouco-de-como-eram-as-famosas-festancas-organizadas-por-solano-trindade-em-caxias\/"]}]},{"@type":"ImageObject","inLanguage":"pt-BR","@id":"https:\/\/lurdinha.org\/site\/um-pouco-de-como-eram-as-famosas-festancas-organizadas-por-solano-trindade-em-caxias\/#primaryimage","url":"https:\/\/lurdinha.org\/site\/wp-content\/uploads\/festadeterreiro_Solano_1953_JornaldoComercio__.jpg","contentUrl":"https:\/\/lurdinha.org\/site\/wp-content\/uploads\/festadeterreiro_Solano_1953_JornaldoComercio__.jpg","width":600,"height":872},{"@type":"BreadcrumbList","@id":"https:\/\/lurdinha.org\/site\/um-pouco-de-como-eram-as-famosas-festancas-organizadas-por-solano-trindade-em-caxias\/#breadcrumb","itemListElement":[{"@type":"ListItem","position":1,"name":"In\u00edcio","item":"https:\/\/lurdinha.org\/site\/"},{"@type":"ListItem","position":2,"name":"Um pouco de como eram as festas organizadas por Solano Trindade em Caxias"}]},{"@type":"WebSite","@id":"https:\/\/lurdinha.org\/site\/#website","url":"https:\/\/lurdinha.org\/site\/","name":"Lurdinha - Duque de Caxias para Est\u00f4magos Fortes","description":"Site sobre Arte, Cultura, Pol\u00edtica, Sociedade e curiosidades da cidade de Duque de Caxias, RJ","publisher":{"@id":"https:\/\/lurdinha.org\/site\/#organization"},"alternateName":"Lurdinha","potentialAction":[{"@type":"SearchAction","target":{"@type":"EntryPoint","urlTemplate":"https:\/\/lurdinha.org\/site\/?s={search_term_string}"},"query-input":{"@type":"PropertyValueSpecification","valueRequired":true,"valueName":"search_term_string"}}],"inLanguage":"pt-BR"},{"@type":"Organization","@id":"https:\/\/lurdinha.org\/site\/#organization","name":"Lurdinha de Caxias","url":"https:\/\/lurdinha.org\/site\/","logo":{"@type":"ImageObject","inLanguage":"pt-BR","@id":"https:\/\/lurdinha.org\/site\/#\/schema\/logo\/image\/","url":"https:\/\/lurdinha.org\/site\/wp-content\/uploads\/logo-lurdinha.jpg","contentUrl":"https:\/\/lurdinha.org\/site\/wp-content\/uploads\/logo-lurdinha.jpg","width":640,"height":60,"caption":"Lurdinha de Caxias"},"image":{"@id":"https:\/\/lurdinha.org\/site\/#\/schema\/logo\/image\/"},"sameAs":["https:\/\/www.facebook.com\/LurdinhadeCaxias","https:\/\/www.instagram.com\/lurdinhadecaxias"]},{"@type":"Person","@id":"https:\/\/lurdinha.org\/site\/#\/schema\/person\/b833bb6a7f82598bf0e95e4c30874251","name":"heraldo hb","image":{"@type":"ImageObject","inLanguage":"pt-BR","@id":"https:\/\/secure.gravatar.com\/avatar\/5de9fe99c72cb6885bbdaa24b1c5738b0f673d265de18720fae7463d5f47b48d?s=96&d=mm&r=g","url":"https:\/\/secure.gravatar.com\/avatar\/5de9fe99c72cb6885bbdaa24b1c5738b0f673d265de18720fae7463d5f47b48d?s=96&d=mm&r=g","contentUrl":"https:\/\/secure.gravatar.com\/avatar\/5de9fe99c72cb6885bbdaa24b1c5738b0f673d265de18720fae7463d5f47b48d?s=96&d=mm&r=g","caption":"heraldo hb"},"description":"Cineasta, animador cultural, escritor e educador nascido no s\u00e9culo XX","sameAs":["http:\/\/wwww.relinkare.org","botocudo","heraldohb","relinkare"],"url":"https:\/\/lurdinha.org\/site\/author\/heraldohb\/"}]}},"views":1374,"_links":{"self":[{"href":"https:\/\/lurdinha.org\/site\/wp-json\/wp\/v2\/posts\/11079","targetHints":{"allow":["GET"]}}],"collection":[{"href":"https:\/\/lurdinha.org\/site\/wp-json\/wp\/v2\/posts"}],"about":[{"href":"https:\/\/lurdinha.org\/site\/wp-json\/wp\/v2\/types\/post"}],"author":[{"embeddable":true,"href":"https:\/\/lurdinha.org\/site\/wp-json\/wp\/v2\/users\/2"}],"replies":[{"embeddable":true,"href":"https:\/\/lurdinha.org\/site\/wp-json\/wp\/v2\/comments?post=11079"}],"version-history":[{"count":8,"href":"https:\/\/lurdinha.org\/site\/wp-json\/wp\/v2\/posts\/11079\/revisions"}],"predecessor-version":[{"id":11088,"href":"https:\/\/lurdinha.org\/site\/wp-json\/wp\/v2\/posts\/11079\/revisions\/11088"}],"wp:featuredmedia":[{"embeddable":true,"href":"https:\/\/lurdinha.org\/site\/wp-json\/wp\/v2\/media\/11080"}],"wp:attachment":[{"href":"https:\/\/lurdinha.org\/site\/wp-json\/wp\/v2\/media?parent=11079"}],"wp:term":[{"taxonomy":"category","embeddable":true,"href":"https:\/\/lurdinha.org\/site\/wp-json\/wp\/v2\/categories?post=11079"},{"taxonomy":"post_tag","embeddable":true,"href":"https:\/\/lurdinha.org\/site\/wp-json\/wp\/v2\/tags?post=11079"}],"curies":[{"name":"wp","href":"https:\/\/api.w.org\/{rel}","templated":true}]}}