{"id":11047,"date":"2023-03-25T04:17:20","date_gmt":"2023-03-25T04:17:20","guid":{"rendered":"https:\/\/lurdinha.org\/site\/?p=11047"},"modified":"2023-03-26T21:45:54","modified_gmt":"2023-03-26T21:45:54","slug":"dia-25-de-marco-dia-municipal-do-foliao-de-reis","status":"publish","type":"post","link":"https:\/\/lurdinha.org\/site\/dia-25-de-marco-dia-municipal-do-foliao-de-reis\/","title":{"rendered":"Dia 25 de mar\u00e7o &#8211; Dia Municipal do Foli\u00e3o de Reis"},"content":{"rendered":"<p>Dia 25 de mar\u00e7o \u00e9 o <strong>Dia Municipal do Foli\u00e3o de Reis<\/strong>, data cravada pela Lei n\u00b0 2621 de 07 de abril 2014, criada para valorizar o povo que leva essas bandeiras tradicionais com grande orgulho (uma delas, a Flor do Oriente, tem 152 anos de exist\u00eancia, veja voc\u00ea\u2026).<br \/>\nE \u00e9 uma Lei que mais uma vez passou em branco na cidade. A data que poderia ser um dia altamente festivo no calend\u00e1rio da cidade s\u00f3 foi lembrada mesmo pela pr\u00f3pria galera guerreira das folias.<br \/>\nA prop\u00f3sito, Caxias foi a sede da <strong>Frerja, Federa\u00e7\u00e3o de Reisado do Rio de Janeiro<\/strong>, entidade que era pilotada com devo\u00e7\u00e3o pelo ator e produtor <strong>Edgar de Souza<\/strong>, e que chegou a ter quase duas mil folias filiadas no Estado. S\u00f3 para ter uma ideia, at\u00e9 1998, estimava-se que em cerca de seiscentas favelas do Rio, havia pelo menos uma. E segundo depoimentos do Seu Edgar, s\u00f3 Caxias teve por volta de dez folias. Ali\u00e1s, Seu Edgar era tido por muitos como chato nos meios culturais, o que eu achava injusto. Muitas hist\u00f3rias nessa hist\u00f3ria a\u00ed.<br \/>\nA sede da Federa\u00e7\u00e3o ficava em uma sala do edif\u00edcio da Av. Duque de Caxias, 207, alugada pela prefeitura municipal. No comecinho dos anos 2000 a institui\u00e7\u00e3o foi desalojada e todo seu acervo (bandeiras, documentos, fotos, roupas) foi jogado no lixo pela propriet\u00e1rio do im\u00f3vel; na \u00e9poca a alega\u00e7\u00e3o foi falta de pagamento do aluguel. Nunca soubemos ao certo e na verdade s\u00f3 recebemos a tr\u00e1gica not\u00edcia v\u00e1rios dias depois do fato consumado. Me lembro da tristeza do meu amigo Andr\u00e9 de Oliveira, na voz e no olhar, quando soube do ocorrido e foi ao meu encontro para contar. Infelizmente, a Cultura nunca foi prioridade na cidade.<br \/>\nDeixo aqui uma sauda\u00e7\u00e3o especial a tr\u00eas pessoas que representam com intensidade essa manifesta\u00e7\u00e3o: a alferes <strong>N\u00f4ra Moraes<\/strong> e o mestre <strong>Rog\u00e9rio<\/strong>, do Reisado Flor do Oriente, e o mestre <strong>Bokinha<\/strong>, amigo poeta que puxa o Reisado Flor da Primavera.<br \/>\nSa\u00fade e vida longa. Viva a Cultura!<\/p>\n<p><img loading=\"lazy\" decoding=\"async\" class=\"alignnone size-full wp-image-11049\" src=\"https:\/\/lurdinha.org\/site\/wp-content\/uploads\/bokinha-e-nora.jpg\" alt=\"\" width=\"520\" height=\"507\" srcset=\"https:\/\/lurdinha.org\/site\/wp-content\/uploads\/bokinha-e-nora.jpg 520w, https:\/\/lurdinha.org\/site\/wp-content\/uploads\/bokinha-e-nora-300x293.jpg 300w\" sizes=\"auto, (max-width: 520px) 100vw, 520px\" \/> <img loading=\"lazy\" decoding=\"async\" class=\"alignnone size-full wp-image-11050\" src=\"https:\/\/lurdinha.org\/site\/wp-content\/uploads\/mestrerogerio.jpg\" alt=\"\" width=\"499\" height=\"499\" srcset=\"https:\/\/lurdinha.org\/site\/wp-content\/uploads\/mestrerogerio.jpg 499w, https:\/\/lurdinha.org\/site\/wp-content\/uploads\/mestrerogerio-300x300.jpg 300w, https:\/\/lurdinha.org\/site\/wp-content\/uploads\/mestrerogerio-150x150.jpg 150w, https:\/\/lurdinha.org\/site\/wp-content\/uploads\/mestrerogerio-120x120.jpg 120w\" sizes=\"auto, (max-width: 499px) 100vw, 499px\" \/> <img loading=\"lazy\" decoding=\"async\" class=\"alignnone size-full wp-image-11051\" src=\"https:\/\/lurdinha.org\/site\/wp-content\/uploads\/foliadereis-diadofoliao2.jpg\" alt=\"\" width=\"520\" height=\"520\" srcset=\"https:\/\/lurdinha.org\/site\/wp-content\/uploads\/foliadereis-diadofoliao2.jpg 520w, https:\/\/lurdinha.org\/site\/wp-content\/uploads\/foliadereis-diadofoliao2-300x300.jpg 300w, https:\/\/lurdinha.org\/site\/wp-content\/uploads\/foliadereis-diadofoliao2-150x150.jpg 150w, https:\/\/lurdinha.org\/site\/wp-content\/uploads\/foliadereis-diadofoliao2-120x120.jpg 120w\" sizes=\"auto, (max-width: 520px) 100vw, 520px\" \/> <img loading=\"lazy\" decoding=\"async\" class=\"alignnone size-full wp-image-11052\" src=\"https:\/\/lurdinha.org\/site\/wp-content\/uploads\/flor-do-oriente-memorial.jpg\" alt=\"\" width=\"520\" height=\"520\" srcset=\"https:\/\/lurdinha.org\/site\/wp-content\/uploads\/flor-do-oriente-memorial.jpg 520w, https:\/\/lurdinha.org\/site\/wp-content\/uploads\/flor-do-oriente-memorial-300x300.jpg 300w, https:\/\/lurdinha.org\/site\/wp-content\/uploads\/flor-do-oriente-memorial-150x150.jpg 150w, https:\/\/lurdinha.org\/site\/wp-content\/uploads\/flor-do-oriente-memorial-120x120.jpg 120w\" sizes=\"auto, (max-width: 520px) 100vw, 520px\" \/> <img loading=\"lazy\" decoding=\"async\" class=\"alignnone size-full wp-image-11053\" src=\"https:\/\/lurdinha.org\/site\/wp-content\/uploads\/foliadereis-diadofoliao.jpg\" alt=\"\" width=\"960\" height=\"540\" srcset=\"https:\/\/lurdinha.org\/site\/wp-content\/uploads\/foliadereis-diadofoliao.jpg 960w, https:\/\/lurdinha.org\/site\/wp-content\/uploads\/foliadereis-diadofoliao-300x169.jpg 300w, https:\/\/lurdinha.org\/site\/wp-content\/uploads\/foliadereis-diadofoliao-610x343.jpg 610w, https:\/\/lurdinha.org\/site\/wp-content\/uploads\/foliadereis-diadofoliao-768x432.jpg 768w\" sizes=\"auto, (max-width: 960px) 100vw, 960px\" \/> <img loading=\"lazy\" decoding=\"async\" class=\"alignnone size-full wp-image-11054\" src=\"https:\/\/lurdinha.org\/site\/wp-content\/uploads\/flordooriente151anos.jpg\" alt=\"\" width=\"1080\" height=\"924\" srcset=\"https:\/\/lurdinha.org\/site\/wp-content\/uploads\/flordooriente151anos.jpg 1080w, https:\/\/lurdinha.org\/site\/wp-content\/uploads\/flordooriente151anos-300x257.jpg 300w, https:\/\/lurdinha.org\/site\/wp-content\/uploads\/flordooriente151anos-610x522.jpg 610w, https:\/\/lurdinha.org\/site\/wp-content\/uploads\/flordooriente151anos-768x657.jpg 768w, https:\/\/lurdinha.org\/site\/wp-content\/uploads\/flordooriente151anos-1024x876.jpg 1024w\" sizes=\"auto, (max-width: 1080px) 100vw, 1080px\" \/> <img loading=\"lazy\" decoding=\"async\" class=\"alignnone size-full wp-image-11055\" src=\"https:\/\/lurdinha.org\/site\/wp-content\/uploads\/foliadereis-diadofoliao1.jpg\" alt=\"\" width=\"800\" height=\"533\" srcset=\"https:\/\/lurdinha.org\/site\/wp-content\/uploads\/foliadereis-diadofoliao1.jpg 800w, https:\/\/lurdinha.org\/site\/wp-content\/uploads\/foliadereis-diadofoliao1-300x200.jpg 300w, https:\/\/lurdinha.org\/site\/wp-content\/uploads\/foliadereis-diadofoliao1-610x406.jpg 610w, https:\/\/lurdinha.org\/site\/wp-content\/uploads\/foliadereis-diadofoliao1-768x512.jpg 768w\" sizes=\"auto, (max-width: 800px) 100vw, 800px\" \/> <img loading=\"lazy\" decoding=\"async\" class=\"alignnone size-full wp-image-11056\" src=\"https:\/\/lurdinha.org\/site\/wp-content\/uploads\/foliadereis-diadofoliao5.jpg\" alt=\"\" width=\"800\" height=\"533\" srcset=\"https:\/\/lurdinha.org\/site\/wp-content\/uploads\/foliadereis-diadofoliao5.jpg 800w, https:\/\/lurdinha.org\/site\/wp-content\/uploads\/foliadereis-diadofoliao5-300x200.jpg 300w, https:\/\/lurdinha.org\/site\/wp-content\/uploads\/foliadereis-diadofoliao5-610x406.jpg 610w, https:\/\/lurdinha.org\/site\/wp-content\/uploads\/foliadereis-diadofoliao5-768x512.jpg 768w\" sizes=\"auto, (max-width: 800px) 100vw, 800px\" \/> <img loading=\"lazy\" decoding=\"async\" class=\"alignnone size-full wp-image-11057\" src=\"https:\/\/lurdinha.org\/site\/wp-content\/uploads\/foliadereis-diadofoliao3.jpg\" alt=\"\" width=\"800\" height=\"533\" srcset=\"https:\/\/lurdinha.org\/site\/wp-content\/uploads\/foliadereis-diadofoliao3.jpg 800w, https:\/\/lurdinha.org\/site\/wp-content\/uploads\/foliadereis-diadofoliao3-300x200.jpg 300w, https:\/\/lurdinha.org\/site\/wp-content\/uploads\/foliadereis-diadofoliao3-610x406.jpg 610w, https:\/\/lurdinha.org\/site\/wp-content\/uploads\/foliadereis-diadofoliao3-768x512.jpg 768w\" sizes=\"auto, (max-width: 800px) 100vw, 800px\" \/> <img loading=\"lazy\" decoding=\"async\" class=\"alignnone size-full wp-image-11058\" src=\"https:\/\/lurdinha.org\/site\/wp-content\/uploads\/140763143_3974226162588659_3657955944939026696_n.jpg\" alt=\"\" width=\"800\" height=\"450\" srcset=\"https:\/\/lurdinha.org\/site\/wp-content\/uploads\/140763143_3974226162588659_3657955944939026696_n.jpg 800w, https:\/\/lurdinha.org\/site\/wp-content\/uploads\/140763143_3974226162588659_3657955944939026696_n-300x169.jpg 300w, https:\/\/lurdinha.org\/site\/wp-content\/uploads\/140763143_3974226162588659_3657955944939026696_n-610x343.jpg 610w, https:\/\/lurdinha.org\/site\/wp-content\/uploads\/140763143_3974226162588659_3657955944939026696_n-768x432.jpg 768w\" sizes=\"auto, (max-width: 800px) 100vw, 800px\" \/><\/p>\n","protected":false},"excerpt":{"rendered":"<p>Dia 25 de mar\u00e7o \u00e9 o Dia Municipal do Foli\u00e3o de Reis, data cravada pela&#8230;<\/p>\n","protected":false},"author":2,"featured_media":11058,"comment_status":"open","ping_status":"closed","sticky":false,"template":"","format":"standard","meta":{"footnotes":""},"categories":[14,9,5,4],"tags":[12,1099,11,1323,382,1286,999,1324,1285,588],"class_list":["post-11047","post","type-post","status-publish","format-standard","has-post-thumbnail","hentry","category-gente","category-historia","category-umaboa","category-opiniao","tag-baixada-fluminense","tag-caxias-cultura","tag-duque-de-caxias","tag-edgar-de-souza","tag-folia-de-reis","tag-mestre-bokinha","tag-mestre-rogerio","tag-nora-moraes","tag-reisado-flor-da-primavera","tag-reisado-flor-do-oriente"],"yoast_head":"<!-- This site is optimized with the Yoast SEO plugin v27.5 - https:\/\/yoast.com\/product\/yoast-seo-wordpress\/ -->\n<title>Dia 25 de mar\u00e7o - Dia Municipal do Foli\u00e3o de Reis - Lurdinha - Duque de Caxias para Est\u00f4magos Fortes<\/title>\n<meta name=\"robots\" content=\"index, follow, max-snippet:-1, max-image-preview:large, max-video-preview:-1\" \/>\n<link rel=\"canonical\" href=\"https:\/\/lurdinha.org\/site\/dia-25-de-marco-dia-municipal-do-foliao-de-reis\/\" \/>\n<meta property=\"og:locale\" content=\"pt_BR\" \/>\n<meta property=\"og:type\" content=\"article\" \/>\n<meta property=\"og:title\" content=\"Dia 25 de mar\u00e7o - Dia Municipal do Foli\u00e3o de Reis - Lurdinha - Duque de Caxias para Est\u00f4magos Fortes\" \/>\n<meta property=\"og:description\" content=\"Dia 25 de mar\u00e7o \u00e9 o Dia Municipal do Foli\u00e3o de Reis, data cravada pela...\" \/>\n<meta property=\"og:url\" content=\"https:\/\/lurdinha.org\/site\/dia-25-de-marco-dia-municipal-do-foliao-de-reis\/\" \/>\n<meta property=\"og:site_name\" content=\"Lurdinha - Duque de Caxias para Est\u00f4magos Fortes\" \/>\n<meta property=\"article:publisher\" content=\"https:\/\/www.facebook.com\/LurdinhadeCaxias\" \/>\n<meta property=\"article:author\" content=\"botocudo\" \/>\n<meta property=\"article:published_time\" content=\"2023-03-25T04:17:20+00:00\" \/>\n<meta property=\"article:modified_time\" content=\"2023-03-26T21:45:54+00:00\" \/>\n<meta property=\"og:image\" content=\"https:\/\/lurdinha.org\/site\/wp-content\/uploads\/140763143_3974226162588659_3657955944939026696_n.jpg\" \/>\n\t<meta property=\"og:image:width\" content=\"800\" \/>\n\t<meta property=\"og:image:height\" content=\"450\" \/>\n\t<meta property=\"og:image:type\" content=\"image\/jpeg\" \/>\n<meta name=\"author\" content=\"heraldo hb\" \/>\n<meta name=\"twitter:card\" content=\"summary_large_image\" \/>\n<meta name=\"twitter:label1\" content=\"Escrito por\" \/>\n\t<meta name=\"twitter:data1\" content=\"heraldo hb\" \/>\n\t<meta name=\"twitter:label2\" content=\"Est. tempo de leitura\" \/>\n\t<meta name=\"twitter:data2\" content=\"2 minutos\" \/>\n<script type=\"application\/ld+json\" class=\"yoast-schema-graph\">{\"@context\":\"https:\\\/\\\/schema.org\",\"@graph\":[{\"@type\":\"Article\",\"@id\":\"https:\\\/\\\/lurdinha.org\\\/site\\\/dia-25-de-marco-dia-municipal-do-foliao-de-reis\\\/#article\",\"isPartOf\":{\"@id\":\"https:\\\/\\\/lurdinha.org\\\/site\\\/dia-25-de-marco-dia-municipal-do-foliao-de-reis\\\/\"},\"author\":{\"name\":\"heraldo hb\",\"@id\":\"https:\\\/\\\/lurdinha.org\\\/site\\\/#\\\/schema\\\/person\\\/b833bb6a7f82598bf0e95e4c30874251\"},\"headline\":\"Dia 25 de mar\u00e7o &#8211; Dia Municipal do Foli\u00e3o de Reis\",\"datePublished\":\"2023-03-25T04:17:20+00:00\",\"dateModified\":\"2023-03-26T21:45:54+00:00\",\"mainEntityOfPage\":{\"@id\":\"https:\\\/\\\/lurdinha.org\\\/site\\\/dia-25-de-marco-dia-municipal-do-foliao-de-reis\\\/\"},\"wordCount\":363,\"commentCount\":0,\"publisher\":{\"@id\":\"https:\\\/\\\/lurdinha.org\\\/site\\\/#organization\"},\"image\":{\"@id\":\"https:\\\/\\\/lurdinha.org\\\/site\\\/dia-25-de-marco-dia-municipal-do-foliao-de-reis\\\/#primaryimage\"},\"thumbnailUrl\":\"https:\\\/\\\/lurdinha.org\\\/site\\\/wp-content\\\/uploads\\\/140763143_3974226162588659_3657955944939026696_n.jpg\",\"keywords\":[\"baixada-fluminense\",\"caxias cultura\",\"duque-de-caxias\",\"edgar de souza\",\"Folia de Reis\",\"mestre bokinha\",\"mestre rog\u00e9rio\",\"nora moraes\",\"reisado flor da primavera\",\"reisado flor do oriente\"],\"articleSection\":[\"gente\",\"hist\u00f3ria\",\"uma boa\",\"uma opini\u00e3o\"],\"inLanguage\":\"pt-BR\",\"potentialAction\":[{\"@type\":\"CommentAction\",\"name\":\"Comment\",\"target\":[\"https:\\\/\\\/lurdinha.org\\\/site\\\/dia-25-de-marco-dia-municipal-do-foliao-de-reis\\\/#respond\"]}]},{\"@type\":\"WebPage\",\"@id\":\"https:\\\/\\\/lurdinha.org\\\/site\\\/dia-25-de-marco-dia-municipal-do-foliao-de-reis\\\/\",\"url\":\"https:\\\/\\\/lurdinha.org\\\/site\\\/dia-25-de-marco-dia-municipal-do-foliao-de-reis\\\/\",\"name\":\"Dia 25 de mar\u00e7o - Dia Municipal do Foli\u00e3o de Reis - Lurdinha - Duque de Caxias para Est\u00f4magos Fortes\",\"isPartOf\":{\"@id\":\"https:\\\/\\\/lurdinha.org\\\/site\\\/#website\"},\"primaryImageOfPage\":{\"@id\":\"https:\\\/\\\/lurdinha.org\\\/site\\\/dia-25-de-marco-dia-municipal-do-foliao-de-reis\\\/#primaryimage\"},\"image\":{\"@id\":\"https:\\\/\\\/lurdinha.org\\\/site\\\/dia-25-de-marco-dia-municipal-do-foliao-de-reis\\\/#primaryimage\"},\"thumbnailUrl\":\"https:\\\/\\\/lurdinha.org\\\/site\\\/wp-content\\\/uploads\\\/140763143_3974226162588659_3657955944939026696_n.jpg\",\"datePublished\":\"2023-03-25T04:17:20+00:00\",\"dateModified\":\"2023-03-26T21:45:54+00:00\",\"breadcrumb\":{\"@id\":\"https:\\\/\\\/lurdinha.org\\\/site\\\/dia-25-de-marco-dia-municipal-do-foliao-de-reis\\\/#breadcrumb\"},\"inLanguage\":\"pt-BR\",\"potentialAction\":[{\"@type\":\"ReadAction\",\"target\":[\"https:\\\/\\\/lurdinha.org\\\/site\\\/dia-25-de-marco-dia-municipal-do-foliao-de-reis\\\/\"]}]},{\"@type\":\"ImageObject\",\"inLanguage\":\"pt-BR\",\"@id\":\"https:\\\/\\\/lurdinha.org\\\/site\\\/dia-25-de-marco-dia-municipal-do-foliao-de-reis\\\/#primaryimage\",\"url\":\"https:\\\/\\\/lurdinha.org\\\/site\\\/wp-content\\\/uploads\\\/140763143_3974226162588659_3657955944939026696_n.jpg\",\"contentUrl\":\"https:\\\/\\\/lurdinha.org\\\/site\\\/wp-content\\\/uploads\\\/140763143_3974226162588659_3657955944939026696_n.jpg\",\"width\":800,\"height\":450},{\"@type\":\"BreadcrumbList\",\"@id\":\"https:\\\/\\\/lurdinha.org\\\/site\\\/dia-25-de-marco-dia-municipal-do-foliao-de-reis\\\/#breadcrumb\",\"itemListElement\":[{\"@type\":\"ListItem\",\"position\":1,\"name\":\"In\u00edcio\",\"item\":\"https:\\\/\\\/lurdinha.org\\\/site\\\/\"},{\"@type\":\"ListItem\",\"position\":2,\"name\":\"Dia 25 de mar\u00e7o &#8211; Dia Municipal do Foli\u00e3o de Reis\"}]},{\"@type\":\"WebSite\",\"@id\":\"https:\\\/\\\/lurdinha.org\\\/site\\\/#website\",\"url\":\"https:\\\/\\\/lurdinha.org\\\/site\\\/\",\"name\":\"Lurdinha - Duque de Caxias para Est\u00f4magos Fortes\",\"description\":\"Site sobre Arte, Cultura, Pol\u00edtica, Sociedade e curiosidades da cidade de Duque de Caxias, RJ\",\"publisher\":{\"@id\":\"https:\\\/\\\/lurdinha.org\\\/site\\\/#organization\"},\"alternateName\":\"Lurdinha\",\"potentialAction\":[{\"@type\":\"SearchAction\",\"target\":{\"@type\":\"EntryPoint\",\"urlTemplate\":\"https:\\\/\\\/lurdinha.org\\\/site\\\/?s={search_term_string}\"},\"query-input\":{\"@type\":\"PropertyValueSpecification\",\"valueRequired\":true,\"valueName\":\"search_term_string\"}}],\"inLanguage\":\"pt-BR\"},{\"@type\":\"Organization\",\"@id\":\"https:\\\/\\\/lurdinha.org\\\/site\\\/#organization\",\"name\":\"Lurdinha de Caxias\",\"url\":\"https:\\\/\\\/lurdinha.org\\\/site\\\/\",\"logo\":{\"@type\":\"ImageObject\",\"inLanguage\":\"pt-BR\",\"@id\":\"https:\\\/\\\/lurdinha.org\\\/site\\\/#\\\/schema\\\/logo\\\/image\\\/\",\"url\":\"https:\\\/\\\/lurdinha.org\\\/site\\\/wp-content\\\/uploads\\\/logo-lurdinha.jpg\",\"contentUrl\":\"https:\\\/\\\/lurdinha.org\\\/site\\\/wp-content\\\/uploads\\\/logo-lurdinha.jpg\",\"width\":640,\"height\":60,\"caption\":\"Lurdinha de Caxias\"},\"image\":{\"@id\":\"https:\\\/\\\/lurdinha.org\\\/site\\\/#\\\/schema\\\/logo\\\/image\\\/\"},\"sameAs\":[\"https:\\\/\\\/www.facebook.com\\\/LurdinhadeCaxias\",\"https:\\\/\\\/www.instagram.com\\\/lurdinhadecaxias\"]},{\"@type\":\"Person\",\"@id\":\"https:\\\/\\\/lurdinha.org\\\/site\\\/#\\\/schema\\\/person\\\/b833bb6a7f82598bf0e95e4c30874251\",\"name\":\"heraldo hb\",\"image\":{\"@type\":\"ImageObject\",\"inLanguage\":\"pt-BR\",\"@id\":\"https:\\\/\\\/secure.gravatar.com\\\/avatar\\\/5de9fe99c72cb6885bbdaa24b1c5738b0f673d265de18720fae7463d5f47b48d?s=96&d=mm&r=g\",\"url\":\"https:\\\/\\\/secure.gravatar.com\\\/avatar\\\/5de9fe99c72cb6885bbdaa24b1c5738b0f673d265de18720fae7463d5f47b48d?s=96&d=mm&r=g\",\"contentUrl\":\"https:\\\/\\\/secure.gravatar.com\\\/avatar\\\/5de9fe99c72cb6885bbdaa24b1c5738b0f673d265de18720fae7463d5f47b48d?s=96&d=mm&r=g\",\"caption\":\"heraldo hb\"},\"description\":\"Cineasta, animador cultural, escritor e educador nascido no s\u00e9culo XX\",\"sameAs\":[\"http:\\\/\\\/wwww.relinkare.org\",\"botocudo\",\"heraldohb\",\"relinkare\"],\"url\":\"https:\\\/\\\/lurdinha.org\\\/site\\\/author\\\/heraldohb\\\/\"}]}<\/script>\n<!-- \/ Yoast SEO plugin. -->","yoast_head_json":{"title":"Dia 25 de mar\u00e7o - Dia Municipal do Foli\u00e3o de Reis - Lurdinha - Duque de Caxias para Est\u00f4magos Fortes","robots":{"index":"index","follow":"follow","max-snippet":"max-snippet:-1","max-image-preview":"max-image-preview:large","max-video-preview":"max-video-preview:-1"},"canonical":"https:\/\/lurdinha.org\/site\/dia-25-de-marco-dia-municipal-do-foliao-de-reis\/","og_locale":"pt_BR","og_type":"article","og_title":"Dia 25 de mar\u00e7o - Dia Municipal do Foli\u00e3o de Reis - Lurdinha - Duque de Caxias para Est\u00f4magos Fortes","og_description":"Dia 25 de mar\u00e7o \u00e9 o Dia Municipal do Foli\u00e3o de Reis, data cravada pela...","og_url":"https:\/\/lurdinha.org\/site\/dia-25-de-marco-dia-municipal-do-foliao-de-reis\/","og_site_name":"Lurdinha - Duque de Caxias para Est\u00f4magos Fortes","article_publisher":"https:\/\/www.facebook.com\/LurdinhadeCaxias","article_author":"botocudo","article_published_time":"2023-03-25T04:17:20+00:00","article_modified_time":"2023-03-26T21:45:54+00:00","og_image":[{"width":800,"height":450,"url":"https:\/\/lurdinha.org\/site\/wp-content\/uploads\/140763143_3974226162588659_3657955944939026696_n.jpg","type":"image\/jpeg"}],"author":"heraldo hb","twitter_card":"summary_large_image","twitter_misc":{"Escrito por":"heraldo hb","Est. tempo de leitura":"2 minutos"},"schema":{"@context":"https:\/\/schema.org","@graph":[{"@type":"Article","@id":"https:\/\/lurdinha.org\/site\/dia-25-de-marco-dia-municipal-do-foliao-de-reis\/#article","isPartOf":{"@id":"https:\/\/lurdinha.org\/site\/dia-25-de-marco-dia-municipal-do-foliao-de-reis\/"},"author":{"name":"heraldo hb","@id":"https:\/\/lurdinha.org\/site\/#\/schema\/person\/b833bb6a7f82598bf0e95e4c30874251"},"headline":"Dia 25 de mar\u00e7o &#8211; Dia Municipal do Foli\u00e3o de Reis","datePublished":"2023-03-25T04:17:20+00:00","dateModified":"2023-03-26T21:45:54+00:00","mainEntityOfPage":{"@id":"https:\/\/lurdinha.org\/site\/dia-25-de-marco-dia-municipal-do-foliao-de-reis\/"},"wordCount":363,"commentCount":0,"publisher":{"@id":"https:\/\/lurdinha.org\/site\/#organization"},"image":{"@id":"https:\/\/lurdinha.org\/site\/dia-25-de-marco-dia-municipal-do-foliao-de-reis\/#primaryimage"},"thumbnailUrl":"https:\/\/lurdinha.org\/site\/wp-content\/uploads\/140763143_3974226162588659_3657955944939026696_n.jpg","keywords":["baixada-fluminense","caxias cultura","duque-de-caxias","edgar de souza","Folia de Reis","mestre bokinha","mestre rog\u00e9rio","nora moraes","reisado flor da primavera","reisado flor do oriente"],"articleSection":["gente","hist\u00f3ria","uma boa","uma opini\u00e3o"],"inLanguage":"pt-BR","potentialAction":[{"@type":"CommentAction","name":"Comment","target":["https:\/\/lurdinha.org\/site\/dia-25-de-marco-dia-municipal-do-foliao-de-reis\/#respond"]}]},{"@type":"WebPage","@id":"https:\/\/lurdinha.org\/site\/dia-25-de-marco-dia-municipal-do-foliao-de-reis\/","url":"https:\/\/lurdinha.org\/site\/dia-25-de-marco-dia-municipal-do-foliao-de-reis\/","name":"Dia 25 de mar\u00e7o - Dia Municipal do Foli\u00e3o de Reis - Lurdinha - Duque de Caxias para Est\u00f4magos Fortes","isPartOf":{"@id":"https:\/\/lurdinha.org\/site\/#website"},"primaryImageOfPage":{"@id":"https:\/\/lurdinha.org\/site\/dia-25-de-marco-dia-municipal-do-foliao-de-reis\/#primaryimage"},"image":{"@id":"https:\/\/lurdinha.org\/site\/dia-25-de-marco-dia-municipal-do-foliao-de-reis\/#primaryimage"},"thumbnailUrl":"https:\/\/lurdinha.org\/site\/wp-content\/uploads\/140763143_3974226162588659_3657955944939026696_n.jpg","datePublished":"2023-03-25T04:17:20+00:00","dateModified":"2023-03-26T21:45:54+00:00","breadcrumb":{"@id":"https:\/\/lurdinha.org\/site\/dia-25-de-marco-dia-municipal-do-foliao-de-reis\/#breadcrumb"},"inLanguage":"pt-BR","potentialAction":[{"@type":"ReadAction","target":["https:\/\/lurdinha.org\/site\/dia-25-de-marco-dia-municipal-do-foliao-de-reis\/"]}]},{"@type":"ImageObject","inLanguage":"pt-BR","@id":"https:\/\/lurdinha.org\/site\/dia-25-de-marco-dia-municipal-do-foliao-de-reis\/#primaryimage","url":"https:\/\/lurdinha.org\/site\/wp-content\/uploads\/140763143_3974226162588659_3657955944939026696_n.jpg","contentUrl":"https:\/\/lurdinha.org\/site\/wp-content\/uploads\/140763143_3974226162588659_3657955944939026696_n.jpg","width":800,"height":450},{"@type":"BreadcrumbList","@id":"https:\/\/lurdinha.org\/site\/dia-25-de-marco-dia-municipal-do-foliao-de-reis\/#breadcrumb","itemListElement":[{"@type":"ListItem","position":1,"name":"In\u00edcio","item":"https:\/\/lurdinha.org\/site\/"},{"@type":"ListItem","position":2,"name":"Dia 25 de mar\u00e7o &#8211; Dia Municipal do Foli\u00e3o de Reis"}]},{"@type":"WebSite","@id":"https:\/\/lurdinha.org\/site\/#website","url":"https:\/\/lurdinha.org\/site\/","name":"Lurdinha - Duque de Caxias para Est\u00f4magos Fortes","description":"Site sobre Arte, Cultura, Pol\u00edtica, Sociedade e curiosidades da cidade de Duque de Caxias, RJ","publisher":{"@id":"https:\/\/lurdinha.org\/site\/#organization"},"alternateName":"Lurdinha","potentialAction":[{"@type":"SearchAction","target":{"@type":"EntryPoint","urlTemplate":"https:\/\/lurdinha.org\/site\/?s={search_term_string}"},"query-input":{"@type":"PropertyValueSpecification","valueRequired":true,"valueName":"search_term_string"}}],"inLanguage":"pt-BR"},{"@type":"Organization","@id":"https:\/\/lurdinha.org\/site\/#organization","name":"Lurdinha de Caxias","url":"https:\/\/lurdinha.org\/site\/","logo":{"@type":"ImageObject","inLanguage":"pt-BR","@id":"https:\/\/lurdinha.org\/site\/#\/schema\/logo\/image\/","url":"https:\/\/lurdinha.org\/site\/wp-content\/uploads\/logo-lurdinha.jpg","contentUrl":"https:\/\/lurdinha.org\/site\/wp-content\/uploads\/logo-lurdinha.jpg","width":640,"height":60,"caption":"Lurdinha de Caxias"},"image":{"@id":"https:\/\/lurdinha.org\/site\/#\/schema\/logo\/image\/"},"sameAs":["https:\/\/www.facebook.com\/LurdinhadeCaxias","https:\/\/www.instagram.com\/lurdinhadecaxias"]},{"@type":"Person","@id":"https:\/\/lurdinha.org\/site\/#\/schema\/person\/b833bb6a7f82598bf0e95e4c30874251","name":"heraldo hb","image":{"@type":"ImageObject","inLanguage":"pt-BR","@id":"https:\/\/secure.gravatar.com\/avatar\/5de9fe99c72cb6885bbdaa24b1c5738b0f673d265de18720fae7463d5f47b48d?s=96&d=mm&r=g","url":"https:\/\/secure.gravatar.com\/avatar\/5de9fe99c72cb6885bbdaa24b1c5738b0f673d265de18720fae7463d5f47b48d?s=96&d=mm&r=g","contentUrl":"https:\/\/secure.gravatar.com\/avatar\/5de9fe99c72cb6885bbdaa24b1c5738b0f673d265de18720fae7463d5f47b48d?s=96&d=mm&r=g","caption":"heraldo hb"},"description":"Cineasta, animador cultural, escritor e educador nascido no s\u00e9culo XX","sameAs":["http:\/\/wwww.relinkare.org","botocudo","heraldohb","relinkare"],"url":"https:\/\/lurdinha.org\/site\/author\/heraldohb\/"}]}},"views":1494,"_links":{"self":[{"href":"https:\/\/lurdinha.org\/site\/wp-json\/wp\/v2\/posts\/11047","targetHints":{"allow":["GET"]}}],"collection":[{"href":"https:\/\/lurdinha.org\/site\/wp-json\/wp\/v2\/posts"}],"about":[{"href":"https:\/\/lurdinha.org\/site\/wp-json\/wp\/v2\/types\/post"}],"author":[{"embeddable":true,"href":"https:\/\/lurdinha.org\/site\/wp-json\/wp\/v2\/users\/2"}],"replies":[{"embeddable":true,"href":"https:\/\/lurdinha.org\/site\/wp-json\/wp\/v2\/comments?post=11047"}],"version-history":[{"count":2,"href":"https:\/\/lurdinha.org\/site\/wp-json\/wp\/v2\/posts\/11047\/revisions"}],"predecessor-version":[{"id":11059,"href":"https:\/\/lurdinha.org\/site\/wp-json\/wp\/v2\/posts\/11047\/revisions\/11059"}],"wp:featuredmedia":[{"embeddable":true,"href":"https:\/\/lurdinha.org\/site\/wp-json\/wp\/v2\/media\/11058"}],"wp:attachment":[{"href":"https:\/\/lurdinha.org\/site\/wp-json\/wp\/v2\/media?parent=11047"}],"wp:term":[{"taxonomy":"category","embeddable":true,"href":"https:\/\/lurdinha.org\/site\/wp-json\/wp\/v2\/categories?post=11047"},{"taxonomy":"post_tag","embeddable":true,"href":"https:\/\/lurdinha.org\/site\/wp-json\/wp\/v2\/tags?post=11047"}],"curies":[{"name":"wp","href":"https:\/\/api.w.org\/{rel}","templated":true}]}}