{"id":11033,"date":"2023-03-24T15:36:27","date_gmt":"2023-03-24T15:36:27","guid":{"rendered":"https:\/\/lurdinha.org\/site\/?p=11033"},"modified":"2023-03-26T21:46:35","modified_gmt":"2023-03-26T21:46:35","slug":"vai-comecar-a-mostra-7-dias-de-sol-sem-do-com-varias-atracoes-artisticas","status":"publish","type":"post","link":"https:\/\/lurdinha.org\/site\/vai-comecar-a-mostra-7-dias-de-sol-sem-do-com-varias-atracoes-artisticas\/","title":{"rendered":"Vai come\u00e7ar a Mostra 7 Dias de Sol Sem D\u00f3 com v\u00e1rias atra\u00e7\u00f5es art\u00edsticas na cidade"},"content":{"rendered":"<p>Hoje come\u00e7a mais uma edi\u00e7\u00e3o do <strong>7 Dias de Sol Sem D\u00f3<\/strong>, um dos eventos mais maneiros que tem rolado na cidade nos \u00faltimos anos. Tendo a palha\u00e7aria como guia o evento mistura v\u00e1rias linguagens e ocupa v\u00e1rios lugares com atividades como cortejos, oficinas, espet\u00e1culos, resid\u00eancias art\u00edsticas e festas.<\/p>\n<p>O evento, que esse ano traz o mote <strong>\u201cDose dupla, Povo e Festa\u201d,<\/strong> \u00e9 produzido pela<strong> Companhia Sol Sem D\u00f3<\/strong> e est\u00e1 em sua s\u00e9tima edi\u00e7\u00e3o.<\/p>\n<p>A abertura \u00e9 hoje no centro, a partir das 16h na Pra\u00e7a do Pacificador, e ter\u00e3o eventos ainda no Gomeia Galp\u00e3o Criativo, no Casar\u00e3o Cultural, na Lira de Ouro, no Assentamento Terra Prometida, no Morro do Azeite, na Biblioteca Leonel Brizola e no Bosque Gourmet. A programa\u00e7\u00e3o completa tem nas redes da companhia.<\/p>\n<p><strong>Todas as atividades s\u00e3o gratuitas.<\/strong><\/p>\n<p><strong>_<\/strong><\/p>\n<p><strong>PROGRAMA\u00c7\u00c3O DESTE FINAL DE SEMANA:<\/strong><\/p>\n<p><strong>\ud83c\udf1e 25 de mar\u00e7o &#8211; S\u00e1bado<br \/>\n14 H &#8211; Ativa\u00e7\u00e3o da Exposi\u00e7\u00e3o<br \/>\nQUE PALHA\u00c7ADA, A cidade \u00e9 um picadeiro de imagens, Parceria com FAIM (<a href=\"https:\/\/www.instagram.com\/faimfestival\/\">@faimfestival<\/a>)<br \/>\n14h30 &#8211; Abertura do Show<br \/>\n15H &#8211; Apresenta\u00e7\u00e3o de n\u00famero circense &#8220;BOXE&#8221; , com Jodson Brito (<a href=\"https:\/\/www.instagram.com\/jodsonbrito\/\">@jodsonbrito<\/a>)<br \/>\n15h30 &#8211; Apresenta\u00e7\u00e3o do Espet\u00e1culo &#8220;CHARME&#8221; com Martha Paiva (<a href=\"https:\/\/www.instagram.com\/marthaspaiva\/\">@marthaspaiva<\/a> ) &#8211; Cia do Solo (<a href=\"https:\/\/www.instagram.com\/ciadosolo\/\">@ciadosolo<\/a>)<br \/>\nLocal: Ponto de Cultura Lira de Ouro<br \/>\n(<a href=\"https:\/\/www.instagram.com\/liradeouro\/\">@liradeouro<\/a>) &#8211; 1\u00ba Distrito, Centro, Duque de Caxias<\/strong><\/p>\n<p>\ud83c\udf1e 26 de mar\u00e7o &#8211; <strong>Domingo<\/strong><strong><br \/>\n15H -Ativa\u00e7\u00e3o da Exposi\u00e7\u00e3o<br \/>\nQUE PALHA\u00c7ADA, A cidade \u00e9 um picadeiro de imagens, Parceria com FAIM (<a href=\"https:\/\/www.instagram.com\/faimfestival\/\">@faimfestival<\/a>)<br \/>\n15h20 &#8211; Abertura do Show<br \/>\n15h30 &#8211; Apresenta\u00e7\u00e3o de n\u00famero circense &#8220;A REVANCHE&#8221;, com Inepta Cia. (<a href=\"https:\/\/www.instagram.com\/ineptacia_\/\">@ineptacia_<\/a>)<br \/>\n16 H &#8211; Apresenta\u00e7\u00e3o do Espet\u00e1culo &#8220;NO POCKET&#8221;, com coletivo NOPOK (<a href=\"https:\/\/www.instagram.com\/coletivo_nopok\/\">@coletivo_nopok<\/a> )<br \/>\nParticipa\u00e7\u00e3o coletivo Marimba Liter\u00e1ria (<a href=\"https:\/\/www.instagram.com\/marimbaliteraria\/\">@marimbaliteraria<\/a>)<br \/>\nLocal: Casar\u00e3o Cultural (<a href=\"https:\/\/www.instagram.com\/casaraoculturaldc\/\">@casaraoculturaldc<\/a> ) &#8211; 2\u00ba Distrito, Jardim Primavera, Duque de Caxias.<\/strong><\/p>\n<p><strong>#caxiascultura #ciasolsemdo #baixadafluminense #palhacaria #palhacossemfronteira #duquedecaxiasrj <\/strong><\/p>\n<p><img loading=\"lazy\" decoding=\"async\" class=\"alignnone size-full wp-image-11034\" src=\"https:\/\/lurdinha.org\/site\/wp-content\/uploads\/solsemdo1.jpeg\" alt=\"\" width=\"640\" height=\"640\" srcset=\"https:\/\/lurdinha.org\/site\/wp-content\/uploads\/solsemdo1.jpeg 640w, https:\/\/lurdinha.org\/site\/wp-content\/uploads\/solsemdo1-300x300.jpeg 300w, https:\/\/lurdinha.org\/site\/wp-content\/uploads\/solsemdo1-610x610.jpeg 610w, https:\/\/lurdinha.org\/site\/wp-content\/uploads\/solsemdo1-150x150.jpeg 150w, https:\/\/lurdinha.org\/site\/wp-content\/uploads\/solsemdo1-120x120.jpeg 120w\" sizes=\"auto, (max-width: 640px) 100vw, 640px\" \/> <img loading=\"lazy\" decoding=\"async\" class=\"alignnone size-full wp-image-11035\" src=\"https:\/\/lurdinha.org\/site\/wp-content\/uploads\/solsemdo3.jpeg\" alt=\"\" width=\"640\" height=\"640\" srcset=\"https:\/\/lurdinha.org\/site\/wp-content\/uploads\/solsemdo3.jpeg 640w, https:\/\/lurdinha.org\/site\/wp-content\/uploads\/solsemdo3-300x300.jpeg 300w, https:\/\/lurdinha.org\/site\/wp-content\/uploads\/solsemdo3-610x610.jpeg 610w, https:\/\/lurdinha.org\/site\/wp-content\/uploads\/solsemdo3-150x150.jpeg 150w, https:\/\/lurdinha.org\/site\/wp-content\/uploads\/solsemdo3-120x120.jpeg 120w\" sizes=\"auto, (max-width: 640px) 100vw, 640px\" \/> <img loading=\"lazy\" decoding=\"async\" class=\"alignnone size-full wp-image-11036\" src=\"https:\/\/lurdinha.org\/site\/wp-content\/uploads\/solsemdo1.jpg\" alt=\"\" width=\"640\" height=\"640\" srcset=\"https:\/\/lurdinha.org\/site\/wp-content\/uploads\/solsemdo1.jpg 640w, https:\/\/lurdinha.org\/site\/wp-content\/uploads\/solsemdo1-300x300.jpg 300w, https:\/\/lurdinha.org\/site\/wp-content\/uploads\/solsemdo1-610x610.jpg 610w, https:\/\/lurdinha.org\/site\/wp-content\/uploads\/solsemdo1-150x150.jpg 150w, https:\/\/lurdinha.org\/site\/wp-content\/uploads\/solsemdo1-120x120.jpg 120w\" sizes=\"auto, (max-width: 640px) 100vw, 640px\" \/> <img loading=\"lazy\" decoding=\"async\" class=\"alignnone size-full wp-image-11037\" src=\"https:\/\/lurdinha.org\/site\/wp-content\/uploads\/solsemdo2.jpeg\" alt=\"\" width=\"640\" height=\"640\" srcset=\"https:\/\/lurdinha.org\/site\/wp-content\/uploads\/solsemdo2.jpeg 640w, https:\/\/lurdinha.org\/site\/wp-content\/uploads\/solsemdo2-300x300.jpeg 300w, https:\/\/lurdinha.org\/site\/wp-content\/uploads\/solsemdo2-610x610.jpeg 610w, https:\/\/lurdinha.org\/site\/wp-content\/uploads\/solsemdo2-150x150.jpeg 150w, https:\/\/lurdinha.org\/site\/wp-content\/uploads\/solsemdo2-120x120.jpeg 120w\" sizes=\"auto, (max-width: 640px) 100vw, 640px\" \/><\/p>\n","protected":false},"excerpt":{"rendered":"<p>Hoje come\u00e7a mais uma edi\u00e7\u00e3o do 7 Dias de Sol Sem D\u00f3, um dos eventos&#8230;<\/p>\n","protected":false},"author":87,"featured_media":11034,"comment_status":"open","ping_status":"closed","sticky":false,"template":"","format":"standard","meta":{"footnotes":""},"categories":[8,5],"tags":[12,11,1325,920],"class_list":["post-11033","post","type-post","status-publish","format-standard","has-post-thumbnail","hentry","category-evento","category-umaboa","tag-baixada-fluminense","tag-duque-de-caxias","tag-palhacaria","tag-sol-sem-do"],"yoast_head":"<!-- This site is optimized with the Yoast SEO plugin v27.5 - https:\/\/yoast.com\/product\/yoast-seo-wordpress\/ -->\n<title>Vai come\u00e7ar a Mostra 7 Dias de Sol Sem D\u00f3 com v\u00e1rias atra\u00e7\u00f5es art\u00edsticas na cidade - Lurdinha - Duque de Caxias para Est\u00f4magos Fortes<\/title>\n<meta name=\"robots\" content=\"index, follow, max-snippet:-1, max-image-preview:large, max-video-preview:-1\" \/>\n<link rel=\"canonical\" href=\"https:\/\/lurdinha.org\/site\/vai-comecar-a-mostra-7-dias-de-sol-sem-do-com-varias-atracoes-artisticas\/\" \/>\n<meta property=\"og:locale\" content=\"pt_BR\" \/>\n<meta property=\"og:type\" content=\"article\" \/>\n<meta property=\"og:title\" content=\"Vai come\u00e7ar a Mostra 7 Dias de Sol Sem D\u00f3 com v\u00e1rias atra\u00e7\u00f5es art\u00edsticas na cidade - Lurdinha - Duque de Caxias para Est\u00f4magos Fortes\" \/>\n<meta property=\"og:description\" content=\"Hoje come\u00e7a mais uma edi\u00e7\u00e3o do 7 Dias de Sol Sem D\u00f3, um dos eventos...\" \/>\n<meta property=\"og:url\" content=\"https:\/\/lurdinha.org\/site\/vai-comecar-a-mostra-7-dias-de-sol-sem-do-com-varias-atracoes-artisticas\/\" \/>\n<meta property=\"og:site_name\" content=\"Lurdinha - Duque de Caxias para Est\u00f4magos Fortes\" \/>\n<meta property=\"article:publisher\" content=\"https:\/\/www.facebook.com\/LurdinhadeCaxias\" \/>\n<meta property=\"article:published_time\" content=\"2023-03-24T15:36:27+00:00\" \/>\n<meta property=\"article:modified_time\" content=\"2023-03-26T21:46:35+00:00\" \/>\n<meta property=\"og:image\" content=\"https:\/\/lurdinha.org\/site\/wp-content\/uploads\/solsemdo1.jpeg\" \/>\n\t<meta property=\"og:image:width\" content=\"640\" \/>\n\t<meta property=\"og:image:height\" content=\"640\" \/>\n\t<meta property=\"og:image:type\" content=\"image\/jpeg\" \/>\n<meta name=\"author\" content=\"Editoria\" \/>\n<meta name=\"twitter:card\" content=\"summary_large_image\" \/>\n<meta name=\"twitter:label1\" content=\"Escrito por\" \/>\n\t<meta name=\"twitter:data1\" content=\"Editoria\" \/>\n\t<meta name=\"twitter:label2\" content=\"Est. tempo de leitura\" \/>\n\t<meta name=\"twitter:data2\" content=\"2 minutos\" \/>\n<script type=\"application\/ld+json\" class=\"yoast-schema-graph\">{\"@context\":\"https:\\\/\\\/schema.org\",\"@graph\":[{\"@type\":\"Article\",\"@id\":\"https:\\\/\\\/lurdinha.org\\\/site\\\/vai-comecar-a-mostra-7-dias-de-sol-sem-do-com-varias-atracoes-artisticas\\\/#article\",\"isPartOf\":{\"@id\":\"https:\\\/\\\/lurdinha.org\\\/site\\\/vai-comecar-a-mostra-7-dias-de-sol-sem-do-com-varias-atracoes-artisticas\\\/\"},\"author\":{\"name\":\"Editoria\",\"@id\":\"https:\\\/\\\/lurdinha.org\\\/site\\\/#\\\/schema\\\/person\\\/6b0b6b83043cbaf7707ee275576b00ea\"},\"headline\":\"Vai come\u00e7ar a Mostra 7 Dias de Sol Sem D\u00f3 com v\u00e1rias atra\u00e7\u00f5es art\u00edsticas na cidade\",\"datePublished\":\"2023-03-24T15:36:27+00:00\",\"dateModified\":\"2023-03-26T21:46:35+00:00\",\"mainEntityOfPage\":{\"@id\":\"https:\\\/\\\/lurdinha.org\\\/site\\\/vai-comecar-a-mostra-7-dias-de-sol-sem-do-com-varias-atracoes-artisticas\\\/\"},\"wordCount\":328,\"commentCount\":0,\"publisher\":{\"@id\":\"https:\\\/\\\/lurdinha.org\\\/site\\\/#organization\"},\"image\":{\"@id\":\"https:\\\/\\\/lurdinha.org\\\/site\\\/vai-comecar-a-mostra-7-dias-de-sol-sem-do-com-varias-atracoes-artisticas\\\/#primaryimage\"},\"thumbnailUrl\":\"https:\\\/\\\/lurdinha.org\\\/site\\\/wp-content\\\/uploads\\\/solsemdo1.jpeg\",\"keywords\":[\"baixada-fluminense\",\"duque-de-caxias\",\"palhacaria\",\"sol sem d\u00f3\"],\"articleSection\":[\"evento\",\"uma boa\"],\"inLanguage\":\"pt-BR\",\"potentialAction\":[{\"@type\":\"CommentAction\",\"name\":\"Comment\",\"target\":[\"https:\\\/\\\/lurdinha.org\\\/site\\\/vai-comecar-a-mostra-7-dias-de-sol-sem-do-com-varias-atracoes-artisticas\\\/#respond\"]}]},{\"@type\":\"WebPage\",\"@id\":\"https:\\\/\\\/lurdinha.org\\\/site\\\/vai-comecar-a-mostra-7-dias-de-sol-sem-do-com-varias-atracoes-artisticas\\\/\",\"url\":\"https:\\\/\\\/lurdinha.org\\\/site\\\/vai-comecar-a-mostra-7-dias-de-sol-sem-do-com-varias-atracoes-artisticas\\\/\",\"name\":\"Vai come\u00e7ar a Mostra 7 Dias de Sol Sem D\u00f3 com v\u00e1rias atra\u00e7\u00f5es art\u00edsticas na cidade - Lurdinha - Duque de Caxias para Est\u00f4magos Fortes\",\"isPartOf\":{\"@id\":\"https:\\\/\\\/lurdinha.org\\\/site\\\/#website\"},\"primaryImageOfPage\":{\"@id\":\"https:\\\/\\\/lurdinha.org\\\/site\\\/vai-comecar-a-mostra-7-dias-de-sol-sem-do-com-varias-atracoes-artisticas\\\/#primaryimage\"},\"image\":{\"@id\":\"https:\\\/\\\/lurdinha.org\\\/site\\\/vai-comecar-a-mostra-7-dias-de-sol-sem-do-com-varias-atracoes-artisticas\\\/#primaryimage\"},\"thumbnailUrl\":\"https:\\\/\\\/lurdinha.org\\\/site\\\/wp-content\\\/uploads\\\/solsemdo1.jpeg\",\"datePublished\":\"2023-03-24T15:36:27+00:00\",\"dateModified\":\"2023-03-26T21:46:35+00:00\",\"breadcrumb\":{\"@id\":\"https:\\\/\\\/lurdinha.org\\\/site\\\/vai-comecar-a-mostra-7-dias-de-sol-sem-do-com-varias-atracoes-artisticas\\\/#breadcrumb\"},\"inLanguage\":\"pt-BR\",\"potentialAction\":[{\"@type\":\"ReadAction\",\"target\":[\"https:\\\/\\\/lurdinha.org\\\/site\\\/vai-comecar-a-mostra-7-dias-de-sol-sem-do-com-varias-atracoes-artisticas\\\/\"]}]},{\"@type\":\"ImageObject\",\"inLanguage\":\"pt-BR\",\"@id\":\"https:\\\/\\\/lurdinha.org\\\/site\\\/vai-comecar-a-mostra-7-dias-de-sol-sem-do-com-varias-atracoes-artisticas\\\/#primaryimage\",\"url\":\"https:\\\/\\\/lurdinha.org\\\/site\\\/wp-content\\\/uploads\\\/solsemdo1.jpeg\",\"contentUrl\":\"https:\\\/\\\/lurdinha.org\\\/site\\\/wp-content\\\/uploads\\\/solsemdo1.jpeg\",\"width\":640,\"height\":640},{\"@type\":\"BreadcrumbList\",\"@id\":\"https:\\\/\\\/lurdinha.org\\\/site\\\/vai-comecar-a-mostra-7-dias-de-sol-sem-do-com-varias-atracoes-artisticas\\\/#breadcrumb\",\"itemListElement\":[{\"@type\":\"ListItem\",\"position\":1,\"name\":\"In\u00edcio\",\"item\":\"https:\\\/\\\/lurdinha.org\\\/site\\\/\"},{\"@type\":\"ListItem\",\"position\":2,\"name\":\"Vai come\u00e7ar a Mostra 7 Dias de Sol Sem D\u00f3 com v\u00e1rias atra\u00e7\u00f5es art\u00edsticas na cidade\"}]},{\"@type\":\"WebSite\",\"@id\":\"https:\\\/\\\/lurdinha.org\\\/site\\\/#website\",\"url\":\"https:\\\/\\\/lurdinha.org\\\/site\\\/\",\"name\":\"Lurdinha - Duque de Caxias para Est\u00f4magos Fortes\",\"description\":\"Site sobre Arte, Cultura, Pol\u00edtica, Sociedade e curiosidades da cidade de Duque de Caxias, RJ\",\"publisher\":{\"@id\":\"https:\\\/\\\/lurdinha.org\\\/site\\\/#organization\"},\"alternateName\":\"Lurdinha\",\"potentialAction\":[{\"@type\":\"SearchAction\",\"target\":{\"@type\":\"EntryPoint\",\"urlTemplate\":\"https:\\\/\\\/lurdinha.org\\\/site\\\/?s={search_term_string}\"},\"query-input\":{\"@type\":\"PropertyValueSpecification\",\"valueRequired\":true,\"valueName\":\"search_term_string\"}}],\"inLanguage\":\"pt-BR\"},{\"@type\":\"Organization\",\"@id\":\"https:\\\/\\\/lurdinha.org\\\/site\\\/#organization\",\"name\":\"Lurdinha de Caxias\",\"url\":\"https:\\\/\\\/lurdinha.org\\\/site\\\/\",\"logo\":{\"@type\":\"ImageObject\",\"inLanguage\":\"pt-BR\",\"@id\":\"https:\\\/\\\/lurdinha.org\\\/site\\\/#\\\/schema\\\/logo\\\/image\\\/\",\"url\":\"https:\\\/\\\/lurdinha.org\\\/site\\\/wp-content\\\/uploads\\\/logo-lurdinha.jpg\",\"contentUrl\":\"https:\\\/\\\/lurdinha.org\\\/site\\\/wp-content\\\/uploads\\\/logo-lurdinha.jpg\",\"width\":640,\"height\":60,\"caption\":\"Lurdinha de Caxias\"},\"image\":{\"@id\":\"https:\\\/\\\/lurdinha.org\\\/site\\\/#\\\/schema\\\/logo\\\/image\\\/\"},\"sameAs\":[\"https:\\\/\\\/www.facebook.com\\\/LurdinhadeCaxias\",\"https:\\\/\\\/www.instagram.com\\\/lurdinhadecaxias\"]},{\"@type\":\"Person\",\"@id\":\"https:\\\/\\\/lurdinha.org\\\/site\\\/#\\\/schema\\\/person\\\/6b0b6b83043cbaf7707ee275576b00ea\",\"name\":\"Editoria\",\"image\":{\"@type\":\"ImageObject\",\"inLanguage\":\"pt-BR\",\"@id\":\"https:\\\/\\\/secure.gravatar.com\\\/avatar\\\/0ba27ca5462d63e6c810ae4debe7159a69befcd2e33516be5bad4700d2dbfa72?s=96&d=mm&r=g\",\"url\":\"https:\\\/\\\/secure.gravatar.com\\\/avatar\\\/0ba27ca5462d63e6c810ae4debe7159a69befcd2e33516be5bad4700d2dbfa72?s=96&d=mm&r=g\",\"contentUrl\":\"https:\\\/\\\/secure.gravatar.com\\\/avatar\\\/0ba27ca5462d63e6c810ae4debe7159a69befcd2e33516be5bad4700d2dbfa72?s=96&d=mm&r=g\",\"caption\":\"Editoria\"},\"url\":\"https:\\\/\\\/lurdinha.org\\\/site\\\/author\\\/editoria\\\/\"}]}<\/script>\n<!-- \/ Yoast SEO plugin. -->","yoast_head_json":{"title":"Vai come\u00e7ar a Mostra 7 Dias de Sol Sem D\u00f3 com v\u00e1rias atra\u00e7\u00f5es art\u00edsticas na cidade - Lurdinha - Duque de Caxias para Est\u00f4magos Fortes","robots":{"index":"index","follow":"follow","max-snippet":"max-snippet:-1","max-image-preview":"max-image-preview:large","max-video-preview":"max-video-preview:-1"},"canonical":"https:\/\/lurdinha.org\/site\/vai-comecar-a-mostra-7-dias-de-sol-sem-do-com-varias-atracoes-artisticas\/","og_locale":"pt_BR","og_type":"article","og_title":"Vai come\u00e7ar a Mostra 7 Dias de Sol Sem D\u00f3 com v\u00e1rias atra\u00e7\u00f5es art\u00edsticas na cidade - Lurdinha - Duque de Caxias para Est\u00f4magos Fortes","og_description":"Hoje come\u00e7a mais uma edi\u00e7\u00e3o do 7 Dias de Sol Sem D\u00f3, um dos eventos...","og_url":"https:\/\/lurdinha.org\/site\/vai-comecar-a-mostra-7-dias-de-sol-sem-do-com-varias-atracoes-artisticas\/","og_site_name":"Lurdinha - Duque de Caxias para Est\u00f4magos Fortes","article_publisher":"https:\/\/www.facebook.com\/LurdinhadeCaxias","article_published_time":"2023-03-24T15:36:27+00:00","article_modified_time":"2023-03-26T21:46:35+00:00","og_image":[{"width":640,"height":640,"url":"https:\/\/lurdinha.org\/site\/wp-content\/uploads\/solsemdo1.jpeg","type":"image\/jpeg"}],"author":"Editoria","twitter_card":"summary_large_image","twitter_misc":{"Escrito por":"Editoria","Est. tempo de leitura":"2 minutos"},"schema":{"@context":"https:\/\/schema.org","@graph":[{"@type":"Article","@id":"https:\/\/lurdinha.org\/site\/vai-comecar-a-mostra-7-dias-de-sol-sem-do-com-varias-atracoes-artisticas\/#article","isPartOf":{"@id":"https:\/\/lurdinha.org\/site\/vai-comecar-a-mostra-7-dias-de-sol-sem-do-com-varias-atracoes-artisticas\/"},"author":{"name":"Editoria","@id":"https:\/\/lurdinha.org\/site\/#\/schema\/person\/6b0b6b83043cbaf7707ee275576b00ea"},"headline":"Vai come\u00e7ar a Mostra 7 Dias de Sol Sem D\u00f3 com v\u00e1rias atra\u00e7\u00f5es art\u00edsticas na cidade","datePublished":"2023-03-24T15:36:27+00:00","dateModified":"2023-03-26T21:46:35+00:00","mainEntityOfPage":{"@id":"https:\/\/lurdinha.org\/site\/vai-comecar-a-mostra-7-dias-de-sol-sem-do-com-varias-atracoes-artisticas\/"},"wordCount":328,"commentCount":0,"publisher":{"@id":"https:\/\/lurdinha.org\/site\/#organization"},"image":{"@id":"https:\/\/lurdinha.org\/site\/vai-comecar-a-mostra-7-dias-de-sol-sem-do-com-varias-atracoes-artisticas\/#primaryimage"},"thumbnailUrl":"https:\/\/lurdinha.org\/site\/wp-content\/uploads\/solsemdo1.jpeg","keywords":["baixada-fluminense","duque-de-caxias","palhacaria","sol sem d\u00f3"],"articleSection":["evento","uma boa"],"inLanguage":"pt-BR","potentialAction":[{"@type":"CommentAction","name":"Comment","target":["https:\/\/lurdinha.org\/site\/vai-comecar-a-mostra-7-dias-de-sol-sem-do-com-varias-atracoes-artisticas\/#respond"]}]},{"@type":"WebPage","@id":"https:\/\/lurdinha.org\/site\/vai-comecar-a-mostra-7-dias-de-sol-sem-do-com-varias-atracoes-artisticas\/","url":"https:\/\/lurdinha.org\/site\/vai-comecar-a-mostra-7-dias-de-sol-sem-do-com-varias-atracoes-artisticas\/","name":"Vai come\u00e7ar a Mostra 7 Dias de Sol Sem D\u00f3 com v\u00e1rias atra\u00e7\u00f5es art\u00edsticas na cidade - Lurdinha - Duque de Caxias para Est\u00f4magos Fortes","isPartOf":{"@id":"https:\/\/lurdinha.org\/site\/#website"},"primaryImageOfPage":{"@id":"https:\/\/lurdinha.org\/site\/vai-comecar-a-mostra-7-dias-de-sol-sem-do-com-varias-atracoes-artisticas\/#primaryimage"},"image":{"@id":"https:\/\/lurdinha.org\/site\/vai-comecar-a-mostra-7-dias-de-sol-sem-do-com-varias-atracoes-artisticas\/#primaryimage"},"thumbnailUrl":"https:\/\/lurdinha.org\/site\/wp-content\/uploads\/solsemdo1.jpeg","datePublished":"2023-03-24T15:36:27+00:00","dateModified":"2023-03-26T21:46:35+00:00","breadcrumb":{"@id":"https:\/\/lurdinha.org\/site\/vai-comecar-a-mostra-7-dias-de-sol-sem-do-com-varias-atracoes-artisticas\/#breadcrumb"},"inLanguage":"pt-BR","potentialAction":[{"@type":"ReadAction","target":["https:\/\/lurdinha.org\/site\/vai-comecar-a-mostra-7-dias-de-sol-sem-do-com-varias-atracoes-artisticas\/"]}]},{"@type":"ImageObject","inLanguage":"pt-BR","@id":"https:\/\/lurdinha.org\/site\/vai-comecar-a-mostra-7-dias-de-sol-sem-do-com-varias-atracoes-artisticas\/#primaryimage","url":"https:\/\/lurdinha.org\/site\/wp-content\/uploads\/solsemdo1.jpeg","contentUrl":"https:\/\/lurdinha.org\/site\/wp-content\/uploads\/solsemdo1.jpeg","width":640,"height":640},{"@type":"BreadcrumbList","@id":"https:\/\/lurdinha.org\/site\/vai-comecar-a-mostra-7-dias-de-sol-sem-do-com-varias-atracoes-artisticas\/#breadcrumb","itemListElement":[{"@type":"ListItem","position":1,"name":"In\u00edcio","item":"https:\/\/lurdinha.org\/site\/"},{"@type":"ListItem","position":2,"name":"Vai come\u00e7ar a Mostra 7 Dias de Sol Sem D\u00f3 com v\u00e1rias atra\u00e7\u00f5es art\u00edsticas na cidade"}]},{"@type":"WebSite","@id":"https:\/\/lurdinha.org\/site\/#website","url":"https:\/\/lurdinha.org\/site\/","name":"Lurdinha - Duque de Caxias para Est\u00f4magos Fortes","description":"Site sobre Arte, Cultura, Pol\u00edtica, Sociedade e curiosidades da cidade de Duque de Caxias, RJ","publisher":{"@id":"https:\/\/lurdinha.org\/site\/#organization"},"alternateName":"Lurdinha","potentialAction":[{"@type":"SearchAction","target":{"@type":"EntryPoint","urlTemplate":"https:\/\/lurdinha.org\/site\/?s={search_term_string}"},"query-input":{"@type":"PropertyValueSpecification","valueRequired":true,"valueName":"search_term_string"}}],"inLanguage":"pt-BR"},{"@type":"Organization","@id":"https:\/\/lurdinha.org\/site\/#organization","name":"Lurdinha de Caxias","url":"https:\/\/lurdinha.org\/site\/","logo":{"@type":"ImageObject","inLanguage":"pt-BR","@id":"https:\/\/lurdinha.org\/site\/#\/schema\/logo\/image\/","url":"https:\/\/lurdinha.org\/site\/wp-content\/uploads\/logo-lurdinha.jpg","contentUrl":"https:\/\/lurdinha.org\/site\/wp-content\/uploads\/logo-lurdinha.jpg","width":640,"height":60,"caption":"Lurdinha de Caxias"},"image":{"@id":"https:\/\/lurdinha.org\/site\/#\/schema\/logo\/image\/"},"sameAs":["https:\/\/www.facebook.com\/LurdinhadeCaxias","https:\/\/www.instagram.com\/lurdinhadecaxias"]},{"@type":"Person","@id":"https:\/\/lurdinha.org\/site\/#\/schema\/person\/6b0b6b83043cbaf7707ee275576b00ea","name":"Editoria","image":{"@type":"ImageObject","inLanguage":"pt-BR","@id":"https:\/\/secure.gravatar.com\/avatar\/0ba27ca5462d63e6c810ae4debe7159a69befcd2e33516be5bad4700d2dbfa72?s=96&d=mm&r=g","url":"https:\/\/secure.gravatar.com\/avatar\/0ba27ca5462d63e6c810ae4debe7159a69befcd2e33516be5bad4700d2dbfa72?s=96&d=mm&r=g","contentUrl":"https:\/\/secure.gravatar.com\/avatar\/0ba27ca5462d63e6c810ae4debe7159a69befcd2e33516be5bad4700d2dbfa72?s=96&d=mm&r=g","caption":"Editoria"},"url":"https:\/\/lurdinha.org\/site\/author\/editoria\/"}]}},"views":937,"_links":{"self":[{"href":"https:\/\/lurdinha.org\/site\/wp-json\/wp\/v2\/posts\/11033","targetHints":{"allow":["GET"]}}],"collection":[{"href":"https:\/\/lurdinha.org\/site\/wp-json\/wp\/v2\/posts"}],"about":[{"href":"https:\/\/lurdinha.org\/site\/wp-json\/wp\/v2\/types\/post"}],"author":[{"embeddable":true,"href":"https:\/\/lurdinha.org\/site\/wp-json\/wp\/v2\/users\/87"}],"replies":[{"embeddable":true,"href":"https:\/\/lurdinha.org\/site\/wp-json\/wp\/v2\/comments?post=11033"}],"version-history":[{"count":3,"href":"https:\/\/lurdinha.org\/site\/wp-json\/wp\/v2\/posts\/11033\/revisions"}],"predecessor-version":[{"id":11040,"href":"https:\/\/lurdinha.org\/site\/wp-json\/wp\/v2\/posts\/11033\/revisions\/11040"}],"wp:featuredmedia":[{"embeddable":true,"href":"https:\/\/lurdinha.org\/site\/wp-json\/wp\/v2\/media\/11034"}],"wp:attachment":[{"href":"https:\/\/lurdinha.org\/site\/wp-json\/wp\/v2\/media?parent=11033"}],"wp:term":[{"taxonomy":"category","embeddable":true,"href":"https:\/\/lurdinha.org\/site\/wp-json\/wp\/v2\/categories?post=11033"},{"taxonomy":"post_tag","embeddable":true,"href":"https:\/\/lurdinha.org\/site\/wp-json\/wp\/v2\/tags?post=11033"}],"curies":[{"name":"wp","href":"https:\/\/api.w.org\/{rel}","templated":true}]}}