{"id":10949,"date":"2023-03-22T04:33:52","date_gmt":"2023-03-22T04:33:52","guid":{"rendered":"https:\/\/lurdinha.org\/site\/?p=10949"},"modified":"2023-12-06T05:14:00","modified_gmt":"2023-12-06T05:14:00","slug":"dia-mundial-da-agua","status":"publish","type":"post","link":"https:\/\/lurdinha.org\/site\/dia-mundial-da-agua\/","title":{"rendered":"DIA MUNDIAL DA \u00c1GUA"},"content":{"rendered":"<div class=\"\" dir=\"auto\">\n<div id=\"jsc_c_5\" class=\"x1iorvi4 x1pi30zi x1swvt13 x1l90r2v\" data-ad-comet-preview=\"message\" data-ad-preview=\"message\">\n<div class=\"x78zum5 xdt5ytf xz62fqu x16ldp7u\">\n<div class=\"xu06os2 x1ok221b\">\n<div class=\"x11i5rnm xat24cr x1mh8g0r x1vvkbs xdj266r x126k92a\">\n<div dir=\"auto\"><em><strong>Dia mundial da \u00e1gua, considerado o bem mais precioso da vida.<\/strong><\/em><\/div>\n<div dir=\"auto\"><\/div>\n<div dir=\"auto\">A data foi criada pela ONU durante a Confer\u00eancia Mundial das Na\u00e7\u00f5es Unidas para o Meio Ambiente e Desenvolvimento, que ficou conhecida como ECO 92 realizada no Rio de Janeiro.<\/div>\n<\/div>\n<div class=\"x11i5rnm xat24cr x1mh8g0r x1vvkbs xtlvy1s x126k92a\">\n<div dir=\"auto\">&#8220;Seja a mudan\u00e7a que voc\u00ea quer ver no mundo&#8221;, \u00e9 o tema escolhido pela ONU para a Campanha 2023 de alerta sobre a escassez. O tema \u00e9 uma inspira\u00e7\u00e3o na f\u00e1bula do beija-flor (n\u00e3o sei quem \u00e9 o autor), que, tenta fazer a sua parte, desesperadamente levando uma gotinha d&#8217; \u00e1gua para apagar um grande inc\u00eandio na floresta.<\/div>\n<\/div>\n<div class=\"x11i5rnm xat24cr x1mh8g0r x1vvkbs xtlvy1s x126k92a\">\n<div dir=\"auto\">Cientistas do clima denunciam que cerca de 3,6 bilh\u00f5es de pessoas no mundo j\u00e1 sofrem as consequ\u00eancias da falta de \u00e1gua pot\u00e1vel para o consumo b\u00e1sico.<\/div>\n<\/div>\n<\/div>\n<\/div>\n<div dir=\"auto\">_<\/div>\n<div class=\"x78zum5 xdt5ytf xz62fqu x16ldp7u\">\n<div class=\"xu06os2 x1ok221b\">\n<div class=\"x11i5rnm xat24cr x1mh8g0r x1vvkbs xtlvy1s x126k92a\">\n<div dir=\"auto\"><\/div>\n<div dir=\"auto\"><strong>\u00c1GUA, DONA DA VIDA<\/strong><\/div>\n<\/div>\n<div class=\"x11i5rnm xat24cr x1mh8g0r x1vvkbs xtlvy1s x126k92a\">\n<div dir=\"auto\">Diga n\u00e3o ao DESPERD\u00cdCIO!!!<\/div>\n<\/div>\n<div class=\"x11i5rnm xat24cr x1mh8g0r x1vvkbs xtlvy1s x126k92a\">\n<div dir=\"auto\">\u00c9 o bem mais precioso<\/div>\n<div dir=\"auto\">Para uma vida saud\u00e1vel<\/div>\n<div dir=\"auto\">O mundo a ela se rende<\/div>\n<div dir=\"auto\">E o ser humano depende<\/div>\n<div dir=\"auto\">De que ela seja pot\u00e1vel!<\/div>\n<div dir=\"auto\">Desperta pov\u00e3o, desperta<\/div>\n<div dir=\"auto\">T\u00e1 na hora de acordar<\/div>\n<div dir=\"auto\">Entenda o benef\u00edcio<\/div>\n<div dir=\"auto\">Diga n\u00e3o ao desperd\u00edcio<\/div>\n<div dir=\"auto\">Para ela n\u00e3o faltar!<\/div>\n<div dir=\"auto\">A torneira n\u00e3o paga conta<\/div>\n<div dir=\"auto\">Mas pediu apavora<\/div>\n<div dir=\"auto\">Suplicando aos cidad\u00e3os:<\/div>\n<div dir=\"auto\">Quando lavar as m\u00e3os<\/div>\n<div dir=\"auto\">Favor me deixem fechada!<\/div>\n<\/div>\n<div class=\"x11i5rnm xat24cr x1mh8g0r x1vvkbs xtlvy1s x126k92a\">\n<div dir=\"auto\">J. Arimat\u00e9ia Ferreira<\/div>\n<div dir=\"auto\">VERO Editora<\/div>\n<\/div>\n<\/div>\n<\/div>\n<\/div>\n<\/div>\n<div dir=\"auto\">_<\/div>\n<div class=\"\" dir=\"auto\">\n<div id=\"jsc_c_5\" class=\"x1iorvi4 x1pi30zi x1swvt13 x1l90r2v\" data-ad-comet-preview=\"message\" data-ad-preview=\"message\">\n<div class=\"x78zum5 xdt5ytf xz62fqu x16ldp7u\">\n<div class=\"xu06os2 x1ok221b\">\n<div class=\"x11i5rnm xat24cr x1mh8g0r x1vvkbs xtlvy1s x126k92a\">\n<div dir=\"auto\"><\/div>\n<div dir=\"auto\"><strong>ATEN\u00c7\u00c5O<\/strong><\/div>\n<\/div>\n<div class=\"x11i5rnm xat24cr x1mh8g0r x1vvkbs xtlvy1s x126k92a\">\n<div dir=\"auto\">A ilustra\u00e7\u00e3o utilizada abaixo representa o d\u00e9cimo primeiro dos 17 objetivos da Agenda 2030 da ONU para o Desenvolvimento Sustent\u00e1vel.<\/div>\n<\/div>\n<div class=\"x11i5rnm xat24cr x1mh8g0r x1vvkbs xtlvy1s x126k92a\">\n<div dir=\"auto\">Na corrida contra o tempo, Poder Publico e sociedade civil, bem como a iniciativa privada devem se dar as m\u00e3os, no sendo de que quando chegar 2030, cada um se orgulhe de ter feito a sua parte, no sentido de promovermos a Consci\u00eancia Ambiental.<\/div>\n<div dir=\"auto\"><img loading=\"lazy\" decoding=\"async\" class=\"alignnone size-full wp-image-10950\" src=\"https:\/\/lurdinha.org\/site\/wp-content\/uploads\/agua-ods.jpg\" alt=\"\" width=\"900\" height=\"900\" srcset=\"https:\/\/lurdinha.org\/site\/wp-content\/uploads\/agua-ods.jpg 900w, https:\/\/lurdinha.org\/site\/wp-content\/uploads\/agua-ods-300x300.jpg 300w, https:\/\/lurdinha.org\/site\/wp-content\/uploads\/agua-ods-610x610.jpg 610w, https:\/\/lurdinha.org\/site\/wp-content\/uploads\/agua-ods-150x150.jpg 150w, https:\/\/lurdinha.org\/site\/wp-content\/uploads\/agua-ods-768x768.jpg 768w, https:\/\/lurdinha.org\/site\/wp-content\/uploads\/agua-ods-120x120.jpg 120w\" sizes=\"auto, (max-width: 900px) 100vw, 900px\" \/><\/div>\n<\/div>\n<\/div>\n<div dir=\"auto\"><\/div>\n<div class=\"xu06os2 x1ok221b\">\n<div class=\"x11i5rnm xat24cr x1mh8g0r x1vvkbs xtlvy1s x126k92a\">\n<div dir=\"auto\"><a class=\"x1i10hfl xjbqb8w x6umtig x1b1mbwd xaqea5y xav7gou x9f619 x1ypdohk xt0psk2 xe8uvvx xdj266r x11i5rnm xat24cr x1mh8g0r xexx8yu x4uap5 x18d9i69 xkhd6sd x16tdsg8 x1hl2dhg xggy1nq x1a2a7pz xt0b8zv x1qq9wsj xo1l8bm\" tabindex=\"0\" role=\"link\" href=\"https:\/\/www.facebook.com\/hashtag\/ods?__eep__=6&amp;__cft__[0]=AZWGeEg5fkyjgyOW-oqpytqZcdTJUoNMWebN13OV6eGSin9bWb8Wt4HrlmqTJG49ZSpAjJhEBb7vivOI130cry_ic17j4tYLN3J59WgnBq5VJaMvrUWaH5osBxCljXtpCcM&amp;__tn__=*NK-R\">#ODS<\/a> <a class=\"x1i10hfl xjbqb8w x6umtig x1b1mbwd xaqea5y xav7gou x9f619 x1ypdohk xt0psk2 xe8uvvx xdj266r x11i5rnm xat24cr x1mh8g0r xexx8yu x4uap5 x18d9i69 xkhd6sd x16tdsg8 x1hl2dhg xggy1nq x1a2a7pz xt0b8zv x1qq9wsj xo1l8bm\" tabindex=\"0\" role=\"link\" href=\"https:\/\/www.facebook.com\/hashtag\/onu?__eep__=6&amp;__cft__[0]=AZWGeEg5fkyjgyOW-oqpytqZcdTJUoNMWebN13OV6eGSin9bWb8Wt4HrlmqTJG49ZSpAjJhEBb7vivOI130cry_ic17j4tYLN3J59WgnBq5VJaMvrUWaH5osBxCljXtpCcM&amp;__tn__=*NK-R\">#ONU<\/a> <a class=\"x1i10hfl xjbqb8w x6umtig x1b1mbwd xaqea5y xav7gou x9f619 x1ypdohk xt0psk2 xe8uvvx xdj266r x11i5rnm xat24cr x1mh8g0r xexx8yu x4uap5 x18d9i69 xkhd6sd x16tdsg8 x1hl2dhg xggy1nq x1a2a7pz xt0b8zv x1qq9wsj xo1l8bm\" tabindex=\"0\" role=\"link\" href=\"https:\/\/www.facebook.com\/hashtag\/objetivosdodesenvolvimentosustentavel?__eep__=6&amp;__cft__[0]=AZWGeEg5fkyjgyOW-oqpytqZcdTJUoNMWebN13OV6eGSin9bWb8Wt4HrlmqTJG49ZSpAjJhEBb7vivOI130cry_ic17j4tYLN3J59WgnBq5VJaMvrUWaH5osBxCljXtpCcM&amp;__tn__=*NK-R\">#objetivosdodesenvolvimentosustentavel<\/a> <a class=\"x1i10hfl xjbqb8w x6umtig x1b1mbwd xaqea5y xav7gou x9f619 x1ypdohk xt0psk2 xe8uvvx xdj266r x11i5rnm xat24cr x1mh8g0r xexx8yu x4uap5 x18d9i69 xkhd6sd x16tdsg8 x1hl2dhg xggy1nq x1a2a7pz xt0b8zv x1qq9wsj xo1l8bm\" tabindex=\"0\" role=\"link\" href=\"https:\/\/www.facebook.com\/hashtag\/agua?__eep__=6&amp;__cft__[0]=AZWGeEg5fkyjgyOW-oqpytqZcdTJUoNMWebN13OV6eGSin9bWb8Wt4HrlmqTJG49ZSpAjJhEBb7vivOI130cry_ic17j4tYLN3J59WgnBq5VJaMvrUWaH5osBxCljXtpCcM&amp;__tn__=*NK-R\">#agua<\/a> <a class=\"x1i10hfl xjbqb8w x6umtig x1b1mbwd xaqea5y xav7gou x9f619 x1ypdohk xt0psk2 xe8uvvx xdj266r x11i5rnm xat24cr x1mh8g0r xexx8yu x4uap5 x18d9i69 xkhd6sd x16tdsg8 x1hl2dhg xggy1nq x1a2a7pz xt0b8zv x1qq9wsj xo1l8bm\" tabindex=\"0\" role=\"link\" href=\"https:\/\/www.facebook.com\/hashtag\/diadaagua?__eep__=6&amp;__cft__[0]=AZWGeEg5fkyjgyOW-oqpytqZcdTJUoNMWebN13OV6eGSin9bWb8Wt4HrlmqTJG49ZSpAjJhEBb7vivOI130cry_ic17j4tYLN3J59WgnBq5VJaMvrUWaH5osBxCljXtpCcM&amp;__tn__=*NK-R\">#diadaagua<\/a> <a class=\"x1i10hfl xjbqb8w x6umtig x1b1mbwd xaqea5y xav7gou x9f619 x1ypdohk xt0psk2 xe8uvvx xdj266r x11i5rnm xat24cr x1mh8g0r xexx8yu x4uap5 x18d9i69 xkhd6sd x16tdsg8 x1hl2dhg xggy1nq x1a2a7pz xt0b8zv x1qq9wsj xo1l8bm\" tabindex=\"0\" role=\"link\" href=\"https:\/\/www.facebook.com\/hashtag\/ods11?__eep__=6&amp;__cft__[0]=AZWGeEg5fkyjgyOW-oqpytqZcdTJUoNMWebN13OV6eGSin9bWb8Wt4HrlmqTJG49ZSpAjJhEBb7vivOI130cry_ic17j4tYLN3J59WgnBq5VJaMvrUWaH5osBxCljXtpCcM&amp;__tn__=*NK-R\">#ODS11<\/a> <a class=\"x1i10hfl xjbqb8w x6umtig x1b1mbwd xaqea5y xav7gou x9f619 x1ypdohk xt0psk2 xe8uvvx xdj266r x11i5rnm xat24cr x1mh8g0r xexx8yu x4uap5 x18d9i69 xkhd6sd x16tdsg8 x1hl2dhg xggy1nq x1a2a7pz xt0b8zv x1qq9wsj xo1l8bm\" tabindex=\"0\" role=\"link\" href=\"https:\/\/www.facebook.com\/hashtag\/sustentabilidade?__eep__=6&amp;__cft__[0]=AZWGeEg5fkyjgyOW-oqpytqZcdTJUoNMWebN13OV6eGSin9bWb8Wt4HrlmqTJG49ZSpAjJhEBb7vivOI130cry_ic17j4tYLN3J59WgnBq5VJaMvrUWaH5osBxCljXtpCcM&amp;__tn__=*NK-R\">#sustentabilidade<\/a> <a class=\"x1i10hfl xjbqb8w x6umtig x1b1mbwd xaqea5y xav7gou x9f619 x1ypdohk xt0psk2 xe8uvvx xdj266r x11i5rnm xat24cr x1mh8g0r xexx8yu x4uap5 x18d9i69 xkhd6sd x16tdsg8 x1hl2dhg xggy1nq x1a2a7pz xt0b8zv x1qq9wsj xo1l8bm\" tabindex=\"0\" role=\"link\" href=\"https:\/\/www.facebook.com\/hashtag\/sustentavel?__eep__=6&amp;__cft__[0]=AZWGeEg5fkyjgyOW-oqpytqZcdTJUoNMWebN13OV6eGSin9bWb8Wt4HrlmqTJG49ZSpAjJhEBb7vivOI130cry_ic17j4tYLN3J59WgnBq5VJaMvrUWaH5osBxCljXtpCcM&amp;__tn__=*NK-R\">#sustentavel<\/a> <a class=\"x1i10hfl xjbqb8w x6umtig x1b1mbwd xaqea5y xav7gou x9f619 x1ypdohk xt0psk2 xe8uvvx xdj266r x11i5rnm xat24cr x1mh8g0r xexx8yu x4uap5 x18d9i69 xkhd6sd x16tdsg8 x1hl2dhg xggy1nq x1a2a7pz xt0b8zv x1qq9wsj xo1l8bm\" tabindex=\"0\" role=\"link\" href=\"https:\/\/www.facebook.com\/hashtag\/agenda2030?__eep__=6&amp;__cft__[0]=AZWGeEg5fkyjgyOW-oqpytqZcdTJUoNMWebN13OV6eGSin9bWb8Wt4HrlmqTJG49ZSpAjJhEBb7vivOI130cry_ic17j4tYLN3J59WgnBq5VJaMvrUWaH5osBxCljXtpCcM&amp;__tn__=*NK-R\">#Agenda2030<\/a> <a class=\"x1i10hfl xjbqb8w x6umtig x1b1mbwd xaqea5y xav7gou x9f619 x1ypdohk xt0psk2 xe8uvvx xdj266r x11i5rnm xat24cr x1mh8g0r xexx8yu x4uap5 x18d9i69 xkhd6sd x16tdsg8 x1hl2dhg xggy1nq x1a2a7pz xt0b8zv x1qq9wsj xo1l8bm\" tabindex=\"0\" role=\"link\" href=\"https:\/\/www.facebook.com\/hashtag\/agenda2030onu?__eep__=6&amp;__cft__[0]=AZWGeEg5fkyjgyOW-oqpytqZcdTJUoNMWebN13OV6eGSin9bWb8Wt4HrlmqTJG49ZSpAjJhEBb7vivOI130cry_ic17j4tYLN3J59WgnBq5VJaMvrUWaH5osBxCljXtpCcM&amp;__tn__=*NK-R\">#agenda2030onu<\/a> <a class=\"x1i10hfl xjbqb8w x6umtig x1b1mbwd xaqea5y xav7gou x9f619 x1ypdohk xt0psk2 xe8uvvx xdj266r x11i5rnm xat24cr x1mh8g0r xexx8yu x4uap5 x18d9i69 xkhd6sd x16tdsg8 x1hl2dhg xggy1nq x1a2a7pz xt0b8zv x1qq9wsj xo1l8bm\" tabindex=\"0\" role=\"link\" href=\"https:\/\/www.facebook.com\/hashtag\/veroeditora?__eep__=6&amp;__cft__[0]=AZWGeEg5fkyjgyOW-oqpytqZcdTJUoNMWebN13OV6eGSin9bWb8Wt4HrlmqTJG49ZSpAjJhEBb7vivOI130cry_ic17j4tYLN3J59WgnBq5VJaMvrUWaH5osBxCljXtpCcM&amp;__tn__=*NK-R\">#veroeditora<\/a> <a class=\"x1i10hfl xjbqb8w x6umtig x1b1mbwd xaqea5y xav7gou x9f619 x1ypdohk xt0psk2 xe8uvvx xdj266r x11i5rnm xat24cr x1mh8g0r xexx8yu x4uap5 x18d9i69 xkhd6sd x16tdsg8 x1hl2dhg xggy1nq x1a2a7pz xt0b8zv x1qq9wsj xo1l8bm\" tabindex=\"0\" role=\"link\" href=\"https:\/\/www.facebook.com\/hashtag\/jarimateiaferreira?__eep__=6&amp;__cft__[0]=AZWGeEg5fkyjgyOW-oqpytqZcdTJUoNMWebN13OV6eGSin9bWb8Wt4HrlmqTJG49ZSpAjJhEBb7vivOI130cry_ic17j4tYLN3J59WgnBq5VJaMvrUWaH5osBxCljXtpCcM&amp;__tn__=*NK-R\">#jarimateiaferreira<\/a><\/div>\n<\/div>\n<\/div>\n<\/div>\n<\/div>\n<\/div>\n","protected":false},"excerpt":{"rendered":"<p>Dia mundial da \u00e1gua, considerado o bem mais precioso da vida. A data foi criada&#8230;<\/p>\n","protected":false},"author":45,"featured_media":10950,"comment_status":"open","ping_status":"closed","sticky":false,"template":"","format":"standard","meta":{"footnotes":""},"categories":[4],"tags":[],"class_list":["post-10949","post","type-post","status-publish","format-standard","has-post-thumbnail","hentry","category-opiniao"],"yoast_head":"<!-- This site is optimized with the Yoast SEO plugin v27.5 - https:\/\/yoast.com\/product\/yoast-seo-wordpress\/ -->\n<title>DIA MUNDIAL DA \u00c1GUA - Lurdinha - Duque de Caxias para Est\u00f4magos Fortes<\/title>\n<meta name=\"robots\" content=\"index, follow, max-snippet:-1, max-image-preview:large, max-video-preview:-1\" \/>\n<link rel=\"canonical\" href=\"https:\/\/lurdinha.org\/site\/dia-mundial-da-agua\/\" \/>\n<meta property=\"og:locale\" content=\"pt_BR\" \/>\n<meta property=\"og:type\" content=\"article\" \/>\n<meta property=\"og:title\" content=\"DIA MUNDIAL DA \u00c1GUA - Lurdinha - Duque de Caxias para Est\u00f4magos Fortes\" \/>\n<meta property=\"og:description\" content=\"Dia mundial da \u00e1gua, considerado o bem mais precioso da vida. A data foi criada...\" \/>\n<meta property=\"og:url\" content=\"https:\/\/lurdinha.org\/site\/dia-mundial-da-agua\/\" \/>\n<meta property=\"og:site_name\" content=\"Lurdinha - Duque de Caxias para Est\u00f4magos Fortes\" \/>\n<meta property=\"article:publisher\" content=\"https:\/\/www.facebook.com\/LurdinhadeCaxias\" \/>\n<meta property=\"article:author\" content=\"jarimateia.ferreira\" \/>\n<meta property=\"article:published_time\" content=\"2023-03-22T04:33:52+00:00\" \/>\n<meta property=\"article:modified_time\" content=\"2023-12-06T05:14:00+00:00\" \/>\n<meta property=\"og:image\" content=\"https:\/\/lurdinha.org\/site\/wp-content\/uploads\/agua-ods.jpg\" \/>\n\t<meta property=\"og:image:width\" content=\"900\" \/>\n\t<meta property=\"og:image:height\" content=\"900\" \/>\n\t<meta property=\"og:image:type\" content=\"image\/jpeg\" \/>\n<meta name=\"author\" content=\"J. Arimat\u00e9ria Ferreira\" \/>\n<meta name=\"twitter:card\" content=\"summary_large_image\" \/>\n<meta name=\"twitter:label1\" content=\"Escrito por\" \/>\n\t<meta name=\"twitter:data1\" content=\"J. Arimat\u00e9ria Ferreira\" \/>\n\t<meta name=\"twitter:label2\" content=\"Est. tempo de leitura\" \/>\n\t<meta name=\"twitter:data2\" content=\"1 minuto\" \/>\n<script type=\"application\/ld+json\" class=\"yoast-schema-graph\">{\"@context\":\"https:\\\/\\\/schema.org\",\"@graph\":[{\"@type\":\"Article\",\"@id\":\"https:\\\/\\\/lurdinha.org\\\/site\\\/dia-mundial-da-agua\\\/#article\",\"isPartOf\":{\"@id\":\"https:\\\/\\\/lurdinha.org\\\/site\\\/dia-mundial-da-agua\\\/\"},\"author\":{\"name\":\"J. Arimat\u00e9ria Ferreira\",\"@id\":\"https:\\\/\\\/lurdinha.org\\\/site\\\/#\\\/schema\\\/person\\\/9c54ae2961ed6a2ea723597bd38c7d33\"},\"headline\":\"DIA MUNDIAL DA \u00c1GUA\",\"datePublished\":\"2023-03-22T04:33:52+00:00\",\"dateModified\":\"2023-12-06T05:14:00+00:00\",\"mainEntityOfPage\":{\"@id\":\"https:\\\/\\\/lurdinha.org\\\/site\\\/dia-mundial-da-agua\\\/\"},\"wordCount\":303,\"commentCount\":0,\"publisher\":{\"@id\":\"https:\\\/\\\/lurdinha.org\\\/site\\\/#organization\"},\"image\":{\"@id\":\"https:\\\/\\\/lurdinha.org\\\/site\\\/dia-mundial-da-agua\\\/#primaryimage\"},\"thumbnailUrl\":\"https:\\\/\\\/lurdinha.org\\\/site\\\/wp-content\\\/uploads\\\/agua-ods.jpg\",\"articleSection\":[\"uma opini\u00e3o\"],\"inLanguage\":\"pt-BR\",\"potentialAction\":[{\"@type\":\"CommentAction\",\"name\":\"Comment\",\"target\":[\"https:\\\/\\\/lurdinha.org\\\/site\\\/dia-mundial-da-agua\\\/#respond\"]}]},{\"@type\":\"WebPage\",\"@id\":\"https:\\\/\\\/lurdinha.org\\\/site\\\/dia-mundial-da-agua\\\/\",\"url\":\"https:\\\/\\\/lurdinha.org\\\/site\\\/dia-mundial-da-agua\\\/\",\"name\":\"DIA MUNDIAL DA \u00c1GUA - Lurdinha - Duque de Caxias para Est\u00f4magos Fortes\",\"isPartOf\":{\"@id\":\"https:\\\/\\\/lurdinha.org\\\/site\\\/#website\"},\"primaryImageOfPage\":{\"@id\":\"https:\\\/\\\/lurdinha.org\\\/site\\\/dia-mundial-da-agua\\\/#primaryimage\"},\"image\":{\"@id\":\"https:\\\/\\\/lurdinha.org\\\/site\\\/dia-mundial-da-agua\\\/#primaryimage\"},\"thumbnailUrl\":\"https:\\\/\\\/lurdinha.org\\\/site\\\/wp-content\\\/uploads\\\/agua-ods.jpg\",\"datePublished\":\"2023-03-22T04:33:52+00:00\",\"dateModified\":\"2023-12-06T05:14:00+00:00\",\"breadcrumb\":{\"@id\":\"https:\\\/\\\/lurdinha.org\\\/site\\\/dia-mundial-da-agua\\\/#breadcrumb\"},\"inLanguage\":\"pt-BR\",\"potentialAction\":[{\"@type\":\"ReadAction\",\"target\":[\"https:\\\/\\\/lurdinha.org\\\/site\\\/dia-mundial-da-agua\\\/\"]}]},{\"@type\":\"ImageObject\",\"inLanguage\":\"pt-BR\",\"@id\":\"https:\\\/\\\/lurdinha.org\\\/site\\\/dia-mundial-da-agua\\\/#primaryimage\",\"url\":\"https:\\\/\\\/lurdinha.org\\\/site\\\/wp-content\\\/uploads\\\/agua-ods.jpg\",\"contentUrl\":\"https:\\\/\\\/lurdinha.org\\\/site\\\/wp-content\\\/uploads\\\/agua-ods.jpg\",\"width\":900,\"height\":900},{\"@type\":\"BreadcrumbList\",\"@id\":\"https:\\\/\\\/lurdinha.org\\\/site\\\/dia-mundial-da-agua\\\/#breadcrumb\",\"itemListElement\":[{\"@type\":\"ListItem\",\"position\":1,\"name\":\"In\u00edcio\",\"item\":\"https:\\\/\\\/lurdinha.org\\\/site\\\/\"},{\"@type\":\"ListItem\",\"position\":2,\"name\":\"DIA MUNDIAL DA \u00c1GUA\"}]},{\"@type\":\"WebSite\",\"@id\":\"https:\\\/\\\/lurdinha.org\\\/site\\\/#website\",\"url\":\"https:\\\/\\\/lurdinha.org\\\/site\\\/\",\"name\":\"Lurdinha - Duque de Caxias para Est\u00f4magos Fortes\",\"description\":\"Site sobre Arte, Cultura, Pol\u00edtica, Sociedade e curiosidades da cidade de Duque de Caxias, RJ\",\"publisher\":{\"@id\":\"https:\\\/\\\/lurdinha.org\\\/site\\\/#organization\"},\"alternateName\":\"Lurdinha\",\"potentialAction\":[{\"@type\":\"SearchAction\",\"target\":{\"@type\":\"EntryPoint\",\"urlTemplate\":\"https:\\\/\\\/lurdinha.org\\\/site\\\/?s={search_term_string}\"},\"query-input\":{\"@type\":\"PropertyValueSpecification\",\"valueRequired\":true,\"valueName\":\"search_term_string\"}}],\"inLanguage\":\"pt-BR\"},{\"@type\":\"Organization\",\"@id\":\"https:\\\/\\\/lurdinha.org\\\/site\\\/#organization\",\"name\":\"Lurdinha de Caxias\",\"url\":\"https:\\\/\\\/lurdinha.org\\\/site\\\/\",\"logo\":{\"@type\":\"ImageObject\",\"inLanguage\":\"pt-BR\",\"@id\":\"https:\\\/\\\/lurdinha.org\\\/site\\\/#\\\/schema\\\/logo\\\/image\\\/\",\"url\":\"https:\\\/\\\/lurdinha.org\\\/site\\\/wp-content\\\/uploads\\\/logo-lurdinha.jpg\",\"contentUrl\":\"https:\\\/\\\/lurdinha.org\\\/site\\\/wp-content\\\/uploads\\\/logo-lurdinha.jpg\",\"width\":640,\"height\":60,\"caption\":\"Lurdinha de Caxias\"},\"image\":{\"@id\":\"https:\\\/\\\/lurdinha.org\\\/site\\\/#\\\/schema\\\/logo\\\/image\\\/\"},\"sameAs\":[\"https:\\\/\\\/www.facebook.com\\\/LurdinhadeCaxias\",\"https:\\\/\\\/www.instagram.com\\\/lurdinhadecaxias\"]},{\"@type\":\"Person\",\"@id\":\"https:\\\/\\\/lurdinha.org\\\/site\\\/#\\\/schema\\\/person\\\/9c54ae2961ed6a2ea723597bd38c7d33\",\"name\":\"J. Arimat\u00e9ria Ferreira\",\"image\":{\"@type\":\"ImageObject\",\"inLanguage\":\"pt-BR\",\"@id\":\"https:\\\/\\\/secure.gravatar.com\\\/avatar\\\/898c76499f3edd79c1ddb8550282f056c716b40b3b2c21d923d8befcbb93efcd?s=96&d=mm&r=g\",\"url\":\"https:\\\/\\\/secure.gravatar.com\\\/avatar\\\/898c76499f3edd79c1ddb8550282f056c716b40b3b2c21d923d8befcbb93efcd?s=96&d=mm&r=g\",\"contentUrl\":\"https:\\\/\\\/secure.gravatar.com\\\/avatar\\\/898c76499f3edd79c1ddb8550282f056c716b40b3b2c21d923d8befcbb93efcd?s=96&d=mm&r=g\",\"caption\":\"J. Arimat\u00e9ria Ferreira\"},\"description\":\"Radialista\\\/Jornalista, poeta popular e idealizador do Projeto Poesia &amp; Ecologia\",\"sameAs\":[\"jarimateia.ferreira\"],\"url\":\"https:\\\/\\\/lurdinha.org\\\/site\\\/author\\\/arimateia\\\/\"}]}<\/script>\n<!-- \/ Yoast SEO plugin. -->","yoast_head_json":{"title":"DIA MUNDIAL DA \u00c1GUA - Lurdinha - Duque de Caxias para Est\u00f4magos Fortes","robots":{"index":"index","follow":"follow","max-snippet":"max-snippet:-1","max-image-preview":"max-image-preview:large","max-video-preview":"max-video-preview:-1"},"canonical":"https:\/\/lurdinha.org\/site\/dia-mundial-da-agua\/","og_locale":"pt_BR","og_type":"article","og_title":"DIA MUNDIAL DA \u00c1GUA - Lurdinha - Duque de Caxias para Est\u00f4magos Fortes","og_description":"Dia mundial da \u00e1gua, considerado o bem mais precioso da vida. A data foi criada...","og_url":"https:\/\/lurdinha.org\/site\/dia-mundial-da-agua\/","og_site_name":"Lurdinha - Duque de Caxias para Est\u00f4magos Fortes","article_publisher":"https:\/\/www.facebook.com\/LurdinhadeCaxias","article_author":"jarimateia.ferreira","article_published_time":"2023-03-22T04:33:52+00:00","article_modified_time":"2023-12-06T05:14:00+00:00","og_image":[{"width":900,"height":900,"url":"https:\/\/lurdinha.org\/site\/wp-content\/uploads\/agua-ods.jpg","type":"image\/jpeg"}],"author":"J. Arimat\u00e9ria Ferreira","twitter_card":"summary_large_image","twitter_misc":{"Escrito por":"J. Arimat\u00e9ria Ferreira","Est. tempo de leitura":"1 minuto"},"schema":{"@context":"https:\/\/schema.org","@graph":[{"@type":"Article","@id":"https:\/\/lurdinha.org\/site\/dia-mundial-da-agua\/#article","isPartOf":{"@id":"https:\/\/lurdinha.org\/site\/dia-mundial-da-agua\/"},"author":{"name":"J. Arimat\u00e9ria Ferreira","@id":"https:\/\/lurdinha.org\/site\/#\/schema\/person\/9c54ae2961ed6a2ea723597bd38c7d33"},"headline":"DIA MUNDIAL DA \u00c1GUA","datePublished":"2023-03-22T04:33:52+00:00","dateModified":"2023-12-06T05:14:00+00:00","mainEntityOfPage":{"@id":"https:\/\/lurdinha.org\/site\/dia-mundial-da-agua\/"},"wordCount":303,"commentCount":0,"publisher":{"@id":"https:\/\/lurdinha.org\/site\/#organization"},"image":{"@id":"https:\/\/lurdinha.org\/site\/dia-mundial-da-agua\/#primaryimage"},"thumbnailUrl":"https:\/\/lurdinha.org\/site\/wp-content\/uploads\/agua-ods.jpg","articleSection":["uma opini\u00e3o"],"inLanguage":"pt-BR","potentialAction":[{"@type":"CommentAction","name":"Comment","target":["https:\/\/lurdinha.org\/site\/dia-mundial-da-agua\/#respond"]}]},{"@type":"WebPage","@id":"https:\/\/lurdinha.org\/site\/dia-mundial-da-agua\/","url":"https:\/\/lurdinha.org\/site\/dia-mundial-da-agua\/","name":"DIA MUNDIAL DA \u00c1GUA - Lurdinha - Duque de Caxias para Est\u00f4magos Fortes","isPartOf":{"@id":"https:\/\/lurdinha.org\/site\/#website"},"primaryImageOfPage":{"@id":"https:\/\/lurdinha.org\/site\/dia-mundial-da-agua\/#primaryimage"},"image":{"@id":"https:\/\/lurdinha.org\/site\/dia-mundial-da-agua\/#primaryimage"},"thumbnailUrl":"https:\/\/lurdinha.org\/site\/wp-content\/uploads\/agua-ods.jpg","datePublished":"2023-03-22T04:33:52+00:00","dateModified":"2023-12-06T05:14:00+00:00","breadcrumb":{"@id":"https:\/\/lurdinha.org\/site\/dia-mundial-da-agua\/#breadcrumb"},"inLanguage":"pt-BR","potentialAction":[{"@type":"ReadAction","target":["https:\/\/lurdinha.org\/site\/dia-mundial-da-agua\/"]}]},{"@type":"ImageObject","inLanguage":"pt-BR","@id":"https:\/\/lurdinha.org\/site\/dia-mundial-da-agua\/#primaryimage","url":"https:\/\/lurdinha.org\/site\/wp-content\/uploads\/agua-ods.jpg","contentUrl":"https:\/\/lurdinha.org\/site\/wp-content\/uploads\/agua-ods.jpg","width":900,"height":900},{"@type":"BreadcrumbList","@id":"https:\/\/lurdinha.org\/site\/dia-mundial-da-agua\/#breadcrumb","itemListElement":[{"@type":"ListItem","position":1,"name":"In\u00edcio","item":"https:\/\/lurdinha.org\/site\/"},{"@type":"ListItem","position":2,"name":"DIA MUNDIAL DA \u00c1GUA"}]},{"@type":"WebSite","@id":"https:\/\/lurdinha.org\/site\/#website","url":"https:\/\/lurdinha.org\/site\/","name":"Lurdinha - Duque de Caxias para Est\u00f4magos Fortes","description":"Site sobre Arte, Cultura, Pol\u00edtica, Sociedade e curiosidades da cidade de Duque de Caxias, RJ","publisher":{"@id":"https:\/\/lurdinha.org\/site\/#organization"},"alternateName":"Lurdinha","potentialAction":[{"@type":"SearchAction","target":{"@type":"EntryPoint","urlTemplate":"https:\/\/lurdinha.org\/site\/?s={search_term_string}"},"query-input":{"@type":"PropertyValueSpecification","valueRequired":true,"valueName":"search_term_string"}}],"inLanguage":"pt-BR"},{"@type":"Organization","@id":"https:\/\/lurdinha.org\/site\/#organization","name":"Lurdinha de Caxias","url":"https:\/\/lurdinha.org\/site\/","logo":{"@type":"ImageObject","inLanguage":"pt-BR","@id":"https:\/\/lurdinha.org\/site\/#\/schema\/logo\/image\/","url":"https:\/\/lurdinha.org\/site\/wp-content\/uploads\/logo-lurdinha.jpg","contentUrl":"https:\/\/lurdinha.org\/site\/wp-content\/uploads\/logo-lurdinha.jpg","width":640,"height":60,"caption":"Lurdinha de Caxias"},"image":{"@id":"https:\/\/lurdinha.org\/site\/#\/schema\/logo\/image\/"},"sameAs":["https:\/\/www.facebook.com\/LurdinhadeCaxias","https:\/\/www.instagram.com\/lurdinhadecaxias"]},{"@type":"Person","@id":"https:\/\/lurdinha.org\/site\/#\/schema\/person\/9c54ae2961ed6a2ea723597bd38c7d33","name":"J. Arimat\u00e9ria Ferreira","image":{"@type":"ImageObject","inLanguage":"pt-BR","@id":"https:\/\/secure.gravatar.com\/avatar\/898c76499f3edd79c1ddb8550282f056c716b40b3b2c21d923d8befcbb93efcd?s=96&d=mm&r=g","url":"https:\/\/secure.gravatar.com\/avatar\/898c76499f3edd79c1ddb8550282f056c716b40b3b2c21d923d8befcbb93efcd?s=96&d=mm&r=g","contentUrl":"https:\/\/secure.gravatar.com\/avatar\/898c76499f3edd79c1ddb8550282f056c716b40b3b2c21d923d8befcbb93efcd?s=96&d=mm&r=g","caption":"J. Arimat\u00e9ria Ferreira"},"description":"Radialista\/Jornalista, poeta popular e idealizador do Projeto Poesia &amp; Ecologia","sameAs":["jarimateia.ferreira"],"url":"https:\/\/lurdinha.org\/site\/author\/arimateia\/"}]}},"views":951,"_links":{"self":[{"href":"https:\/\/lurdinha.org\/site\/wp-json\/wp\/v2\/posts\/10949","targetHints":{"allow":["GET"]}}],"collection":[{"href":"https:\/\/lurdinha.org\/site\/wp-json\/wp\/v2\/posts"}],"about":[{"href":"https:\/\/lurdinha.org\/site\/wp-json\/wp\/v2\/types\/post"}],"author":[{"embeddable":true,"href":"https:\/\/lurdinha.org\/site\/wp-json\/wp\/v2\/users\/45"}],"replies":[{"embeddable":true,"href":"https:\/\/lurdinha.org\/site\/wp-json\/wp\/v2\/comments?post=10949"}],"version-history":[{"count":3,"href":"https:\/\/lurdinha.org\/site\/wp-json\/wp\/v2\/posts\/10949\/revisions"}],"predecessor-version":[{"id":10953,"href":"https:\/\/lurdinha.org\/site\/wp-json\/wp\/v2\/posts\/10949\/revisions\/10953"}],"wp:featuredmedia":[{"embeddable":true,"href":"https:\/\/lurdinha.org\/site\/wp-json\/wp\/v2\/media\/10950"}],"wp:attachment":[{"href":"https:\/\/lurdinha.org\/site\/wp-json\/wp\/v2\/media?parent=10949"}],"wp:term":[{"taxonomy":"category","embeddable":true,"href":"https:\/\/lurdinha.org\/site\/wp-json\/wp\/v2\/categories?post=10949"},{"taxonomy":"post_tag","embeddable":true,"href":"https:\/\/lurdinha.org\/site\/wp-json\/wp\/v2\/tags?post=10949"}],"curies":[{"name":"wp","href":"https:\/\/api.w.org\/{rel}","templated":true}]}}