{"id":10928,"date":"2023-03-05T01:19:13","date_gmt":"2023-03-05T01:19:13","guid":{"rendered":"https:\/\/lurdinha.org\/site\/?p=10928"},"modified":"2023-12-06T05:18:07","modified_gmt":"2023-12-06T05:18:07","slug":"esteja-em-paz-sueli-costa","status":"publish","type":"post","link":"https:\/\/lurdinha.org\/site\/esteja-em-paz-sueli-costa\/","title":{"rendered":"ESTEJA EM PAZ, SUELI COSTA!"},"content":{"rendered":"<div class=\"x11i5rnm xat24cr x1mh8g0r x1vvkbs xtlvy1s x126k92a\">\n<div dir=\"auto\"><img loading=\"lazy\" decoding=\"async\" class=\"alignnone size-full wp-image-10929\" src=\"https:\/\/lurdinha.org\/site\/wp-content\/uploads\/sueli-costa.jpg\" alt=\"Sueli Costa - Eldemar de Souza\" width=\"305\" height=\"370\" srcset=\"https:\/\/lurdinha.org\/site\/wp-content\/uploads\/sueli-costa.jpg 305w, https:\/\/lurdinha.org\/site\/wp-content\/uploads\/sueli-costa-247x300.jpg 247w\" sizes=\"auto, (max-width: 305px) 100vw, 305px\" \/><\/div>\n<div dir=\"auto\">Lembro-me como se fosse ontem &#8211; e l\u00e1 se v\u00e3o quase seis d\u00e9cadas. Eu estava no ap\u00ea de um amigo, Ant\u00f4nio Lemos Venturelli, pr\u00f3ximo ao Bairro de F\u00e1tima. \u00cdamos a uma festa, e enquanto ele se aprontava no quarto, eu na sala acionava o seletor de canais da TV, quando parei boquiaberto no antigo canal 9 (Continental), onde uma jovem cantava lindamente a Can\u00e7\u00e3o do Amanhecer (Edu e Vin\u00edcius). Terminada a can\u00e7\u00e3o terminou o programa, que fiquei sabendo chamar-se O Mundo \u00e9 Nosso, e que ia ao ar todos os s\u00e1bados, naqueles mesmos hor\u00e1rio e canal.<\/div>\n<\/div>\n<div class=\"x11i5rnm xat24cr x1mh8g0r x1vvkbs xtlvy1s x126k92a\">\n<div dir=\"auto\">Nem preciso dizer que passei a assistir ao programa toda semana, com grande interesse. A apresenta\u00e7\u00e3o era de Paulo Gra\u00e7a Mello e contava com a participa\u00e7\u00e3o do irm\u00e3o deste, Guto, Mariozinho Rocha, o casal de irm\u00e3os Fernando e Gracinha Leporace, Junaldo (um cantor da noite), Lucinha e convidados. Todos \u00f3timos m\u00fasicos e t\u00e3o jovens quanto eu. Numa das apresenta\u00e7\u00f5es apareceu por l\u00e1 um baiano de Bom Jesus da Lapa, de nome Guttemberg Guarabira, que levou composi\u00e7\u00e3o sua, Senhora das Dores. Ah, sim, este eu j\u00e1 conhecia. De onde? Da Feira Nacional de M\u00fasica Brasileira, que havia rolado no Teatro Opini\u00e3o, em 1965.<\/div>\n<\/div>\n<div class=\"x11i5rnm xat24cr x1mh8g0r x1vvkbs xtlvy1s x126k92a\">\n<div dir=\"auto\">Da Feira eu preciso falar. Foi um grande acontecimento, que me fez deslocar de Duque de Caxias para Copacabana, em v\u00e1rios dias, a fim de conferir o que os meus contempor\u00e2neos estavam fazendo musicalmente, Brasil afora. Foi l\u00e1 que vi e ouvi pela primeira vez gente que, pouco depois, estaria tocando no r\u00e1dio. Lembro-me dos cariocas Luiz Carlos S\u00e1 e Sidney Miller, al\u00e9m dos baianos Fernando Lona e Guttemberg Guarabira. Mas ainda era um tempo em que mulheres compositoras eram raridades. Portanto, a presen\u00e7a de duas delas na Feira me ficou na lembran\u00e7a: Luli e Sueli Costa, com suas apresenta\u00e7\u00f5es solo.<\/div>\n<\/div>\n<div class=\"x11i5rnm xat24cr x1mh8g0r x1vvkbs xtlvy1s x126k92a\">\n<div dir=\"auto\">Quando eu soube que o n\u00facleo do programa O Mundo \u00e9 Nosso se reunia num bar no Leme (Rua Gustavo Sampaio), passei a frequentar o peda\u00e7o, todas as sextas-feiras. Logo na minha primeira visita, conheci um cara muito bom de papo, que fiquei sabendo na sequ\u00eancia tratar-se de Jo\u00e3o Medeiros Filho, o qual, soube depois, era um tremendo poeta. Uma de suas obras era uma bel\u00edssima marcha-rancho, Por Exemplo, Voc\u00ea, cuja melodia levava a assinatura da menina Sueli, que tanto me impressionara na Feira de M\u00fasica Brasileira e que vez por outra marcava presen\u00e7a no local.<\/div>\n<\/div>\n<div class=\"x11i5rnm xat24cr x1mh8g0r x1vvkbs xtlvy1s x126k92a\">\n<div dir=\"auto\">Logo, logo a galera ganhou o nome de Grupo Manifesto e passou a chamar a aten\u00e7\u00e3o de artistas renomados. Nara Le\u00e3o, como n\u00e3o poderia deixar de ser, saiu na frente: foi a primeira a gravar m\u00fasica de algu\u00e9m do grupo. A can\u00e7\u00e3o escolhida foi justamente Por Exemplo, Voc\u00ea, de Sueli Costa e Jo\u00e3o Medeiros Filho. Em seguida, Elis Regina gravou Manifesto (Guto Gra\u00e7a Mello e Mariozinho Rocha) e Nara registrou Cabra Macho, dos mesmos autores.<\/div>\n<\/div>\n<div class=\"x11i5rnm xat24cr x1mh8g0r x1vvkbs xtlvy1s x126k92a\">\n<div dir=\"auto\">O Manifesto, enquanto grupo, teve pouca dura\u00e7\u00e3o. Mesmo assim, chegou a gravar dois LPs e ganhar o II Festival Internacional da Can\u00e7\u00e3o (1967), com a ins\u00edpida Margarida, que perdeu em beleza e popularidade para Travessia (Milton Nascimento e Fernando Brandt), classificada em segundo lugar. Apesar de um in\u00edcio t\u00e3o promissor, a galera n\u00e3o seguiu nos alimentando com obras t\u00e3o significativas. Mariozinho Rocha virou jurado do programa Fl\u00e1vio Cavalcante (TV Tupi) e, posteriormente, diretor musical de novelas da Globo &#8211; sempre em substitui\u00e7\u00e3o ao Nelson Motta; Guto Gra\u00e7a Mello virou uma esp\u00e9cie de Sullivan &amp; Massadas solo e Guarabira tentou carreira tamb\u00e9m solo, mas foi com S\u00e1 (e Rodrix) que se manteve de p\u00e9. Gracinha Leporace vive hoje nos Estados Unidos, como a senhora S\u00e9rgio Mendes.<\/div>\n<\/div>\n<div class=\"x11i5rnm xat24cr x1mh8g0r x1vvkbs xtlvy1s x126k92a\">\n<div dir=\"auto\">Enquanto isso, duas mulheres remanescentes da Feira permaneceram firmes naquilo que se propunham a fazer: compor, e compor m\u00fasica de qualidade: Luli e Sueli Costa. A primeira, juntou-se a Lucinha (ex-Manifesto) e produziram uma obra experimental s\u00f3lida, registrada em CDs independentes. E Sueli deixou bem claro a que veio, com cl\u00e1ssicos como Cora\u00e7\u00e3o Ateu, Dentro de Mim Mora um Anjo (parceria com Abel Silva), Face a Face (com Cacaso), Encoura\u00e7ado (Tite de Lemos) e tantas outras can\u00e7\u00f5es inesquec\u00edveis.<\/div>\n<\/div>\n<div class=\"x11i5rnm xat24cr x1mh8g0r x1vvkbs xtlvy1s x126k92a\">\n<div dir=\"auto\">Hoje, mal havia amanhecido o dia, recebi a m\u00e1-not\u00edcia: Sueli Costa atravessou a fronteira. Foi sem que eu tivesse realizado um velho projeto de ter uma letra musicada por ela. Desejo muita paz para a menina Sueli, cuja carreira musical acompanhei desde aquela Feira de M\u00fasica Brasileira, naquele distante 1965.<\/div>\n<div dir=\"auto\"><\/div>\n<\/div>\n<div class=\"x11i5rnm xat24cr x1mh8g0r x1vvkbs xtlvy1s x126k92a\">\n<div dir=\"auto\"><a class=\"x1i10hfl xjbqb8w x6umtig x1b1mbwd xaqea5y xav7gou x9f619 x1ypdohk xt0psk2 xe8uvvx xdj266r x11i5rnm xat24cr x1mh8g0r xexx8yu x4uap5 x18d9i69 xkhd6sd x16tdsg8 x1hl2dhg xggy1nq x1a2a7pz xt0b8zv x1fey0fg\" tabindex=\"0\" role=\"link\" href=\"https:\/\/www.youtube.com\/watch?v=HQ2UFalurNo&amp;fbclid=IwAR1udoy9OE4qCer5hCkE19mv1QzJaAJQzaVQLlAb-f0vUdNO565tmOEkiGk\" target=\"_blank\" rel=\"nofollow noopener\">https:\/\/www.youtube.com\/watch?v=HQ2UFalurNo<\/a><\/div>\n<\/div>\n","protected":false},"excerpt":{"rendered":"<p>Lembro-me como se fosse ontem &#8211; e l\u00e1 se v\u00e3o quase seis d\u00e9cadas. Eu estava&#8230;<\/p>\n","protected":false},"author":5,"featured_media":10929,"comment_status":"open","ping_status":"closed","sticky":false,"template":"","format":"standard","meta":{"footnotes":""},"categories":[14,9,7,4],"tags":[],"class_list":["post-10928","post","type-post","status-publish","format-standard","has-post-thumbnail","hentry","category-gente","category-historia","category-musica","category-opiniao"],"yoast_head":"<!-- This site is optimized with the Yoast SEO plugin v27.5 - https:\/\/yoast.com\/product\/yoast-seo-wordpress\/ -->\n<title>ESTEJA EM PAZ, SUELI COSTA! - Lurdinha - Duque de Caxias para Est\u00f4magos Fortes<\/title>\n<meta name=\"robots\" content=\"index, follow, max-snippet:-1, max-image-preview:large, max-video-preview:-1\" \/>\n<link rel=\"canonical\" href=\"https:\/\/lurdinha.org\/site\/esteja-em-paz-sueli-costa\/\" \/>\n<meta property=\"og:locale\" content=\"pt_BR\" \/>\n<meta property=\"og:type\" content=\"article\" \/>\n<meta property=\"og:title\" content=\"ESTEJA EM PAZ, SUELI COSTA! - Lurdinha - Duque de Caxias para Est\u00f4magos Fortes\" \/>\n<meta property=\"og:description\" content=\"Lembro-me como se fosse ontem &#8211; e l\u00e1 se v\u00e3o quase seis d\u00e9cadas. Eu estava...\" \/>\n<meta property=\"og:url\" content=\"https:\/\/lurdinha.org\/site\/esteja-em-paz-sueli-costa\/\" \/>\n<meta property=\"og:site_name\" content=\"Lurdinha - Duque de Caxias para Est\u00f4magos Fortes\" \/>\n<meta property=\"article:publisher\" content=\"https:\/\/www.facebook.com\/LurdinhadeCaxias\" \/>\n<meta property=\"article:published_time\" content=\"2023-03-05T01:19:13+00:00\" \/>\n<meta property=\"article:modified_time\" content=\"2023-12-06T05:18:07+00:00\" \/>\n<meta property=\"og:image\" content=\"https:\/\/lurdinha.org\/site\/wp-content\/uploads\/sueli-costa.jpg\" \/>\n\t<meta property=\"og:image:width\" content=\"305\" \/>\n\t<meta property=\"og:image:height\" content=\"370\" \/>\n\t<meta property=\"og:image:type\" content=\"image\/jpeg\" \/>\n<meta name=\"author\" content=\"Eldemar de Souza\" \/>\n<meta name=\"twitter:card\" content=\"summary_large_image\" \/>\n<meta name=\"twitter:label1\" content=\"Escrito por\" \/>\n\t<meta name=\"twitter:data1\" content=\"Eldemar de Souza\" \/>\n\t<meta name=\"twitter:label2\" content=\"Est. tempo de leitura\" \/>\n\t<meta name=\"twitter:data2\" content=\"4 minutos\" \/>\n<script type=\"application\/ld+json\" class=\"yoast-schema-graph\">{\"@context\":\"https:\\\/\\\/schema.org\",\"@graph\":[{\"@type\":\"Article\",\"@id\":\"https:\\\/\\\/lurdinha.org\\\/site\\\/esteja-em-paz-sueli-costa\\\/#article\",\"isPartOf\":{\"@id\":\"https:\\\/\\\/lurdinha.org\\\/site\\\/esteja-em-paz-sueli-costa\\\/\"},\"author\":{\"name\":\"Eldemar de Souza\",\"@id\":\"https:\\\/\\\/lurdinha.org\\\/site\\\/#\\\/schema\\\/person\\\/ff0b97e899a87e9d648686ae9e7295d5\"},\"headline\":\"ESTEJA EM PAZ, SUELI COSTA!\",\"datePublished\":\"2023-03-05T01:19:13+00:00\",\"dateModified\":\"2023-12-06T05:18:07+00:00\",\"mainEntityOfPage\":{\"@id\":\"https:\\\/\\\/lurdinha.org\\\/site\\\/esteja-em-paz-sueli-costa\\\/\"},\"wordCount\":796,\"commentCount\":0,\"publisher\":{\"@id\":\"https:\\\/\\\/lurdinha.org\\\/site\\\/#organization\"},\"image\":{\"@id\":\"https:\\\/\\\/lurdinha.org\\\/site\\\/esteja-em-paz-sueli-costa\\\/#primaryimage\"},\"thumbnailUrl\":\"https:\\\/\\\/lurdinha.org\\\/site\\\/wp-content\\\/uploads\\\/sueli-costa.jpg\",\"articleSection\":[\"gente\",\"hist\u00f3ria\",\"m\u00fasica\",\"uma opini\u00e3o\"],\"inLanguage\":\"pt-BR\",\"potentialAction\":[{\"@type\":\"CommentAction\",\"name\":\"Comment\",\"target\":[\"https:\\\/\\\/lurdinha.org\\\/site\\\/esteja-em-paz-sueli-costa\\\/#respond\"]}]},{\"@type\":\"WebPage\",\"@id\":\"https:\\\/\\\/lurdinha.org\\\/site\\\/esteja-em-paz-sueli-costa\\\/\",\"url\":\"https:\\\/\\\/lurdinha.org\\\/site\\\/esteja-em-paz-sueli-costa\\\/\",\"name\":\"ESTEJA EM PAZ, SUELI COSTA! - Lurdinha - Duque de Caxias para Est\u00f4magos Fortes\",\"isPartOf\":{\"@id\":\"https:\\\/\\\/lurdinha.org\\\/site\\\/#website\"},\"primaryImageOfPage\":{\"@id\":\"https:\\\/\\\/lurdinha.org\\\/site\\\/esteja-em-paz-sueli-costa\\\/#primaryimage\"},\"image\":{\"@id\":\"https:\\\/\\\/lurdinha.org\\\/site\\\/esteja-em-paz-sueli-costa\\\/#primaryimage\"},\"thumbnailUrl\":\"https:\\\/\\\/lurdinha.org\\\/site\\\/wp-content\\\/uploads\\\/sueli-costa.jpg\",\"datePublished\":\"2023-03-05T01:19:13+00:00\",\"dateModified\":\"2023-12-06T05:18:07+00:00\",\"breadcrumb\":{\"@id\":\"https:\\\/\\\/lurdinha.org\\\/site\\\/esteja-em-paz-sueli-costa\\\/#breadcrumb\"},\"inLanguage\":\"pt-BR\",\"potentialAction\":[{\"@type\":\"ReadAction\",\"target\":[\"https:\\\/\\\/lurdinha.org\\\/site\\\/esteja-em-paz-sueli-costa\\\/\"]}]},{\"@type\":\"ImageObject\",\"inLanguage\":\"pt-BR\",\"@id\":\"https:\\\/\\\/lurdinha.org\\\/site\\\/esteja-em-paz-sueli-costa\\\/#primaryimage\",\"url\":\"https:\\\/\\\/lurdinha.org\\\/site\\\/wp-content\\\/uploads\\\/sueli-costa.jpg\",\"contentUrl\":\"https:\\\/\\\/lurdinha.org\\\/site\\\/wp-content\\\/uploads\\\/sueli-costa.jpg\",\"width\":305,\"height\":370,\"caption\":\"Sueli Costa - Eldemar de Souza\"},{\"@type\":\"BreadcrumbList\",\"@id\":\"https:\\\/\\\/lurdinha.org\\\/site\\\/esteja-em-paz-sueli-costa\\\/#breadcrumb\",\"itemListElement\":[{\"@type\":\"ListItem\",\"position\":1,\"name\":\"In\u00edcio\",\"item\":\"https:\\\/\\\/lurdinha.org\\\/site\\\/\"},{\"@type\":\"ListItem\",\"position\":2,\"name\":\"ESTEJA EM PAZ, SUELI COSTA!\"}]},{\"@type\":\"WebSite\",\"@id\":\"https:\\\/\\\/lurdinha.org\\\/site\\\/#website\",\"url\":\"https:\\\/\\\/lurdinha.org\\\/site\\\/\",\"name\":\"Lurdinha - Duque de Caxias para Est\u00f4magos Fortes\",\"description\":\"Site sobre Arte, Cultura, Pol\u00edtica, Sociedade e curiosidades da cidade de Duque de Caxias, RJ\",\"publisher\":{\"@id\":\"https:\\\/\\\/lurdinha.org\\\/site\\\/#organization\"},\"alternateName\":\"Lurdinha\",\"potentialAction\":[{\"@type\":\"SearchAction\",\"target\":{\"@type\":\"EntryPoint\",\"urlTemplate\":\"https:\\\/\\\/lurdinha.org\\\/site\\\/?s={search_term_string}\"},\"query-input\":{\"@type\":\"PropertyValueSpecification\",\"valueRequired\":true,\"valueName\":\"search_term_string\"}}],\"inLanguage\":\"pt-BR\"},{\"@type\":\"Organization\",\"@id\":\"https:\\\/\\\/lurdinha.org\\\/site\\\/#organization\",\"name\":\"Lurdinha de Caxias\",\"url\":\"https:\\\/\\\/lurdinha.org\\\/site\\\/\",\"logo\":{\"@type\":\"ImageObject\",\"inLanguage\":\"pt-BR\",\"@id\":\"https:\\\/\\\/lurdinha.org\\\/site\\\/#\\\/schema\\\/logo\\\/image\\\/\",\"url\":\"https:\\\/\\\/lurdinha.org\\\/site\\\/wp-content\\\/uploads\\\/logo-lurdinha.jpg\",\"contentUrl\":\"https:\\\/\\\/lurdinha.org\\\/site\\\/wp-content\\\/uploads\\\/logo-lurdinha.jpg\",\"width\":640,\"height\":60,\"caption\":\"Lurdinha de Caxias\"},\"image\":{\"@id\":\"https:\\\/\\\/lurdinha.org\\\/site\\\/#\\\/schema\\\/logo\\\/image\\\/\"},\"sameAs\":[\"https:\\\/\\\/www.facebook.com\\\/LurdinhadeCaxias\",\"https:\\\/\\\/www.instagram.com\\\/lurdinhadecaxias\"]},{\"@type\":\"Person\",\"@id\":\"https:\\\/\\\/lurdinha.org\\\/site\\\/#\\\/schema\\\/person\\\/ff0b97e899a87e9d648686ae9e7295d5\",\"name\":\"Eldemar de Souza\",\"image\":{\"@type\":\"ImageObject\",\"inLanguage\":\"pt-BR\",\"@id\":\"https:\\\/\\\/secure.gravatar.com\\\/avatar\\\/0a4332f26817387b10dbfea1e861c6ba350da6fd3c58c7c68da09390e621c2dd?s=96&d=mm&r=g\",\"url\":\"https:\\\/\\\/secure.gravatar.com\\\/avatar\\\/0a4332f26817387b10dbfea1e861c6ba350da6fd3c58c7c68da09390e621c2dd?s=96&d=mm&r=g\",\"contentUrl\":\"https:\\\/\\\/secure.gravatar.com\\\/avatar\\\/0a4332f26817387b10dbfea1e861c6ba350da6fd3c58c7c68da09390e621c2dd?s=96&d=mm&r=g\",\"caption\":\"Eldemar de Souza\"},\"url\":\"https:\\\/\\\/lurdinha.org\\\/site\\\/author\\\/eldemarsouza\\\/\"}]}<\/script>\n<!-- \/ Yoast SEO plugin. -->","yoast_head_json":{"title":"ESTEJA EM PAZ, SUELI COSTA! - Lurdinha - Duque de Caxias para Est\u00f4magos Fortes","robots":{"index":"index","follow":"follow","max-snippet":"max-snippet:-1","max-image-preview":"max-image-preview:large","max-video-preview":"max-video-preview:-1"},"canonical":"https:\/\/lurdinha.org\/site\/esteja-em-paz-sueli-costa\/","og_locale":"pt_BR","og_type":"article","og_title":"ESTEJA EM PAZ, SUELI COSTA! - Lurdinha - Duque de Caxias para Est\u00f4magos Fortes","og_description":"Lembro-me como se fosse ontem &#8211; e l\u00e1 se v\u00e3o quase seis d\u00e9cadas. Eu estava...","og_url":"https:\/\/lurdinha.org\/site\/esteja-em-paz-sueli-costa\/","og_site_name":"Lurdinha - Duque de Caxias para Est\u00f4magos Fortes","article_publisher":"https:\/\/www.facebook.com\/LurdinhadeCaxias","article_published_time":"2023-03-05T01:19:13+00:00","article_modified_time":"2023-12-06T05:18:07+00:00","og_image":[{"width":305,"height":370,"url":"https:\/\/lurdinha.org\/site\/wp-content\/uploads\/sueli-costa.jpg","type":"image\/jpeg"}],"author":"Eldemar de Souza","twitter_card":"summary_large_image","twitter_misc":{"Escrito por":"Eldemar de Souza","Est. tempo de leitura":"4 minutos"},"schema":{"@context":"https:\/\/schema.org","@graph":[{"@type":"Article","@id":"https:\/\/lurdinha.org\/site\/esteja-em-paz-sueli-costa\/#article","isPartOf":{"@id":"https:\/\/lurdinha.org\/site\/esteja-em-paz-sueli-costa\/"},"author":{"name":"Eldemar de Souza","@id":"https:\/\/lurdinha.org\/site\/#\/schema\/person\/ff0b97e899a87e9d648686ae9e7295d5"},"headline":"ESTEJA EM PAZ, SUELI COSTA!","datePublished":"2023-03-05T01:19:13+00:00","dateModified":"2023-12-06T05:18:07+00:00","mainEntityOfPage":{"@id":"https:\/\/lurdinha.org\/site\/esteja-em-paz-sueli-costa\/"},"wordCount":796,"commentCount":0,"publisher":{"@id":"https:\/\/lurdinha.org\/site\/#organization"},"image":{"@id":"https:\/\/lurdinha.org\/site\/esteja-em-paz-sueli-costa\/#primaryimage"},"thumbnailUrl":"https:\/\/lurdinha.org\/site\/wp-content\/uploads\/sueli-costa.jpg","articleSection":["gente","hist\u00f3ria","m\u00fasica","uma opini\u00e3o"],"inLanguage":"pt-BR","potentialAction":[{"@type":"CommentAction","name":"Comment","target":["https:\/\/lurdinha.org\/site\/esteja-em-paz-sueli-costa\/#respond"]}]},{"@type":"WebPage","@id":"https:\/\/lurdinha.org\/site\/esteja-em-paz-sueli-costa\/","url":"https:\/\/lurdinha.org\/site\/esteja-em-paz-sueli-costa\/","name":"ESTEJA EM PAZ, SUELI COSTA! - Lurdinha - Duque de Caxias para Est\u00f4magos Fortes","isPartOf":{"@id":"https:\/\/lurdinha.org\/site\/#website"},"primaryImageOfPage":{"@id":"https:\/\/lurdinha.org\/site\/esteja-em-paz-sueli-costa\/#primaryimage"},"image":{"@id":"https:\/\/lurdinha.org\/site\/esteja-em-paz-sueli-costa\/#primaryimage"},"thumbnailUrl":"https:\/\/lurdinha.org\/site\/wp-content\/uploads\/sueli-costa.jpg","datePublished":"2023-03-05T01:19:13+00:00","dateModified":"2023-12-06T05:18:07+00:00","breadcrumb":{"@id":"https:\/\/lurdinha.org\/site\/esteja-em-paz-sueli-costa\/#breadcrumb"},"inLanguage":"pt-BR","potentialAction":[{"@type":"ReadAction","target":["https:\/\/lurdinha.org\/site\/esteja-em-paz-sueli-costa\/"]}]},{"@type":"ImageObject","inLanguage":"pt-BR","@id":"https:\/\/lurdinha.org\/site\/esteja-em-paz-sueli-costa\/#primaryimage","url":"https:\/\/lurdinha.org\/site\/wp-content\/uploads\/sueli-costa.jpg","contentUrl":"https:\/\/lurdinha.org\/site\/wp-content\/uploads\/sueli-costa.jpg","width":305,"height":370,"caption":"Sueli Costa - Eldemar de Souza"},{"@type":"BreadcrumbList","@id":"https:\/\/lurdinha.org\/site\/esteja-em-paz-sueli-costa\/#breadcrumb","itemListElement":[{"@type":"ListItem","position":1,"name":"In\u00edcio","item":"https:\/\/lurdinha.org\/site\/"},{"@type":"ListItem","position":2,"name":"ESTEJA EM PAZ, SUELI COSTA!"}]},{"@type":"WebSite","@id":"https:\/\/lurdinha.org\/site\/#website","url":"https:\/\/lurdinha.org\/site\/","name":"Lurdinha - Duque de Caxias para Est\u00f4magos Fortes","description":"Site sobre Arte, Cultura, Pol\u00edtica, Sociedade e curiosidades da cidade de Duque de Caxias, RJ","publisher":{"@id":"https:\/\/lurdinha.org\/site\/#organization"},"alternateName":"Lurdinha","potentialAction":[{"@type":"SearchAction","target":{"@type":"EntryPoint","urlTemplate":"https:\/\/lurdinha.org\/site\/?s={search_term_string}"},"query-input":{"@type":"PropertyValueSpecification","valueRequired":true,"valueName":"search_term_string"}}],"inLanguage":"pt-BR"},{"@type":"Organization","@id":"https:\/\/lurdinha.org\/site\/#organization","name":"Lurdinha de Caxias","url":"https:\/\/lurdinha.org\/site\/","logo":{"@type":"ImageObject","inLanguage":"pt-BR","@id":"https:\/\/lurdinha.org\/site\/#\/schema\/logo\/image\/","url":"https:\/\/lurdinha.org\/site\/wp-content\/uploads\/logo-lurdinha.jpg","contentUrl":"https:\/\/lurdinha.org\/site\/wp-content\/uploads\/logo-lurdinha.jpg","width":640,"height":60,"caption":"Lurdinha de Caxias"},"image":{"@id":"https:\/\/lurdinha.org\/site\/#\/schema\/logo\/image\/"},"sameAs":["https:\/\/www.facebook.com\/LurdinhadeCaxias","https:\/\/www.instagram.com\/lurdinhadecaxias"]},{"@type":"Person","@id":"https:\/\/lurdinha.org\/site\/#\/schema\/person\/ff0b97e899a87e9d648686ae9e7295d5","name":"Eldemar de Souza","image":{"@type":"ImageObject","inLanguage":"pt-BR","@id":"https:\/\/secure.gravatar.com\/avatar\/0a4332f26817387b10dbfea1e861c6ba350da6fd3c58c7c68da09390e621c2dd?s=96&d=mm&r=g","url":"https:\/\/secure.gravatar.com\/avatar\/0a4332f26817387b10dbfea1e861c6ba350da6fd3c58c7c68da09390e621c2dd?s=96&d=mm&r=g","contentUrl":"https:\/\/secure.gravatar.com\/avatar\/0a4332f26817387b10dbfea1e861c6ba350da6fd3c58c7c68da09390e621c2dd?s=96&d=mm&r=g","caption":"Eldemar de Souza"},"url":"https:\/\/lurdinha.org\/site\/author\/eldemarsouza\/"}]}},"views":913,"_links":{"self":[{"href":"https:\/\/lurdinha.org\/site\/wp-json\/wp\/v2\/posts\/10928","targetHints":{"allow":["GET"]}}],"collection":[{"href":"https:\/\/lurdinha.org\/site\/wp-json\/wp\/v2\/posts"}],"about":[{"href":"https:\/\/lurdinha.org\/site\/wp-json\/wp\/v2\/types\/post"}],"author":[{"embeddable":true,"href":"https:\/\/lurdinha.org\/site\/wp-json\/wp\/v2\/users\/5"}],"replies":[{"embeddable":true,"href":"https:\/\/lurdinha.org\/site\/wp-json\/wp\/v2\/comments?post=10928"}],"version-history":[{"count":1,"href":"https:\/\/lurdinha.org\/site\/wp-json\/wp\/v2\/posts\/10928\/revisions"}],"predecessor-version":[{"id":10930,"href":"https:\/\/lurdinha.org\/site\/wp-json\/wp\/v2\/posts\/10928\/revisions\/10930"}],"wp:featuredmedia":[{"embeddable":true,"href":"https:\/\/lurdinha.org\/site\/wp-json\/wp\/v2\/media\/10929"}],"wp:attachment":[{"href":"https:\/\/lurdinha.org\/site\/wp-json\/wp\/v2\/media?parent=10928"}],"wp:term":[{"taxonomy":"category","embeddable":true,"href":"https:\/\/lurdinha.org\/site\/wp-json\/wp\/v2\/categories?post=10928"},{"taxonomy":"post_tag","embeddable":true,"href":"https:\/\/lurdinha.org\/site\/wp-json\/wp\/v2\/tags?post=10928"}],"curies":[{"name":"wp","href":"https:\/\/api.w.org\/{rel}","templated":true}]}}