{"id":10843,"date":"2022-11-29T20:59:33","date_gmt":"2022-11-29T20:59:33","guid":{"rendered":"https:\/\/lurdinha.org\/site\/?p=10843"},"modified":"2023-03-26T21:52:03","modified_gmt":"2023-03-26T21:52:03","slug":"samba-caxiense-se-despede-de-walter-zacarias","status":"publish","type":"post","link":"https:\/\/lurdinha.org\/site\/samba-caxiense-se-despede-de-walter-zacarias\/","title":{"rendered":"Samba caxiense se despede de Walter Zacarias"},"content":{"rendered":"<p><img loading=\"lazy\" decoding=\"async\" class=\"alignnone size-full wp-image-10845\" src=\"https:\/\/lurdinha.org\/site\/wp-content\/uploads\/walter-zacarias.jpg\" alt=\"Walter Zacarias\" width=\"1280\" height=\"720\" srcset=\"https:\/\/lurdinha.org\/site\/wp-content\/uploads\/walter-zacarias.jpg 1280w, https:\/\/lurdinha.org\/site\/wp-content\/uploads\/walter-zacarias-300x169.jpg 300w, https:\/\/lurdinha.org\/site\/wp-content\/uploads\/walter-zacarias-610x343.jpg 610w, https:\/\/lurdinha.org\/site\/wp-content\/uploads\/walter-zacarias-768x432.jpg 768w, https:\/\/lurdinha.org\/site\/wp-content\/uploads\/walter-zacarias-1024x576.jpg 1024w\" sizes=\"auto, (max-width: 1280px) 100vw, 1280px\" \/><\/p>\n<p>Comunidade do samba na cidade recebeu com pesar a not\u00edcia do falecimento de <strong>Walter Zacarias<\/strong>, grande baluarte, uma vida dedicada ao samba e ao amor ao Bloco Imp\u00e9rio do Gramacho.<\/p>\n<p>Seu Walter era profundo conhecedor da Arte do Carnaval, tendo exercido v\u00e1rias fun\u00e7\u00f5es, incluindo a de dirigente. Cantor com voz de timbre raro e potente, foi o principal int\u00e9rprete do Bloco.<\/p>\n<p>Por sua liga\u00e7\u00e3o com o universo da m\u00fasica era tamb\u00e9m uma mem\u00f3ria viva dos sambas antol\u00f3gicos das escolas de samba do Rio e dos memor\u00e1veis sambas da hist\u00f3ria do Imp\u00e9rio.<\/p>\n<p>Recentemente foi homenageado pelo Cineclube Mate Com Angu em seu Festival.<\/p>\n<p>\u201cSimboooora, Imp\u00e9rio do Gramacho!!!!!\u201d, grito de guerra em sua voz marcante que ficar\u00e1 para sempre mas mentes e cora\u00e7\u00f5es de quem pode conhec\u00ea-lo.<\/p>\n<p><span class=\"x193iq5w xeuugli x13faqbe x1vvkbs x10flsy6 x1lliihq x1s928wv xhkezso x1gmr53x x1cpjm7i x1fgarty x1943h6x x4zkp8e x41vudc x6prxxf xvq8zen xo1l8bm xzsf02u x1yc453h\" dir=\"auto\">O sepultamento ser\u00e1 nesta quarta-feira, 30\/11, \u00e0s quinze horas no Memorial do Carmo. Sair\u00e1 um \u00f4nibus da quadra \u00e0s treze horas em dire\u00e7\u00e3o ao enterro.<\/span><\/p>\n<p>.<\/p>\n<p><iframe loading=\"lazy\" title=\"Walter Zacarias, a voz marcante do Imp\u00e9rio do Gramacho\" width=\"640\" height=\"360\" src=\"https:\/\/www.youtube.com\/embed\/asDfd_lLrsI?feature=oembed\" frameborder=\"0\" allow=\"accelerometer; autoplay; clipboard-write; encrypted-media; gyroscope; picture-in-picture; web-share\" referrerpolicy=\"strict-origin-when-cross-origin\" allowfullscreen><\/iframe><\/p>\n","protected":false},"excerpt":{"rendered":"<p>Comunidade do samba na cidade recebeu com pesar a not\u00edcia do falecimento de Walter Zacarias,&#8230;<\/p>\n","protected":false},"author":2,"featured_media":10845,"comment_status":"open","ping_status":"closed","sticky":false,"template":"","format":"standard","meta":{"footnotes":""},"categories":[14,9,7],"tags":[12,1333,17,11,465,198,1332],"class_list":["post-10843","post","type-post","status-publish","format-standard","has-post-thumbnail","hentry","category-gente","category-historia","category-musica","tag-baixada-fluminense","tag-blocos-de-enredo","tag-carnaval","tag-duque-de-caxias","tag-imperio-do-gramacho","tag-samba-caxiense","tag-walter-zacarias"],"yoast_head":"<!-- This site is optimized with the Yoast SEO plugin v27.5 - https:\/\/yoast.com\/product\/yoast-seo-wordpress\/ -->\n<title>Samba caxiense se despede de Walter Zacarias - Lurdinha - Duque de Caxias para Est\u00f4magos Fortes<\/title>\n<meta name=\"robots\" content=\"index, follow, max-snippet:-1, max-image-preview:large, max-video-preview:-1\" \/>\n<link rel=\"canonical\" href=\"https:\/\/lurdinha.org\/site\/samba-caxiense-se-despede-de-walter-zacarias\/\" \/>\n<meta property=\"og:locale\" content=\"pt_BR\" \/>\n<meta property=\"og:type\" content=\"article\" \/>\n<meta property=\"og:title\" content=\"Samba caxiense se despede de Walter Zacarias - Lurdinha - Duque de Caxias para Est\u00f4magos Fortes\" \/>\n<meta property=\"og:description\" content=\"Comunidade do samba na cidade recebeu com pesar a not\u00edcia do falecimento de Walter Zacarias,...\" \/>\n<meta property=\"og:url\" content=\"https:\/\/lurdinha.org\/site\/samba-caxiense-se-despede-de-walter-zacarias\/\" \/>\n<meta property=\"og:site_name\" content=\"Lurdinha - Duque de Caxias para Est\u00f4magos Fortes\" \/>\n<meta property=\"article:publisher\" content=\"https:\/\/www.facebook.com\/LurdinhadeCaxias\" \/>\n<meta property=\"article:author\" content=\"botocudo\" \/>\n<meta property=\"article:published_time\" content=\"2022-11-29T20:59:33+00:00\" \/>\n<meta property=\"article:modified_time\" content=\"2023-03-26T21:52:03+00:00\" \/>\n<meta property=\"og:image\" content=\"https:\/\/lurdinha.org\/site\/wp-content\/uploads\/walter-zacarias.jpg\" \/>\n\t<meta property=\"og:image:width\" content=\"1280\" \/>\n\t<meta property=\"og:image:height\" content=\"720\" \/>\n\t<meta property=\"og:image:type\" content=\"image\/jpeg\" \/>\n<meta name=\"author\" content=\"heraldo hb\" \/>\n<meta name=\"twitter:card\" content=\"summary_large_image\" \/>\n<meta name=\"twitter:label1\" content=\"Escrito por\" \/>\n\t<meta name=\"twitter:data1\" content=\"heraldo hb\" \/>\n\t<meta name=\"twitter:label2\" content=\"Est. tempo de leitura\" \/>\n\t<meta name=\"twitter:data2\" content=\"1 minuto\" \/>\n<script type=\"application\/ld+json\" class=\"yoast-schema-graph\">{\"@context\":\"https:\\\/\\\/schema.org\",\"@graph\":[{\"@type\":\"Article\",\"@id\":\"https:\\\/\\\/lurdinha.org\\\/site\\\/samba-caxiense-se-despede-de-walter-zacarias\\\/#article\",\"isPartOf\":{\"@id\":\"https:\\\/\\\/lurdinha.org\\\/site\\\/samba-caxiense-se-despede-de-walter-zacarias\\\/\"},\"author\":{\"name\":\"heraldo hb\",\"@id\":\"https:\\\/\\\/lurdinha.org\\\/site\\\/#\\\/schema\\\/person\\\/b833bb6a7f82598bf0e95e4c30874251\"},\"headline\":\"Samba caxiense se despede de Walter Zacarias\",\"datePublished\":\"2022-11-29T20:59:33+00:00\",\"dateModified\":\"2023-03-26T21:52:03+00:00\",\"mainEntityOfPage\":{\"@id\":\"https:\\\/\\\/lurdinha.org\\\/site\\\/samba-caxiense-se-despede-de-walter-zacarias\\\/\"},\"wordCount\":181,\"commentCount\":0,\"publisher\":{\"@id\":\"https:\\\/\\\/lurdinha.org\\\/site\\\/#organization\"},\"image\":{\"@id\":\"https:\\\/\\\/lurdinha.org\\\/site\\\/samba-caxiense-se-despede-de-walter-zacarias\\\/#primaryimage\"},\"thumbnailUrl\":\"https:\\\/\\\/lurdinha.org\\\/site\\\/wp-content\\\/uploads\\\/walter-zacarias.jpg\",\"keywords\":[\"baixada-fluminense\",\"blocos de enredo\",\"carnaval\",\"duque-de-caxias\",\"Imp\u00e9rio do Gramacho\",\"samba caxiense\",\"walter zacarias\"],\"articleSection\":[\"gente\",\"hist\u00f3ria\",\"m\u00fasica\"],\"inLanguage\":\"pt-BR\",\"potentialAction\":[{\"@type\":\"CommentAction\",\"name\":\"Comment\",\"target\":[\"https:\\\/\\\/lurdinha.org\\\/site\\\/samba-caxiense-se-despede-de-walter-zacarias\\\/#respond\"]}]},{\"@type\":\"WebPage\",\"@id\":\"https:\\\/\\\/lurdinha.org\\\/site\\\/samba-caxiense-se-despede-de-walter-zacarias\\\/\",\"url\":\"https:\\\/\\\/lurdinha.org\\\/site\\\/samba-caxiense-se-despede-de-walter-zacarias\\\/\",\"name\":\"Samba caxiense se despede de Walter Zacarias - Lurdinha - Duque de Caxias para Est\u00f4magos Fortes\",\"isPartOf\":{\"@id\":\"https:\\\/\\\/lurdinha.org\\\/site\\\/#website\"},\"primaryImageOfPage\":{\"@id\":\"https:\\\/\\\/lurdinha.org\\\/site\\\/samba-caxiense-se-despede-de-walter-zacarias\\\/#primaryimage\"},\"image\":{\"@id\":\"https:\\\/\\\/lurdinha.org\\\/site\\\/samba-caxiense-se-despede-de-walter-zacarias\\\/#primaryimage\"},\"thumbnailUrl\":\"https:\\\/\\\/lurdinha.org\\\/site\\\/wp-content\\\/uploads\\\/walter-zacarias.jpg\",\"datePublished\":\"2022-11-29T20:59:33+00:00\",\"dateModified\":\"2023-03-26T21:52:03+00:00\",\"breadcrumb\":{\"@id\":\"https:\\\/\\\/lurdinha.org\\\/site\\\/samba-caxiense-se-despede-de-walter-zacarias\\\/#breadcrumb\"},\"inLanguage\":\"pt-BR\",\"potentialAction\":[{\"@type\":\"ReadAction\",\"target\":[\"https:\\\/\\\/lurdinha.org\\\/site\\\/samba-caxiense-se-despede-de-walter-zacarias\\\/\"]}]},{\"@type\":\"ImageObject\",\"inLanguage\":\"pt-BR\",\"@id\":\"https:\\\/\\\/lurdinha.org\\\/site\\\/samba-caxiense-se-despede-de-walter-zacarias\\\/#primaryimage\",\"url\":\"https:\\\/\\\/lurdinha.org\\\/site\\\/wp-content\\\/uploads\\\/walter-zacarias.jpg\",\"contentUrl\":\"https:\\\/\\\/lurdinha.org\\\/site\\\/wp-content\\\/uploads\\\/walter-zacarias.jpg\",\"width\":1280,\"height\":720,\"caption\":\"Walter Zacarias\"},{\"@type\":\"BreadcrumbList\",\"@id\":\"https:\\\/\\\/lurdinha.org\\\/site\\\/samba-caxiense-se-despede-de-walter-zacarias\\\/#breadcrumb\",\"itemListElement\":[{\"@type\":\"ListItem\",\"position\":1,\"name\":\"In\u00edcio\",\"item\":\"https:\\\/\\\/lurdinha.org\\\/site\\\/\"},{\"@type\":\"ListItem\",\"position\":2,\"name\":\"Samba caxiense se despede de Walter Zacarias\"}]},{\"@type\":\"WebSite\",\"@id\":\"https:\\\/\\\/lurdinha.org\\\/site\\\/#website\",\"url\":\"https:\\\/\\\/lurdinha.org\\\/site\\\/\",\"name\":\"Lurdinha - Duque de Caxias para Est\u00f4magos Fortes\",\"description\":\"Site sobre Arte, Cultura, Pol\u00edtica, Sociedade e curiosidades da cidade de Duque de Caxias, RJ\",\"publisher\":{\"@id\":\"https:\\\/\\\/lurdinha.org\\\/site\\\/#organization\"},\"alternateName\":\"Lurdinha\",\"potentialAction\":[{\"@type\":\"SearchAction\",\"target\":{\"@type\":\"EntryPoint\",\"urlTemplate\":\"https:\\\/\\\/lurdinha.org\\\/site\\\/?s={search_term_string}\"},\"query-input\":{\"@type\":\"PropertyValueSpecification\",\"valueRequired\":true,\"valueName\":\"search_term_string\"}}],\"inLanguage\":\"pt-BR\"},{\"@type\":\"Organization\",\"@id\":\"https:\\\/\\\/lurdinha.org\\\/site\\\/#organization\",\"name\":\"Lurdinha de Caxias\",\"url\":\"https:\\\/\\\/lurdinha.org\\\/site\\\/\",\"logo\":{\"@type\":\"ImageObject\",\"inLanguage\":\"pt-BR\",\"@id\":\"https:\\\/\\\/lurdinha.org\\\/site\\\/#\\\/schema\\\/logo\\\/image\\\/\",\"url\":\"https:\\\/\\\/lurdinha.org\\\/site\\\/wp-content\\\/uploads\\\/logo-lurdinha.jpg\",\"contentUrl\":\"https:\\\/\\\/lurdinha.org\\\/site\\\/wp-content\\\/uploads\\\/logo-lurdinha.jpg\",\"width\":640,\"height\":60,\"caption\":\"Lurdinha de Caxias\"},\"image\":{\"@id\":\"https:\\\/\\\/lurdinha.org\\\/site\\\/#\\\/schema\\\/logo\\\/image\\\/\"},\"sameAs\":[\"https:\\\/\\\/www.facebook.com\\\/LurdinhadeCaxias\",\"https:\\\/\\\/www.instagram.com\\\/lurdinhadecaxias\"]},{\"@type\":\"Person\",\"@id\":\"https:\\\/\\\/lurdinha.org\\\/site\\\/#\\\/schema\\\/person\\\/b833bb6a7f82598bf0e95e4c30874251\",\"name\":\"heraldo hb\",\"image\":{\"@type\":\"ImageObject\",\"inLanguage\":\"pt-BR\",\"@id\":\"https:\\\/\\\/secure.gravatar.com\\\/avatar\\\/5de9fe99c72cb6885bbdaa24b1c5738b0f673d265de18720fae7463d5f47b48d?s=96&d=mm&r=g\",\"url\":\"https:\\\/\\\/secure.gravatar.com\\\/avatar\\\/5de9fe99c72cb6885bbdaa24b1c5738b0f673d265de18720fae7463d5f47b48d?s=96&d=mm&r=g\",\"contentUrl\":\"https:\\\/\\\/secure.gravatar.com\\\/avatar\\\/5de9fe99c72cb6885bbdaa24b1c5738b0f673d265de18720fae7463d5f47b48d?s=96&d=mm&r=g\",\"caption\":\"heraldo hb\"},\"description\":\"Cineasta, animador cultural, escritor e educador nascido no s\u00e9culo XX\",\"sameAs\":[\"http:\\\/\\\/wwww.relinkare.org\",\"botocudo\",\"heraldohb\",\"relinkare\"],\"url\":\"https:\\\/\\\/lurdinha.org\\\/site\\\/author\\\/heraldohb\\\/\"}]}<\/script>\n<!-- \/ Yoast SEO plugin. -->","yoast_head_json":{"title":"Samba caxiense se despede de Walter Zacarias - Lurdinha - Duque de Caxias para Est\u00f4magos Fortes","robots":{"index":"index","follow":"follow","max-snippet":"max-snippet:-1","max-image-preview":"max-image-preview:large","max-video-preview":"max-video-preview:-1"},"canonical":"https:\/\/lurdinha.org\/site\/samba-caxiense-se-despede-de-walter-zacarias\/","og_locale":"pt_BR","og_type":"article","og_title":"Samba caxiense se despede de Walter Zacarias - Lurdinha - Duque de Caxias para Est\u00f4magos Fortes","og_description":"Comunidade do samba na cidade recebeu com pesar a not\u00edcia do falecimento de Walter Zacarias,...","og_url":"https:\/\/lurdinha.org\/site\/samba-caxiense-se-despede-de-walter-zacarias\/","og_site_name":"Lurdinha - Duque de Caxias para Est\u00f4magos Fortes","article_publisher":"https:\/\/www.facebook.com\/LurdinhadeCaxias","article_author":"botocudo","article_published_time":"2022-11-29T20:59:33+00:00","article_modified_time":"2023-03-26T21:52:03+00:00","og_image":[{"width":1280,"height":720,"url":"https:\/\/lurdinha.org\/site\/wp-content\/uploads\/walter-zacarias.jpg","type":"image\/jpeg"}],"author":"heraldo hb","twitter_card":"summary_large_image","twitter_misc":{"Escrito por":"heraldo hb","Est. tempo de leitura":"1 minuto"},"schema":{"@context":"https:\/\/schema.org","@graph":[{"@type":"Article","@id":"https:\/\/lurdinha.org\/site\/samba-caxiense-se-despede-de-walter-zacarias\/#article","isPartOf":{"@id":"https:\/\/lurdinha.org\/site\/samba-caxiense-se-despede-de-walter-zacarias\/"},"author":{"name":"heraldo hb","@id":"https:\/\/lurdinha.org\/site\/#\/schema\/person\/b833bb6a7f82598bf0e95e4c30874251"},"headline":"Samba caxiense se despede de Walter Zacarias","datePublished":"2022-11-29T20:59:33+00:00","dateModified":"2023-03-26T21:52:03+00:00","mainEntityOfPage":{"@id":"https:\/\/lurdinha.org\/site\/samba-caxiense-se-despede-de-walter-zacarias\/"},"wordCount":181,"commentCount":0,"publisher":{"@id":"https:\/\/lurdinha.org\/site\/#organization"},"image":{"@id":"https:\/\/lurdinha.org\/site\/samba-caxiense-se-despede-de-walter-zacarias\/#primaryimage"},"thumbnailUrl":"https:\/\/lurdinha.org\/site\/wp-content\/uploads\/walter-zacarias.jpg","keywords":["baixada-fluminense","blocos de enredo","carnaval","duque-de-caxias","Imp\u00e9rio do Gramacho","samba caxiense","walter zacarias"],"articleSection":["gente","hist\u00f3ria","m\u00fasica"],"inLanguage":"pt-BR","potentialAction":[{"@type":"CommentAction","name":"Comment","target":["https:\/\/lurdinha.org\/site\/samba-caxiense-se-despede-de-walter-zacarias\/#respond"]}]},{"@type":"WebPage","@id":"https:\/\/lurdinha.org\/site\/samba-caxiense-se-despede-de-walter-zacarias\/","url":"https:\/\/lurdinha.org\/site\/samba-caxiense-se-despede-de-walter-zacarias\/","name":"Samba caxiense se despede de Walter Zacarias - Lurdinha - Duque de Caxias para Est\u00f4magos Fortes","isPartOf":{"@id":"https:\/\/lurdinha.org\/site\/#website"},"primaryImageOfPage":{"@id":"https:\/\/lurdinha.org\/site\/samba-caxiense-se-despede-de-walter-zacarias\/#primaryimage"},"image":{"@id":"https:\/\/lurdinha.org\/site\/samba-caxiense-se-despede-de-walter-zacarias\/#primaryimage"},"thumbnailUrl":"https:\/\/lurdinha.org\/site\/wp-content\/uploads\/walter-zacarias.jpg","datePublished":"2022-11-29T20:59:33+00:00","dateModified":"2023-03-26T21:52:03+00:00","breadcrumb":{"@id":"https:\/\/lurdinha.org\/site\/samba-caxiense-se-despede-de-walter-zacarias\/#breadcrumb"},"inLanguage":"pt-BR","potentialAction":[{"@type":"ReadAction","target":["https:\/\/lurdinha.org\/site\/samba-caxiense-se-despede-de-walter-zacarias\/"]}]},{"@type":"ImageObject","inLanguage":"pt-BR","@id":"https:\/\/lurdinha.org\/site\/samba-caxiense-se-despede-de-walter-zacarias\/#primaryimage","url":"https:\/\/lurdinha.org\/site\/wp-content\/uploads\/walter-zacarias.jpg","contentUrl":"https:\/\/lurdinha.org\/site\/wp-content\/uploads\/walter-zacarias.jpg","width":1280,"height":720,"caption":"Walter Zacarias"},{"@type":"BreadcrumbList","@id":"https:\/\/lurdinha.org\/site\/samba-caxiense-se-despede-de-walter-zacarias\/#breadcrumb","itemListElement":[{"@type":"ListItem","position":1,"name":"In\u00edcio","item":"https:\/\/lurdinha.org\/site\/"},{"@type":"ListItem","position":2,"name":"Samba caxiense se despede de Walter Zacarias"}]},{"@type":"WebSite","@id":"https:\/\/lurdinha.org\/site\/#website","url":"https:\/\/lurdinha.org\/site\/","name":"Lurdinha - Duque de Caxias para Est\u00f4magos Fortes","description":"Site sobre Arte, Cultura, Pol\u00edtica, Sociedade e curiosidades da cidade de Duque de Caxias, RJ","publisher":{"@id":"https:\/\/lurdinha.org\/site\/#organization"},"alternateName":"Lurdinha","potentialAction":[{"@type":"SearchAction","target":{"@type":"EntryPoint","urlTemplate":"https:\/\/lurdinha.org\/site\/?s={search_term_string}"},"query-input":{"@type":"PropertyValueSpecification","valueRequired":true,"valueName":"search_term_string"}}],"inLanguage":"pt-BR"},{"@type":"Organization","@id":"https:\/\/lurdinha.org\/site\/#organization","name":"Lurdinha de Caxias","url":"https:\/\/lurdinha.org\/site\/","logo":{"@type":"ImageObject","inLanguage":"pt-BR","@id":"https:\/\/lurdinha.org\/site\/#\/schema\/logo\/image\/","url":"https:\/\/lurdinha.org\/site\/wp-content\/uploads\/logo-lurdinha.jpg","contentUrl":"https:\/\/lurdinha.org\/site\/wp-content\/uploads\/logo-lurdinha.jpg","width":640,"height":60,"caption":"Lurdinha de Caxias"},"image":{"@id":"https:\/\/lurdinha.org\/site\/#\/schema\/logo\/image\/"},"sameAs":["https:\/\/www.facebook.com\/LurdinhadeCaxias","https:\/\/www.instagram.com\/lurdinhadecaxias"]},{"@type":"Person","@id":"https:\/\/lurdinha.org\/site\/#\/schema\/person\/b833bb6a7f82598bf0e95e4c30874251","name":"heraldo hb","image":{"@type":"ImageObject","inLanguage":"pt-BR","@id":"https:\/\/secure.gravatar.com\/avatar\/5de9fe99c72cb6885bbdaa24b1c5738b0f673d265de18720fae7463d5f47b48d?s=96&d=mm&r=g","url":"https:\/\/secure.gravatar.com\/avatar\/5de9fe99c72cb6885bbdaa24b1c5738b0f673d265de18720fae7463d5f47b48d?s=96&d=mm&r=g","contentUrl":"https:\/\/secure.gravatar.com\/avatar\/5de9fe99c72cb6885bbdaa24b1c5738b0f673d265de18720fae7463d5f47b48d?s=96&d=mm&r=g","caption":"heraldo hb"},"description":"Cineasta, animador cultural, escritor e educador nascido no s\u00e9culo XX","sameAs":["http:\/\/wwww.relinkare.org","botocudo","heraldohb","relinkare"],"url":"https:\/\/lurdinha.org\/site\/author\/heraldohb\/"}]}},"views":1209,"_links":{"self":[{"href":"https:\/\/lurdinha.org\/site\/wp-json\/wp\/v2\/posts\/10843","targetHints":{"allow":["GET"]}}],"collection":[{"href":"https:\/\/lurdinha.org\/site\/wp-json\/wp\/v2\/posts"}],"about":[{"href":"https:\/\/lurdinha.org\/site\/wp-json\/wp\/v2\/types\/post"}],"author":[{"embeddable":true,"href":"https:\/\/lurdinha.org\/site\/wp-json\/wp\/v2\/users\/2"}],"replies":[{"embeddable":true,"href":"https:\/\/lurdinha.org\/site\/wp-json\/wp\/v2\/comments?post=10843"}],"version-history":[{"count":2,"href":"https:\/\/lurdinha.org\/site\/wp-json\/wp\/v2\/posts\/10843\/revisions"}],"predecessor-version":[{"id":10846,"href":"https:\/\/lurdinha.org\/site\/wp-json\/wp\/v2\/posts\/10843\/revisions\/10846"}],"wp:featuredmedia":[{"embeddable":true,"href":"https:\/\/lurdinha.org\/site\/wp-json\/wp\/v2\/media\/10845"}],"wp:attachment":[{"href":"https:\/\/lurdinha.org\/site\/wp-json\/wp\/v2\/media?parent=10843"}],"wp:term":[{"taxonomy":"category","embeddable":true,"href":"https:\/\/lurdinha.org\/site\/wp-json\/wp\/v2\/categories?post=10843"},{"taxonomy":"post_tag","embeddable":true,"href":"https:\/\/lurdinha.org\/site\/wp-json\/wp\/v2\/tags?post=10843"}],"curies":[{"name":"wp","href":"https:\/\/api.w.org\/{rel}","templated":true}]}}