{"id":10570,"date":"2022-08-19T15:19:12","date_gmt":"2022-08-19T15:19:12","guid":{"rendered":"https:\/\/lurdinha.org\/site\/?p=10570"},"modified":"2022-08-19T19:19:48","modified_gmt":"2022-08-19T19:19:48","slug":"a-historia-nos-absorvera","status":"publish","type":"post","link":"https:\/\/lurdinha.org\/site\/a-historia-nos-absorvera\/","title":{"rendered":"\u201cA HIST\u00d3RIA NOS ABSORVER\u00c1\u201d"},"content":{"rendered":"<div class=\"\" dir=\"auto\">\n<div id=\"jsc_c_h9\" class=\"d2hqwtrz r227ecj6 ez8dtbzv gt60zsk1\" data-ad-comet-preview=\"message\" data-ad-preview=\"message\">\n<div class=\"alzwoclg cqf1kptm siwo0mpr gu5uzgus\">\n<div class=\"jroqu855 nthtkgg5\">\n<div class=\"m8h3af8h l7ghb35v kjdc1dyq kmwttqpk gh25dzvf n3t5jt4f\">\n<div dir=\"auto\">N\u00e3o sou exatamente um comemorador de efem\u00e9rides, mas agora a pouco, pausando o trabalho para um caf\u00e9, me veio \u00e0 mente que hoje, 19 de agosto, entre outras refer\u00eancias, \u00e9 o dia do Historiador e da\u00ed a mente deu uma vagada bonita pelo jardim das lembran\u00e7as.<\/div>\n<\/div>\n<div class=\"l7ghb35v kjdc1dyq kmwttqpk gh25dzvf jikcssrz n3t5jt4f\">\n<div dir=\"auto\">E como a tarde est\u00e1 fria, o caf\u00e9 quente e vontade veio, escrevo pra mandar um salve especial a tanta gente amiga, e tanta gente que acompanho com admira\u00e7\u00e3o, que \u00e9 do ramo da pesquisa e do professorado nessa disciplina fundamental que \u00e9 a Hist\u00f3ria.<\/div>\n<div dir=\"auto\">E tamb\u00e9m fazer um louvor a um cara incr\u00edvel que foi Marc Bloch, autor de um dos livros mais fascinantes escritos no s\u00e9culo passado, Apologia da Hist\u00f3ria ou o Of\u00edcio do Historiador.<\/div>\n<div dir=\"auto\">Al\u00e9m de reconhecido intelectual de sua \u00e9poca, ter lutado na primeira guerra e ter fundado a referencial Escola dos Annales, com outro maluco, Lucien Fabvre, Bloch foi da resist\u00eancia francesa contra o nazismo e por isso foi perseguido, preso, torturado e fuzilado pelo regime de Hitler em um campo de concentra\u00e7\u00e3o.<\/div>\n<div dir=\"auto\">Os manuscritos de Apologia da Hist\u00f3ria foram salvos nem sei como, nunca li detalhes disso, mas sei que o livro foi escrito por Bloch no campo de concentra\u00e7\u00e3o, sob condi\u00e7\u00f5es degradantes, sem consulta a seus livros e anota\u00e7\u00f5es, tudo de cabe\u00e7a, o que o torna ainda mais lend\u00e1rio e dimensionador da for\u00e7a humana que o cara possu\u00eda.<\/div>\n<div dir=\"auto\">Ali\u00e1s, o estudo da Hist\u00f3ria tem essa marca singular de ajudar a Humanidade a avan\u00e7ar em dire\u00e7\u00e3o \u00e0 esperan\u00e7a, mesmo quando o ambiente \u00e9 de mergulho em trevas e arb\u00edtrio. Como \u00e9 o caso de um momento como esse em que estamos no Brasil nos \u00faltimos oito anos ou ainda os v\u00e1rios outros momentos de autoritarismo que vivemos ao longo de nossa exist\u00eancia enquanto pa\u00eds.<\/div>\n<div dir=\"auto\">N\u00e3o \u00e9 \u00e0 toa que historiadores est\u00e3o sempre entre os primeiros da fila a serem perseguidos pelos regimes ditatoriais. A Hist\u00f3ria \u00e9 uma arma potente e entranhadora.<\/div>\n<div dir=\"auto\">Em uma regi\u00e3o como a Baixada Fluminense, no Rio de Janeiro, onde vivo, a Hist\u00f3ria ainda tem uma camada extra que \u00e9 de alimenta\u00e7\u00e3o de uma vasta onda de transforma\u00e7\u00e3o que vem ocorrendo nas \u00faltimas d\u00e9cadas na regi\u00e3o. Como um manguezal que nutre a vida que se renova, mesmo em movimentos silenciosos, mesmo que os poderosos n\u00e3o se deem conta, mesmo que os frutos disso pare\u00e7am demorar a surgir.<\/div>\n<div dir=\"auto\">Viva a Ci\u00eancia, viva a Hist\u00f3ria.<\/div>\n<div dir=\"auto\">Pronto \u2013 homenagem feita. Voltando ao trabalho.<\/div>\n<div dir=\"auto\"><\/div>\n<\/div>\n<div class=\"l7ghb35v kjdc1dyq kmwttqpk gh25dzvf jikcssrz n3t5jt4f\">\n<div dir=\"auto\"><strong>[ heraldo hb \u2013 pitacol\u00e2ndia \u2013 agosto 2022 ]<\/strong><\/div>\n<\/div>\n<div class=\"l7ghb35v kjdc1dyq kmwttqpk gh25dzvf jikcssrz n3t5jt4f\">\n<div dir=\"auto\">ps: especial parab\u00e9ns a <a class=\"qi72231t nu7423ey n3hqoq4p r86q59rh b3qcqh3k fq87ekyn bdao358l fsf7x5fv rse6dlih s5oniofx m8h3af8h l7ghb35v kjdc1dyq kmwttqpk srn514ro oxkhqvkx rl78xhln nch0832m cr00lzj9 rn8ck1ys s3jn8y49 icdlwmnq cxfqmxzd d1w2l3lo tes86rjd\" tabindex=\"0\" role=\"link\" href=\"https:\/\/web.facebook.com\/apphclio\/?__cft__[0]=AZUxPq6Jp0t7e9wNEBQysAerMCoRRRBztb_0I_Mv_0QzU7PN9UgXGKaHS-JbIAlsWb83RTen9IQ-MnNWjxLkHVXBs3uh1VvSrmbvhEvD7h71n-LAk6sQbo_dKzkyTq5BdK4&amp;__tn__=kK-R\"><span class=\"rse6dlih\">APPH-Clio<\/span><\/a>, Marl\u00facia Santos Souza, <a class=\"qi72231t nu7423ey n3hqoq4p r86q59rh b3qcqh3k fq87ekyn bdao358l fsf7x5fv rse6dlih s5oniofx m8h3af8h l7ghb35v kjdc1dyq kmwttqpk srn514ro oxkhqvkx rl78xhln nch0832m cr00lzj9 rn8ck1ys s3jn8y49 icdlwmnq cxfqmxzd d1w2l3lo tes86rjd\" tabindex=\"0\" role=\"link\" href=\"https:\/\/web.facebook.com\/profile.php?id=100009691270129&amp;__cft__[0]=AZUxPq6Jp0t7e9wNEBQysAerMCoRRRBztb_0I_Mv_0QzU7PN9UgXGKaHS-JbIAlsWb83RTen9IQ-MnNWjxLkHVXBs3uh1VvSrmbvhEvD7h71n-LAk6sQbo_dKzkyTq5BdK4&amp;__tn__=-]K-R\"><span class=\"rse6dlih\">Antonio Augusto Braz<\/span><\/a>, <a class=\"qi72231t nu7423ey n3hqoq4p r86q59rh b3qcqh3k fq87ekyn bdao358l fsf7x5fv rse6dlih s5oniofx m8h3af8h l7ghb35v kjdc1dyq kmwttqpk srn514ro oxkhqvkx rl78xhln nch0832m cr00lzj9 rn8ck1ys s3jn8y49 icdlwmnq cxfqmxzd d1w2l3lo tes86rjd\" tabindex=\"0\" role=\"link\" href=\"https:\/\/web.facebook.com\/alexandremarques.marques.31?__cft__[0]=AZUxPq6Jp0t7e9wNEBQysAerMCoRRRBztb_0I_Mv_0QzU7PN9UgXGKaHS-JbIAlsWb83RTen9IQ-MnNWjxLkHVXBs3uh1VvSrmbvhEvD7h71n-LAk6sQbo_dKzkyTq5BdK4&amp;__tn__=-]K-R\"><span class=\"rse6dlih\">Alexandre Marques<\/span><\/a>, <a class=\"qi72231t nu7423ey n3hqoq4p r86q59rh b3qcqh3k fq87ekyn bdao358l fsf7x5fv rse6dlih s5oniofx m8h3af8h l7ghb35v kjdc1dyq kmwttqpk srn514ro oxkhqvkx rl78xhln nch0832m cr00lzj9 rn8ck1ys s3jn8y49 icdlwmnq cxfqmxzd d1w2l3lo tes86rjd\" tabindex=\"0\" role=\"link\" href=\"https:\/\/web.facebook.com\/nielson.bezerra.7?__cft__[0]=AZUxPq6Jp0t7e9wNEBQysAerMCoRRRBztb_0I_Mv_0QzU7PN9UgXGKaHS-JbIAlsWb83RTen9IQ-MnNWjxLkHVXBs3uh1VvSrmbvhEvD7h71n-LAk6sQbo_dKzkyTq5BdK4&amp;__tn__=-]K-R\"><span class=\"rse6dlih\">Nielson Bezerra<\/span><\/a>, <a class=\"qi72231t nu7423ey n3hqoq4p r86q59rh b3qcqh3k fq87ekyn bdao358l fsf7x5fv rse6dlih s5oniofx m8h3af8h l7ghb35v kjdc1dyq kmwttqpk srn514ro oxkhqvkx rl78xhln nch0832m cr00lzj9 rn8ck1ys s3jn8y49 icdlwmnq cxfqmxzd d1w2l3lo tes86rjd\" tabindex=\"0\" role=\"link\" href=\"https:\/\/web.facebook.com\/profile.php?id=100006343509500&amp;__cft__[0]=AZUxPq6Jp0t7e9wNEBQysAerMCoRRRBztb_0I_Mv_0QzU7PN9UgXGKaHS-JbIAlsWb83RTen9IQ-MnNWjxLkHVXBs3uh1VvSrmbvhEvD7h71n-LAk6sQbo_dKzkyTq5BdK4&amp;__tn__=-]K-R\"><span class=\"rse6dlih\">Tania Amaro<\/span><\/a>, <a class=\"qi72231t nu7423ey n3hqoq4p r86q59rh b3qcqh3k fq87ekyn bdao358l fsf7x5fv rse6dlih s5oniofx m8h3af8h l7ghb35v kjdc1dyq kmwttqpk srn514ro oxkhqvkx rl78xhln nch0832m cr00lzj9 rn8ck1ys s3jn8y49 icdlwmnq cxfqmxzd d1w2l3lo tes86rjd\" tabindex=\"0\" role=\"link\" href=\"https:\/\/web.facebook.com\/ercilia.coelho.14?__cft__[0]=AZUxPq6Jp0t7e9wNEBQysAerMCoRRRBztb_0I_Mv_0QzU7PN9UgXGKaHS-JbIAlsWb83RTen9IQ-MnNWjxLkHVXBs3uh1VvSrmbvhEvD7h71n-LAk6sQbo_dKzkyTq5BdK4&amp;__tn__=-]K-R\"><span class=\"rse6dlih\">Ercilia Coelho<\/span><\/a> <a class=\"qi72231t nu7423ey n3hqoq4p r86q59rh b3qcqh3k fq87ekyn bdao358l fsf7x5fv rse6dlih s5oniofx m8h3af8h l7ghb35v kjdc1dyq kmwttqpk srn514ro oxkhqvkx rl78xhln nch0832m cr00lzj9 rn8ck1ys s3jn8y49 icdlwmnq cxfqmxzd d1w2l3lo tes86rjd\" tabindex=\"0\" role=\"link\" href=\"https:\/\/web.facebook.com\/guilherme.peresdecarvalho?__cft__[0]=AZUxPq6Jp0t7e9wNEBQysAerMCoRRRBztb_0I_Mv_0QzU7PN9UgXGKaHS-JbIAlsWb83RTen9IQ-MnNWjxLkHVXBs3uh1VvSrmbvhEvD7h71n-LAk6sQbo_dKzkyTq5BdK4&amp;__tn__=-]K-R\"><span class=\"rse6dlih\">Guilherme Peres de Carvalho<\/span><\/a><\/div>\n<div dir=\"auto\"><\/div>\n<\/div>\n<div class=\"l7ghb35v kjdc1dyq kmwttqpk gh25dzvf jikcssrz n3t5jt4f\">\n<div dir=\"auto\">ps2: o t\u00edtulo A Hist\u00f3ria Nos Absorver\u00e1 \u00e9 um tirinho que faz cita\u00e7\u00e3o ao livro de Fidel Castro, A Hist\u00f3ria Me Absolver\u00e1<\/div>\n<div dir=\"auto\"><\/div>\n<\/div>\n<div class=\"l7ghb35v kjdc1dyq kmwttqpk gh25dzvf jikcssrz n3t5jt4f\">\n<div dir=\"auto\">ps3: de hoje a domingo t\u00e1 rolando no Sesi Caxias a pela <a class=\"qi72231t nu7423ey n3hqoq4p r86q59rh b3qcqh3k fq87ekyn bdao358l fsf7x5fv rse6dlih s5oniofx m8h3af8h l7ghb35v kjdc1dyq kmwttqpk srn514ro oxkhqvkx rl78xhln nch0832m cr00lzj9 rn8ck1ys s3jn8y49 icdlwmnq cxfqmxzd d1w2l3lo tes86rjd\" tabindex=\"0\" role=\"link\" href=\"https:\/\/web.facebook.com\/marginalyguacu?__cft__[0]=AZUxPq6Jp0t7e9wNEBQysAerMCoRRRBztb_0I_Mv_0QzU7PN9UgXGKaHS-JbIAlsWb83RTen9IQ-MnNWjxLkHVXBs3uh1VvSrmbvhEvD7h71n-LAk6sQbo_dKzkyTq5BdK4&amp;__tn__=-]K-R\"><span class=\"rse6dlih\">Marginal Y-g\u00fba\u00e7u<\/span><\/a> que tem tudo a ver com Hist\u00f3ria da Baixada \u2013 e com a participa\u00e7\u00e3o especial, olha s\u00f3, do professor Nielson atuando. Bota no google que acha.<\/div>\n<div dir=\"auto\"><\/div>\n<\/div>\n<div dir=\"auto\">\n<figure id=\"attachment_10571\" aria-describedby=\"caption-attachment-10571\" style=\"width: 585px\" class=\"wp-caption alignnone\"><img loading=\"lazy\" decoding=\"async\" class=\"size-full wp-image-10571\" src=\"https:\/\/lurdinha.org\/site\/wp-content\/uploads\/bloch.jpg\" alt=\"Marc Bloch\" width=\"585\" height=\"307\" srcset=\"https:\/\/lurdinha.org\/site\/wp-content\/uploads\/bloch.jpg 585w, https:\/\/lurdinha.org\/site\/wp-content\/uploads\/bloch-300x157.jpg 300w\" sizes=\"auto, (max-width: 585px) 100vw, 585px\" \/><figcaption id=\"caption-attachment-10571\" class=\"wp-caption-text\">Marc Bloch<\/figcaption><\/figure>\n<\/div>\n<\/div>\n<\/div>\n<\/div>\n<\/div>\n","protected":false},"excerpt":{"rendered":"<p>N\u00e3o sou exatamente um comemorador de efem\u00e9rides, mas agora a pouco, pausando o trabalho para&#8230;<\/p>\n","protected":false},"author":2,"featured_media":10571,"comment_status":"open","ping_status":"closed","sticky":false,"template":"","format":"standard","meta":{"footnotes":""},"categories":[208,4],"tags":[],"class_list":["post-10570","post","type-post","status-publish","format-standard","has-post-thumbnail","hentry","category-picotes","category-opiniao"],"yoast_head":"<!-- This site is optimized with the Yoast SEO plugin v27.5 - https:\/\/yoast.com\/product\/yoast-seo-wordpress\/ -->\n<title>\u201cA HIST\u00d3RIA NOS ABSORVER\u00c1\u201d - Lurdinha - Duque de Caxias para Est\u00f4magos Fortes<\/title>\n<meta name=\"robots\" content=\"index, follow, max-snippet:-1, max-image-preview:large, max-video-preview:-1\" \/>\n<link rel=\"canonical\" href=\"https:\/\/lurdinha.org\/site\/a-historia-nos-absorvera\/\" \/>\n<meta property=\"og:locale\" content=\"pt_BR\" \/>\n<meta property=\"og:type\" content=\"article\" \/>\n<meta property=\"og:title\" content=\"\u201cA HIST\u00d3RIA NOS ABSORVER\u00c1\u201d - Lurdinha - Duque de Caxias para Est\u00f4magos Fortes\" \/>\n<meta property=\"og:description\" content=\"N\u00e3o sou exatamente um comemorador de efem\u00e9rides, mas agora a pouco, pausando o trabalho para...\" \/>\n<meta property=\"og:url\" content=\"https:\/\/lurdinha.org\/site\/a-historia-nos-absorvera\/\" \/>\n<meta property=\"og:site_name\" content=\"Lurdinha - Duque de Caxias para Est\u00f4magos Fortes\" \/>\n<meta property=\"article:publisher\" content=\"https:\/\/www.facebook.com\/LurdinhadeCaxias\" \/>\n<meta property=\"article:author\" content=\"botocudo\" \/>\n<meta property=\"article:published_time\" content=\"2022-08-19T15:19:12+00:00\" \/>\n<meta property=\"article:modified_time\" content=\"2022-08-19T19:19:48+00:00\" \/>\n<meta property=\"og:image\" content=\"https:\/\/lurdinha.org\/site\/wp-content\/uploads\/bloch.jpg\" \/>\n\t<meta property=\"og:image:width\" content=\"585\" \/>\n\t<meta property=\"og:image:height\" content=\"307\" \/>\n\t<meta property=\"og:image:type\" content=\"image\/jpeg\" \/>\n<meta name=\"author\" content=\"heraldo hb\" \/>\n<meta name=\"twitter:card\" content=\"summary_large_image\" \/>\n<meta name=\"twitter:label1\" content=\"Escrito por\" \/>\n\t<meta name=\"twitter:data1\" content=\"heraldo hb\" \/>\n\t<meta name=\"twitter:label2\" content=\"Est. tempo de leitura\" \/>\n\t<meta name=\"twitter:data2\" content=\"3 minutos\" \/>\n<script type=\"application\/ld+json\" class=\"yoast-schema-graph\">{\"@context\":\"https:\\\/\\\/schema.org\",\"@graph\":[{\"@type\":\"Article\",\"@id\":\"https:\\\/\\\/lurdinha.org\\\/site\\\/a-historia-nos-absorvera\\\/#article\",\"isPartOf\":{\"@id\":\"https:\\\/\\\/lurdinha.org\\\/site\\\/a-historia-nos-absorvera\\\/\"},\"author\":{\"name\":\"heraldo hb\",\"@id\":\"https:\\\/\\\/lurdinha.org\\\/site\\\/#\\\/schema\\\/person\\\/b833bb6a7f82598bf0e95e4c30874251\"},\"headline\":\"\u201cA HIST\u00d3RIA NOS ABSORVER\u00c1\u201d\",\"datePublished\":\"2022-08-19T15:19:12+00:00\",\"dateModified\":\"2022-08-19T19:19:48+00:00\",\"mainEntityOfPage\":{\"@id\":\"https:\\\/\\\/lurdinha.org\\\/site\\\/a-historia-nos-absorvera\\\/\"},\"wordCount\":548,\"commentCount\":0,\"publisher\":{\"@id\":\"https:\\\/\\\/lurdinha.org\\\/site\\\/#organization\"},\"image\":{\"@id\":\"https:\\\/\\\/lurdinha.org\\\/site\\\/a-historia-nos-absorvera\\\/#primaryimage\"},\"thumbnailUrl\":\"https:\\\/\\\/lurdinha.org\\\/site\\\/wp-content\\\/uploads\\\/bloch.jpg\",\"articleSection\":[\"pitacol\u00e2ndia\",\"uma opini\u00e3o\"],\"inLanguage\":\"pt-BR\",\"potentialAction\":[{\"@type\":\"CommentAction\",\"name\":\"Comment\",\"target\":[\"https:\\\/\\\/lurdinha.org\\\/site\\\/a-historia-nos-absorvera\\\/#respond\"]}]},{\"@type\":\"WebPage\",\"@id\":\"https:\\\/\\\/lurdinha.org\\\/site\\\/a-historia-nos-absorvera\\\/\",\"url\":\"https:\\\/\\\/lurdinha.org\\\/site\\\/a-historia-nos-absorvera\\\/\",\"name\":\"\u201cA HIST\u00d3RIA NOS ABSORVER\u00c1\u201d - Lurdinha - Duque de Caxias para Est\u00f4magos Fortes\",\"isPartOf\":{\"@id\":\"https:\\\/\\\/lurdinha.org\\\/site\\\/#website\"},\"primaryImageOfPage\":{\"@id\":\"https:\\\/\\\/lurdinha.org\\\/site\\\/a-historia-nos-absorvera\\\/#primaryimage\"},\"image\":{\"@id\":\"https:\\\/\\\/lurdinha.org\\\/site\\\/a-historia-nos-absorvera\\\/#primaryimage\"},\"thumbnailUrl\":\"https:\\\/\\\/lurdinha.org\\\/site\\\/wp-content\\\/uploads\\\/bloch.jpg\",\"datePublished\":\"2022-08-19T15:19:12+00:00\",\"dateModified\":\"2022-08-19T19:19:48+00:00\",\"breadcrumb\":{\"@id\":\"https:\\\/\\\/lurdinha.org\\\/site\\\/a-historia-nos-absorvera\\\/#breadcrumb\"},\"inLanguage\":\"pt-BR\",\"potentialAction\":[{\"@type\":\"ReadAction\",\"target\":[\"https:\\\/\\\/lurdinha.org\\\/site\\\/a-historia-nos-absorvera\\\/\"]}]},{\"@type\":\"ImageObject\",\"inLanguage\":\"pt-BR\",\"@id\":\"https:\\\/\\\/lurdinha.org\\\/site\\\/a-historia-nos-absorvera\\\/#primaryimage\",\"url\":\"https:\\\/\\\/lurdinha.org\\\/site\\\/wp-content\\\/uploads\\\/bloch.jpg\",\"contentUrl\":\"https:\\\/\\\/lurdinha.org\\\/site\\\/wp-content\\\/uploads\\\/bloch.jpg\",\"width\":585,\"height\":307,\"caption\":\"Marc Bloch\"},{\"@type\":\"BreadcrumbList\",\"@id\":\"https:\\\/\\\/lurdinha.org\\\/site\\\/a-historia-nos-absorvera\\\/#breadcrumb\",\"itemListElement\":[{\"@type\":\"ListItem\",\"position\":1,\"name\":\"In\u00edcio\",\"item\":\"https:\\\/\\\/lurdinha.org\\\/site\\\/\"},{\"@type\":\"ListItem\",\"position\":2,\"name\":\"\u201cA HIST\u00d3RIA NOS ABSORVER\u00c1\u201d\"}]},{\"@type\":\"WebSite\",\"@id\":\"https:\\\/\\\/lurdinha.org\\\/site\\\/#website\",\"url\":\"https:\\\/\\\/lurdinha.org\\\/site\\\/\",\"name\":\"Lurdinha - Duque de Caxias para Est\u00f4magos Fortes\",\"description\":\"Site sobre Arte, Cultura, Pol\u00edtica, Sociedade e curiosidades da cidade de Duque de Caxias, RJ\",\"publisher\":{\"@id\":\"https:\\\/\\\/lurdinha.org\\\/site\\\/#organization\"},\"alternateName\":\"Lurdinha\",\"potentialAction\":[{\"@type\":\"SearchAction\",\"target\":{\"@type\":\"EntryPoint\",\"urlTemplate\":\"https:\\\/\\\/lurdinha.org\\\/site\\\/?s={search_term_string}\"},\"query-input\":{\"@type\":\"PropertyValueSpecification\",\"valueRequired\":true,\"valueName\":\"search_term_string\"}}],\"inLanguage\":\"pt-BR\"},{\"@type\":\"Organization\",\"@id\":\"https:\\\/\\\/lurdinha.org\\\/site\\\/#organization\",\"name\":\"Lurdinha de Caxias\",\"url\":\"https:\\\/\\\/lurdinha.org\\\/site\\\/\",\"logo\":{\"@type\":\"ImageObject\",\"inLanguage\":\"pt-BR\",\"@id\":\"https:\\\/\\\/lurdinha.org\\\/site\\\/#\\\/schema\\\/logo\\\/image\\\/\",\"url\":\"https:\\\/\\\/lurdinha.org\\\/site\\\/wp-content\\\/uploads\\\/logo-lurdinha.jpg\",\"contentUrl\":\"https:\\\/\\\/lurdinha.org\\\/site\\\/wp-content\\\/uploads\\\/logo-lurdinha.jpg\",\"width\":640,\"height\":60,\"caption\":\"Lurdinha de Caxias\"},\"image\":{\"@id\":\"https:\\\/\\\/lurdinha.org\\\/site\\\/#\\\/schema\\\/logo\\\/image\\\/\"},\"sameAs\":[\"https:\\\/\\\/www.facebook.com\\\/LurdinhadeCaxias\",\"https:\\\/\\\/www.instagram.com\\\/lurdinhadecaxias\"]},{\"@type\":\"Person\",\"@id\":\"https:\\\/\\\/lurdinha.org\\\/site\\\/#\\\/schema\\\/person\\\/b833bb6a7f82598bf0e95e4c30874251\",\"name\":\"heraldo hb\",\"image\":{\"@type\":\"ImageObject\",\"inLanguage\":\"pt-BR\",\"@id\":\"https:\\\/\\\/secure.gravatar.com\\\/avatar\\\/5de9fe99c72cb6885bbdaa24b1c5738b0f673d265de18720fae7463d5f47b48d?s=96&d=mm&r=g\",\"url\":\"https:\\\/\\\/secure.gravatar.com\\\/avatar\\\/5de9fe99c72cb6885bbdaa24b1c5738b0f673d265de18720fae7463d5f47b48d?s=96&d=mm&r=g\",\"contentUrl\":\"https:\\\/\\\/secure.gravatar.com\\\/avatar\\\/5de9fe99c72cb6885bbdaa24b1c5738b0f673d265de18720fae7463d5f47b48d?s=96&d=mm&r=g\",\"caption\":\"heraldo hb\"},\"description\":\"Cineasta, animador cultural, escritor e educador nascido no s\u00e9culo XX\",\"sameAs\":[\"http:\\\/\\\/wwww.relinkare.org\",\"botocudo\",\"heraldohb\",\"relinkare\"],\"url\":\"https:\\\/\\\/lurdinha.org\\\/site\\\/author\\\/heraldohb\\\/\"}]}<\/script>\n<!-- \/ Yoast SEO plugin. -->","yoast_head_json":{"title":"\u201cA HIST\u00d3RIA NOS ABSORVER\u00c1\u201d - Lurdinha - Duque de Caxias para Est\u00f4magos Fortes","robots":{"index":"index","follow":"follow","max-snippet":"max-snippet:-1","max-image-preview":"max-image-preview:large","max-video-preview":"max-video-preview:-1"},"canonical":"https:\/\/lurdinha.org\/site\/a-historia-nos-absorvera\/","og_locale":"pt_BR","og_type":"article","og_title":"\u201cA HIST\u00d3RIA NOS ABSORVER\u00c1\u201d - Lurdinha - Duque de Caxias para Est\u00f4magos Fortes","og_description":"N\u00e3o sou exatamente um comemorador de efem\u00e9rides, mas agora a pouco, pausando o trabalho para...","og_url":"https:\/\/lurdinha.org\/site\/a-historia-nos-absorvera\/","og_site_name":"Lurdinha - Duque de Caxias para Est\u00f4magos Fortes","article_publisher":"https:\/\/www.facebook.com\/LurdinhadeCaxias","article_author":"botocudo","article_published_time":"2022-08-19T15:19:12+00:00","article_modified_time":"2022-08-19T19:19:48+00:00","og_image":[{"width":585,"height":307,"url":"https:\/\/lurdinha.org\/site\/wp-content\/uploads\/bloch.jpg","type":"image\/jpeg"}],"author":"heraldo hb","twitter_card":"summary_large_image","twitter_misc":{"Escrito por":"heraldo hb","Est. tempo de leitura":"3 minutos"},"schema":{"@context":"https:\/\/schema.org","@graph":[{"@type":"Article","@id":"https:\/\/lurdinha.org\/site\/a-historia-nos-absorvera\/#article","isPartOf":{"@id":"https:\/\/lurdinha.org\/site\/a-historia-nos-absorvera\/"},"author":{"name":"heraldo hb","@id":"https:\/\/lurdinha.org\/site\/#\/schema\/person\/b833bb6a7f82598bf0e95e4c30874251"},"headline":"\u201cA HIST\u00d3RIA NOS ABSORVER\u00c1\u201d","datePublished":"2022-08-19T15:19:12+00:00","dateModified":"2022-08-19T19:19:48+00:00","mainEntityOfPage":{"@id":"https:\/\/lurdinha.org\/site\/a-historia-nos-absorvera\/"},"wordCount":548,"commentCount":0,"publisher":{"@id":"https:\/\/lurdinha.org\/site\/#organization"},"image":{"@id":"https:\/\/lurdinha.org\/site\/a-historia-nos-absorvera\/#primaryimage"},"thumbnailUrl":"https:\/\/lurdinha.org\/site\/wp-content\/uploads\/bloch.jpg","articleSection":["pitacol\u00e2ndia","uma opini\u00e3o"],"inLanguage":"pt-BR","potentialAction":[{"@type":"CommentAction","name":"Comment","target":["https:\/\/lurdinha.org\/site\/a-historia-nos-absorvera\/#respond"]}]},{"@type":"WebPage","@id":"https:\/\/lurdinha.org\/site\/a-historia-nos-absorvera\/","url":"https:\/\/lurdinha.org\/site\/a-historia-nos-absorvera\/","name":"\u201cA HIST\u00d3RIA NOS ABSORVER\u00c1\u201d - Lurdinha - Duque de Caxias para Est\u00f4magos Fortes","isPartOf":{"@id":"https:\/\/lurdinha.org\/site\/#website"},"primaryImageOfPage":{"@id":"https:\/\/lurdinha.org\/site\/a-historia-nos-absorvera\/#primaryimage"},"image":{"@id":"https:\/\/lurdinha.org\/site\/a-historia-nos-absorvera\/#primaryimage"},"thumbnailUrl":"https:\/\/lurdinha.org\/site\/wp-content\/uploads\/bloch.jpg","datePublished":"2022-08-19T15:19:12+00:00","dateModified":"2022-08-19T19:19:48+00:00","breadcrumb":{"@id":"https:\/\/lurdinha.org\/site\/a-historia-nos-absorvera\/#breadcrumb"},"inLanguage":"pt-BR","potentialAction":[{"@type":"ReadAction","target":["https:\/\/lurdinha.org\/site\/a-historia-nos-absorvera\/"]}]},{"@type":"ImageObject","inLanguage":"pt-BR","@id":"https:\/\/lurdinha.org\/site\/a-historia-nos-absorvera\/#primaryimage","url":"https:\/\/lurdinha.org\/site\/wp-content\/uploads\/bloch.jpg","contentUrl":"https:\/\/lurdinha.org\/site\/wp-content\/uploads\/bloch.jpg","width":585,"height":307,"caption":"Marc Bloch"},{"@type":"BreadcrumbList","@id":"https:\/\/lurdinha.org\/site\/a-historia-nos-absorvera\/#breadcrumb","itemListElement":[{"@type":"ListItem","position":1,"name":"In\u00edcio","item":"https:\/\/lurdinha.org\/site\/"},{"@type":"ListItem","position":2,"name":"\u201cA HIST\u00d3RIA NOS ABSORVER\u00c1\u201d"}]},{"@type":"WebSite","@id":"https:\/\/lurdinha.org\/site\/#website","url":"https:\/\/lurdinha.org\/site\/","name":"Lurdinha - Duque de Caxias para Est\u00f4magos Fortes","description":"Site sobre Arte, Cultura, Pol\u00edtica, Sociedade e curiosidades da cidade de Duque de Caxias, RJ","publisher":{"@id":"https:\/\/lurdinha.org\/site\/#organization"},"alternateName":"Lurdinha","potentialAction":[{"@type":"SearchAction","target":{"@type":"EntryPoint","urlTemplate":"https:\/\/lurdinha.org\/site\/?s={search_term_string}"},"query-input":{"@type":"PropertyValueSpecification","valueRequired":true,"valueName":"search_term_string"}}],"inLanguage":"pt-BR"},{"@type":"Organization","@id":"https:\/\/lurdinha.org\/site\/#organization","name":"Lurdinha de Caxias","url":"https:\/\/lurdinha.org\/site\/","logo":{"@type":"ImageObject","inLanguage":"pt-BR","@id":"https:\/\/lurdinha.org\/site\/#\/schema\/logo\/image\/","url":"https:\/\/lurdinha.org\/site\/wp-content\/uploads\/logo-lurdinha.jpg","contentUrl":"https:\/\/lurdinha.org\/site\/wp-content\/uploads\/logo-lurdinha.jpg","width":640,"height":60,"caption":"Lurdinha de Caxias"},"image":{"@id":"https:\/\/lurdinha.org\/site\/#\/schema\/logo\/image\/"},"sameAs":["https:\/\/www.facebook.com\/LurdinhadeCaxias","https:\/\/www.instagram.com\/lurdinhadecaxias"]},{"@type":"Person","@id":"https:\/\/lurdinha.org\/site\/#\/schema\/person\/b833bb6a7f82598bf0e95e4c30874251","name":"heraldo hb","image":{"@type":"ImageObject","inLanguage":"pt-BR","@id":"https:\/\/secure.gravatar.com\/avatar\/5de9fe99c72cb6885bbdaa24b1c5738b0f673d265de18720fae7463d5f47b48d?s=96&d=mm&r=g","url":"https:\/\/secure.gravatar.com\/avatar\/5de9fe99c72cb6885bbdaa24b1c5738b0f673d265de18720fae7463d5f47b48d?s=96&d=mm&r=g","contentUrl":"https:\/\/secure.gravatar.com\/avatar\/5de9fe99c72cb6885bbdaa24b1c5738b0f673d265de18720fae7463d5f47b48d?s=96&d=mm&r=g","caption":"heraldo hb"},"description":"Cineasta, animador cultural, escritor e educador nascido no s\u00e9culo XX","sameAs":["http:\/\/wwww.relinkare.org","botocudo","heraldohb","relinkare"],"url":"https:\/\/lurdinha.org\/site\/author\/heraldohb\/"}]}},"views":1175,"_links":{"self":[{"href":"https:\/\/lurdinha.org\/site\/wp-json\/wp\/v2\/posts\/10570","targetHints":{"allow":["GET"]}}],"collection":[{"href":"https:\/\/lurdinha.org\/site\/wp-json\/wp\/v2\/posts"}],"about":[{"href":"https:\/\/lurdinha.org\/site\/wp-json\/wp\/v2\/types\/post"}],"author":[{"embeddable":true,"href":"https:\/\/lurdinha.org\/site\/wp-json\/wp\/v2\/users\/2"}],"replies":[{"embeddable":true,"href":"https:\/\/lurdinha.org\/site\/wp-json\/wp\/v2\/comments?post=10570"}],"version-history":[{"count":1,"href":"https:\/\/lurdinha.org\/site\/wp-json\/wp\/v2\/posts\/10570\/revisions"}],"predecessor-version":[{"id":10572,"href":"https:\/\/lurdinha.org\/site\/wp-json\/wp\/v2\/posts\/10570\/revisions\/10572"}],"wp:featuredmedia":[{"embeddable":true,"href":"https:\/\/lurdinha.org\/site\/wp-json\/wp\/v2\/media\/10571"}],"wp:attachment":[{"href":"https:\/\/lurdinha.org\/site\/wp-json\/wp\/v2\/media?parent=10570"}],"wp:term":[{"taxonomy":"category","embeddable":true,"href":"https:\/\/lurdinha.org\/site\/wp-json\/wp\/v2\/categories?post=10570"},{"taxonomy":"post_tag","embeddable":true,"href":"https:\/\/lurdinha.org\/site\/wp-json\/wp\/v2\/tags?post=10570"}],"curies":[{"name":"wp","href":"https:\/\/api.w.org\/{rel}","templated":true}]}}