{"id":10567,"date":"2021-01-15T15:48:46","date_gmt":"2021-01-15T15:48:46","guid":{"rendered":"https:\/\/lurdinha.org\/site\/?p=10567"},"modified":"2022-08-15T15:50:05","modified_gmt":"2022-08-15T15:50:05","slug":"dancarino-de-caxias-conquista-premio-da-funarte","status":"publish","type":"post","link":"https:\/\/lurdinha.org\/site\/dancarino-de-caxias-conquista-premio-da-funarte\/","title":{"rendered":"Dan\u00e7arino de Caxias conquista pr\u00eamio da Funarte"},"content":{"rendered":"<p><img loading=\"lazy\" decoding=\"async\" class=\"alignnone size-full wp-image-10430\" src=\"https:\/\/lurdinha.org\/site\/wp-content\/uploads\/bruno-alarcon.jpg\" alt=\"\" width=\"523\" height=\"314\" srcset=\"https:\/\/lurdinha.org\/site\/wp-content\/uploads\/bruno-alarcon.jpg 523w, https:\/\/lurdinha.org\/site\/wp-content\/uploads\/bruno-alarcon-300x180.jpg 300w\" sizes=\"auto, (max-width: 523px) 100vw, 523px\" \/><\/p>\n<p>O Dan\u00e7arino Contempor\u00e2neo <strong>Bruno Alarcon<\/strong>, foi contemplado pelo Pr\u00eamio Funarte RespirArte 2020 com o videodan\u00e7a <strong>\u201cSa\u00edda 124 F\u201d<\/strong>, produzido juntamente com <strong>Luiz Fernando Pican\u00e7o<\/strong>, do Rio de Janeiro.<\/p>\n<p>O lan\u00e7amento foi no \u00faltimo dia 12, pela plataforma Youtube. Os dois artistas atuam juntos h\u00e1 cerca de cinco anos como educadores na ONG \u201cApadrinhe um Sorriso\u201d, localizada na comunidade Trevo das Miss\u00f5es, em Duque de Caxias. Luiz, graduado em Artes C\u00eanicas, \u00e9 tamb\u00e9m Dan\u00e7arino Contempor\u00e2neo, diretor teatral e produtor cultural. As \u00e1reas alcan\u00e7adas pelo Pr\u00eamio s\u00e3o: circo, artes visuais, m\u00fasica, dan\u00e7a, teatro e artes integradas.<\/p>\n<figure id=\"attachment_10568\" aria-describedby=\"caption-attachment-10568\" style=\"width: 600px\" class=\"wp-caption alignnone\"><img loading=\"lazy\" decoding=\"async\" class=\"wp-image-10568 size-full\" src=\"https:\/\/lurdinha.org\/site\/wp-content\/uploads\/foto_Agatha_Marinho.jpg\" alt=\"\" width=\"600\" height=\"400\" srcset=\"https:\/\/lurdinha.org\/site\/wp-content\/uploads\/foto_Agatha_Marinho.jpg 600w, https:\/\/lurdinha.org\/site\/wp-content\/uploads\/foto_Agatha_Marinho-300x200.jpg 300w\" sizes=\"auto, (max-width: 600px) 100vw, 600px\" \/><figcaption id=\"caption-attachment-10568\" class=\"wp-caption-text\"><em>Dan\u00e7arinos de \u201cSa\u00edda 124 F\u201d. Foto: Aghata Marinho<\/em><\/figcaption><\/figure>\n<p>O projeto de videodan\u00e7a foi produzido em fevereiro mas, em fun\u00e7\u00e3o da Covid-19, a obra n\u00e3o p\u00f4de ser exibida na \u00e9poca em evento presencial. Bruno foi aluno do Col\u00e9gio Estadual Professor Jos\u00e9 de Souza Herdy e cursa Bacharelado em Dan\u00e7a na Universidade Federal do Rio de Janeiro, onde veio a conhecer o parceiro Luiz Fernando.<\/p>\n<p>Bruno lembrou que, em 2019, quando participava do Projeto de pesquisa &#8220;Pr\u00e1tica de Si&#8221;, coordenado por Let\u00edcia Teixeira, do Departamento de Arte Corporal da Universidade Federal do Rio de Janeiro, articulou uma atividade de extens\u00e3o no qual 12 jovens da atividade Dan\u00e7a-Teatro do Apadrinhe um Sorriso participou de uma resid\u00eancia art\u00edstica ministrando 10 pesquisadores do projeto de pesquisa. Foram 5 oficinas oferecidas e a partir das viv\u00eancias surgiu duas constru\u00e7\u00f5es art\u00edsticas: a performance &#8220;Tem gente Aqui&#8221; e o v\u00eddeodan\u00e7a &#8220;Sa\u00edda 124 F&#8221;.<\/p>\n<p>O Projeto<\/p>\n<p>Bruno e Luiz Fernandes atuam na ONG desde 2016, ministrando aulas de Dan\u00e7a-Teatro para adolescentes e jovens moradores daquela comunidade, no 1\u00ba distrito do Munic\u00edpio.<\/p>\n<p>&#8211; Desde ent\u00e3o, procuramos potencializar o local em um novo paradigma que \u00e9 o ensino das Artes da Cena, onde utilizamos a linguagem da Dan\u00e7a e do Teatro, bem como, do Audiovisual para que estes adolescentes e jovens, logo, suas fam\u00edlias, que em sua maioria est\u00e3o em vulnerabilidade social, possam se possibilitar a outras viv\u00eancias \u2013 dizem os volunt\u00e1rios.<\/p>\n<p>Ambos definem o projeto. \u201cTrata-se a obra contemplada de um encontro entre lugares, um encontro entre olhares, um encontro entre gente. Evidenciando a favela Parque das Miss\u00f5es como um lugar n\u00e3o s\u00f3 de moradia, todavia de encontros. Tendo manifesta\u00e7\u00f5es po\u00e9ticas atrav\u00e9s da dan\u00e7a que ressignificam os espa\u00e7os. Dan\u00e7a que se faz na travessia de uma passarela possibilitando o ir e vir a outros lugares, no interior de um ferro velho e nas margens de um mangue polu\u00eddo. Corpos afetados pelos ru\u00eddos das aeronaves sobrevoando a favela numa coreografia que impulsiona ao v\u00eddeodan\u00e7a Sa\u00edda 124 F, a vida de corpos moventes naquele territ\u00f3rio, identificando que a sa\u00edda na verdade, \u00e9 uma entrada\u201d.<\/p>\n<p>\u201cSa\u00edda 124 F tem dire\u00e7\u00e3o art\u00edstica dos pr\u00f3prios Bruno Alarcon e Luiz Fernando Pican\u00e7o, e tem como int\u00e9rpretes, al\u00e9m de ambos: Clarissa Monteiro, Diego Pires, Hector Souza, Jaqueline Silva, Let\u00edcia Teixeira, Mariane Ara\u00fajo, Mar\u00edlia Gabriela Sales, Matheus Leit\u00e3o, Maycon Douglas, N\u00e1lia Costa e Thiago Aguiar. A trilha sonora e edi\u00e7\u00e3o de som \u00e9 de Paulo Richard Ramos e a realiza\u00e7\u00e3o \u00e9 da Funda\u00e7\u00e3o Nacional de Arte-FUNARTE, Secretaria Especial da Cultura, Minist\u00e9rio do Turismo.<\/p>\n<p>Quem desejar assistir \u201cSa\u00edda 124 F\u201d pode acess\u00e1-lo no link <strong><a href=\"https:\/\/youtu.be\/iRlYeT4sEJs\" target=\"_blank\" rel=\"noopener\">https:\/\/youtu.be\/iRlYeT4sEJs<\/a><\/strong><\/p>\n<p>.<\/p>\n<p><em><strong>[ via https:\/\/jornalcapital.jor.br ]<\/strong><\/em><\/p>\n","protected":false},"excerpt":{"rendered":"<p>O Dan\u00e7arino Contempor\u00e2neo Bruno Alarcon, foi contemplado pelo Pr\u00eamio Funarte RespirArte 2020 com o videodan\u00e7a&#8230;<\/p>\n","protected":false},"author":2,"featured_media":10568,"comment_status":"open","ping_status":"closed","sticky":false,"template":"","format":"standard","meta":{"footnotes":""},"categories":[14,5],"tags":[1295,472,1137,11,1088,1308,1307],"class_list":["post-10567","post","type-post","status-publish","format-standard","has-post-thumbnail","hentry","category-gente","category-umaboa","tag-bruno-alarcon","tag-cultura-caxias","tag-danca","tag-duque-de-caxias","tag-parque-das-missoes","tag-saida-124-f","tag-videodanca"],"yoast_head":"<!-- This site is optimized with the Yoast SEO plugin v27.5 - https:\/\/yoast.com\/product\/yoast-seo-wordpress\/ -->\n<title>Dan\u00e7arino de Caxias conquista pr\u00eamio da Funarte - Lurdinha - Duque de Caxias para Est\u00f4magos Fortes<\/title>\n<meta name=\"robots\" content=\"index, follow, max-snippet:-1, max-image-preview:large, max-video-preview:-1\" \/>\n<link rel=\"canonical\" href=\"https:\/\/lurdinha.org\/site\/dancarino-de-caxias-conquista-premio-da-funarte\/\" \/>\n<meta property=\"og:locale\" content=\"pt_BR\" \/>\n<meta property=\"og:type\" content=\"article\" \/>\n<meta property=\"og:title\" content=\"Dan\u00e7arino de Caxias conquista pr\u00eamio da Funarte - Lurdinha - Duque de Caxias para Est\u00f4magos Fortes\" \/>\n<meta property=\"og:description\" content=\"O Dan\u00e7arino Contempor\u00e2neo Bruno Alarcon, foi contemplado pelo Pr\u00eamio Funarte RespirArte 2020 com o videodan\u00e7a...\" \/>\n<meta property=\"og:url\" content=\"https:\/\/lurdinha.org\/site\/dancarino-de-caxias-conquista-premio-da-funarte\/\" \/>\n<meta property=\"og:site_name\" content=\"Lurdinha - Duque de Caxias para Est\u00f4magos Fortes\" \/>\n<meta property=\"article:publisher\" content=\"https:\/\/www.facebook.com\/LurdinhadeCaxias\" \/>\n<meta property=\"article:author\" content=\"botocudo\" \/>\n<meta property=\"article:published_time\" content=\"2021-01-15T15:48:46+00:00\" \/>\n<meta property=\"article:modified_time\" content=\"2022-08-15T15:50:05+00:00\" \/>\n<meta property=\"og:image\" content=\"https:\/\/lurdinha.org\/site\/wp-content\/uploads\/foto_Agatha_Marinho.jpg\" \/>\n\t<meta property=\"og:image:width\" content=\"600\" \/>\n\t<meta property=\"og:image:height\" content=\"400\" \/>\n\t<meta property=\"og:image:type\" content=\"image\/jpeg\" \/>\n<meta name=\"author\" content=\"heraldo hb\" \/>\n<meta name=\"twitter:card\" content=\"summary_large_image\" \/>\n<meta name=\"twitter:label1\" content=\"Escrito por\" \/>\n\t<meta name=\"twitter:data1\" content=\"heraldo hb\" \/>\n\t<meta name=\"twitter:label2\" content=\"Est. tempo de leitura\" \/>\n\t<meta name=\"twitter:data2\" content=\"3 minutos\" \/>\n<script type=\"application\/ld+json\" class=\"yoast-schema-graph\">{\"@context\":\"https:\\\/\\\/schema.org\",\"@graph\":[{\"@type\":\"Article\",\"@id\":\"https:\\\/\\\/lurdinha.org\\\/site\\\/dancarino-de-caxias-conquista-premio-da-funarte\\\/#article\",\"isPartOf\":{\"@id\":\"https:\\\/\\\/lurdinha.org\\\/site\\\/dancarino-de-caxias-conquista-premio-da-funarte\\\/\"},\"author\":{\"name\":\"heraldo hb\",\"@id\":\"https:\\\/\\\/lurdinha.org\\\/site\\\/#\\\/schema\\\/person\\\/b833bb6a7f82598bf0e95e4c30874251\"},\"headline\":\"Dan\u00e7arino de Caxias conquista pr\u00eamio da Funarte\",\"datePublished\":\"2021-01-15T15:48:46+00:00\",\"dateModified\":\"2022-08-15T15:50:05+00:00\",\"mainEntityOfPage\":{\"@id\":\"https:\\\/\\\/lurdinha.org\\\/site\\\/dancarino-de-caxias-conquista-premio-da-funarte\\\/\"},\"wordCount\":603,\"commentCount\":0,\"publisher\":{\"@id\":\"https:\\\/\\\/lurdinha.org\\\/site\\\/#organization\"},\"image\":{\"@id\":\"https:\\\/\\\/lurdinha.org\\\/site\\\/dancarino-de-caxias-conquista-premio-da-funarte\\\/#primaryimage\"},\"thumbnailUrl\":\"https:\\\/\\\/lurdinha.org\\\/site\\\/wp-content\\\/uploads\\\/foto_Agatha_Marinho.jpg\",\"keywords\":[\"bruno alarcon\",\"Cultura Caxias\",\"dan\u00e7a\",\"duque-de-caxias\",\"Parque das Miss\u00f5es\",\"Sa\u00edda 124 F\",\"videodanca\"],\"articleSection\":[\"gente\",\"uma boa\"],\"inLanguage\":\"pt-BR\",\"potentialAction\":[{\"@type\":\"CommentAction\",\"name\":\"Comment\",\"target\":[\"https:\\\/\\\/lurdinha.org\\\/site\\\/dancarino-de-caxias-conquista-premio-da-funarte\\\/#respond\"]}]},{\"@type\":\"WebPage\",\"@id\":\"https:\\\/\\\/lurdinha.org\\\/site\\\/dancarino-de-caxias-conquista-premio-da-funarte\\\/\",\"url\":\"https:\\\/\\\/lurdinha.org\\\/site\\\/dancarino-de-caxias-conquista-premio-da-funarte\\\/\",\"name\":\"Dan\u00e7arino de Caxias conquista pr\u00eamio da Funarte - Lurdinha - Duque de Caxias para Est\u00f4magos Fortes\",\"isPartOf\":{\"@id\":\"https:\\\/\\\/lurdinha.org\\\/site\\\/#website\"},\"primaryImageOfPage\":{\"@id\":\"https:\\\/\\\/lurdinha.org\\\/site\\\/dancarino-de-caxias-conquista-premio-da-funarte\\\/#primaryimage\"},\"image\":{\"@id\":\"https:\\\/\\\/lurdinha.org\\\/site\\\/dancarino-de-caxias-conquista-premio-da-funarte\\\/#primaryimage\"},\"thumbnailUrl\":\"https:\\\/\\\/lurdinha.org\\\/site\\\/wp-content\\\/uploads\\\/foto_Agatha_Marinho.jpg\",\"datePublished\":\"2021-01-15T15:48:46+00:00\",\"dateModified\":\"2022-08-15T15:50:05+00:00\",\"breadcrumb\":{\"@id\":\"https:\\\/\\\/lurdinha.org\\\/site\\\/dancarino-de-caxias-conquista-premio-da-funarte\\\/#breadcrumb\"},\"inLanguage\":\"pt-BR\",\"potentialAction\":[{\"@type\":\"ReadAction\",\"target\":[\"https:\\\/\\\/lurdinha.org\\\/site\\\/dancarino-de-caxias-conquista-premio-da-funarte\\\/\"]}]},{\"@type\":\"ImageObject\",\"inLanguage\":\"pt-BR\",\"@id\":\"https:\\\/\\\/lurdinha.org\\\/site\\\/dancarino-de-caxias-conquista-premio-da-funarte\\\/#primaryimage\",\"url\":\"https:\\\/\\\/lurdinha.org\\\/site\\\/wp-content\\\/uploads\\\/foto_Agatha_Marinho.jpg\",\"contentUrl\":\"https:\\\/\\\/lurdinha.org\\\/site\\\/wp-content\\\/uploads\\\/foto_Agatha_Marinho.jpg\",\"width\":600,\"height\":400},{\"@type\":\"BreadcrumbList\",\"@id\":\"https:\\\/\\\/lurdinha.org\\\/site\\\/dancarino-de-caxias-conquista-premio-da-funarte\\\/#breadcrumb\",\"itemListElement\":[{\"@type\":\"ListItem\",\"position\":1,\"name\":\"In\u00edcio\",\"item\":\"https:\\\/\\\/lurdinha.org\\\/site\\\/\"},{\"@type\":\"ListItem\",\"position\":2,\"name\":\"Dan\u00e7arino de Caxias conquista pr\u00eamio da Funarte\"}]},{\"@type\":\"WebSite\",\"@id\":\"https:\\\/\\\/lurdinha.org\\\/site\\\/#website\",\"url\":\"https:\\\/\\\/lurdinha.org\\\/site\\\/\",\"name\":\"Lurdinha - Duque de Caxias para Est\u00f4magos Fortes\",\"description\":\"Site sobre Arte, Cultura, Pol\u00edtica, Sociedade e curiosidades da cidade de Duque de Caxias, RJ\",\"publisher\":{\"@id\":\"https:\\\/\\\/lurdinha.org\\\/site\\\/#organization\"},\"alternateName\":\"Lurdinha\",\"potentialAction\":[{\"@type\":\"SearchAction\",\"target\":{\"@type\":\"EntryPoint\",\"urlTemplate\":\"https:\\\/\\\/lurdinha.org\\\/site\\\/?s={search_term_string}\"},\"query-input\":{\"@type\":\"PropertyValueSpecification\",\"valueRequired\":true,\"valueName\":\"search_term_string\"}}],\"inLanguage\":\"pt-BR\"},{\"@type\":\"Organization\",\"@id\":\"https:\\\/\\\/lurdinha.org\\\/site\\\/#organization\",\"name\":\"Lurdinha de Caxias\",\"url\":\"https:\\\/\\\/lurdinha.org\\\/site\\\/\",\"logo\":{\"@type\":\"ImageObject\",\"inLanguage\":\"pt-BR\",\"@id\":\"https:\\\/\\\/lurdinha.org\\\/site\\\/#\\\/schema\\\/logo\\\/image\\\/\",\"url\":\"https:\\\/\\\/lurdinha.org\\\/site\\\/wp-content\\\/uploads\\\/logo-lurdinha.jpg\",\"contentUrl\":\"https:\\\/\\\/lurdinha.org\\\/site\\\/wp-content\\\/uploads\\\/logo-lurdinha.jpg\",\"width\":640,\"height\":60,\"caption\":\"Lurdinha de Caxias\"},\"image\":{\"@id\":\"https:\\\/\\\/lurdinha.org\\\/site\\\/#\\\/schema\\\/logo\\\/image\\\/\"},\"sameAs\":[\"https:\\\/\\\/www.facebook.com\\\/LurdinhadeCaxias\",\"https:\\\/\\\/www.instagram.com\\\/lurdinhadecaxias\"]},{\"@type\":\"Person\",\"@id\":\"https:\\\/\\\/lurdinha.org\\\/site\\\/#\\\/schema\\\/person\\\/b833bb6a7f82598bf0e95e4c30874251\",\"name\":\"heraldo hb\",\"image\":{\"@type\":\"ImageObject\",\"inLanguage\":\"pt-BR\",\"@id\":\"https:\\\/\\\/secure.gravatar.com\\\/avatar\\\/5de9fe99c72cb6885bbdaa24b1c5738b0f673d265de18720fae7463d5f47b48d?s=96&d=mm&r=g\",\"url\":\"https:\\\/\\\/secure.gravatar.com\\\/avatar\\\/5de9fe99c72cb6885bbdaa24b1c5738b0f673d265de18720fae7463d5f47b48d?s=96&d=mm&r=g\",\"contentUrl\":\"https:\\\/\\\/secure.gravatar.com\\\/avatar\\\/5de9fe99c72cb6885bbdaa24b1c5738b0f673d265de18720fae7463d5f47b48d?s=96&d=mm&r=g\",\"caption\":\"heraldo hb\"},\"description\":\"Cineasta, animador cultural, escritor e educador nascido no s\u00e9culo XX\",\"sameAs\":[\"http:\\\/\\\/wwww.relinkare.org\",\"botocudo\",\"heraldohb\",\"relinkare\"],\"url\":\"https:\\\/\\\/lurdinha.org\\\/site\\\/author\\\/heraldohb\\\/\"}]}<\/script>\n<!-- \/ Yoast SEO plugin. -->","yoast_head_json":{"title":"Dan\u00e7arino de Caxias conquista pr\u00eamio da Funarte - Lurdinha - Duque de Caxias para Est\u00f4magos Fortes","robots":{"index":"index","follow":"follow","max-snippet":"max-snippet:-1","max-image-preview":"max-image-preview:large","max-video-preview":"max-video-preview:-1"},"canonical":"https:\/\/lurdinha.org\/site\/dancarino-de-caxias-conquista-premio-da-funarte\/","og_locale":"pt_BR","og_type":"article","og_title":"Dan\u00e7arino de Caxias conquista pr\u00eamio da Funarte - Lurdinha - Duque de Caxias para Est\u00f4magos Fortes","og_description":"O Dan\u00e7arino Contempor\u00e2neo Bruno Alarcon, foi contemplado pelo Pr\u00eamio Funarte RespirArte 2020 com o videodan\u00e7a...","og_url":"https:\/\/lurdinha.org\/site\/dancarino-de-caxias-conquista-premio-da-funarte\/","og_site_name":"Lurdinha - Duque de Caxias para Est\u00f4magos Fortes","article_publisher":"https:\/\/www.facebook.com\/LurdinhadeCaxias","article_author":"botocudo","article_published_time":"2021-01-15T15:48:46+00:00","article_modified_time":"2022-08-15T15:50:05+00:00","og_image":[{"width":600,"height":400,"url":"https:\/\/lurdinha.org\/site\/wp-content\/uploads\/foto_Agatha_Marinho.jpg","type":"image\/jpeg"}],"author":"heraldo hb","twitter_card":"summary_large_image","twitter_misc":{"Escrito por":"heraldo hb","Est. tempo de leitura":"3 minutos"},"schema":{"@context":"https:\/\/schema.org","@graph":[{"@type":"Article","@id":"https:\/\/lurdinha.org\/site\/dancarino-de-caxias-conquista-premio-da-funarte\/#article","isPartOf":{"@id":"https:\/\/lurdinha.org\/site\/dancarino-de-caxias-conquista-premio-da-funarte\/"},"author":{"name":"heraldo hb","@id":"https:\/\/lurdinha.org\/site\/#\/schema\/person\/b833bb6a7f82598bf0e95e4c30874251"},"headline":"Dan\u00e7arino de Caxias conquista pr\u00eamio da Funarte","datePublished":"2021-01-15T15:48:46+00:00","dateModified":"2022-08-15T15:50:05+00:00","mainEntityOfPage":{"@id":"https:\/\/lurdinha.org\/site\/dancarino-de-caxias-conquista-premio-da-funarte\/"},"wordCount":603,"commentCount":0,"publisher":{"@id":"https:\/\/lurdinha.org\/site\/#organization"},"image":{"@id":"https:\/\/lurdinha.org\/site\/dancarino-de-caxias-conquista-premio-da-funarte\/#primaryimage"},"thumbnailUrl":"https:\/\/lurdinha.org\/site\/wp-content\/uploads\/foto_Agatha_Marinho.jpg","keywords":["bruno alarcon","Cultura Caxias","dan\u00e7a","duque-de-caxias","Parque das Miss\u00f5es","Sa\u00edda 124 F","videodanca"],"articleSection":["gente","uma boa"],"inLanguage":"pt-BR","potentialAction":[{"@type":"CommentAction","name":"Comment","target":["https:\/\/lurdinha.org\/site\/dancarino-de-caxias-conquista-premio-da-funarte\/#respond"]}]},{"@type":"WebPage","@id":"https:\/\/lurdinha.org\/site\/dancarino-de-caxias-conquista-premio-da-funarte\/","url":"https:\/\/lurdinha.org\/site\/dancarino-de-caxias-conquista-premio-da-funarte\/","name":"Dan\u00e7arino de Caxias conquista pr\u00eamio da Funarte - Lurdinha - Duque de Caxias para Est\u00f4magos Fortes","isPartOf":{"@id":"https:\/\/lurdinha.org\/site\/#website"},"primaryImageOfPage":{"@id":"https:\/\/lurdinha.org\/site\/dancarino-de-caxias-conquista-premio-da-funarte\/#primaryimage"},"image":{"@id":"https:\/\/lurdinha.org\/site\/dancarino-de-caxias-conquista-premio-da-funarte\/#primaryimage"},"thumbnailUrl":"https:\/\/lurdinha.org\/site\/wp-content\/uploads\/foto_Agatha_Marinho.jpg","datePublished":"2021-01-15T15:48:46+00:00","dateModified":"2022-08-15T15:50:05+00:00","breadcrumb":{"@id":"https:\/\/lurdinha.org\/site\/dancarino-de-caxias-conquista-premio-da-funarte\/#breadcrumb"},"inLanguage":"pt-BR","potentialAction":[{"@type":"ReadAction","target":["https:\/\/lurdinha.org\/site\/dancarino-de-caxias-conquista-premio-da-funarte\/"]}]},{"@type":"ImageObject","inLanguage":"pt-BR","@id":"https:\/\/lurdinha.org\/site\/dancarino-de-caxias-conquista-premio-da-funarte\/#primaryimage","url":"https:\/\/lurdinha.org\/site\/wp-content\/uploads\/foto_Agatha_Marinho.jpg","contentUrl":"https:\/\/lurdinha.org\/site\/wp-content\/uploads\/foto_Agatha_Marinho.jpg","width":600,"height":400},{"@type":"BreadcrumbList","@id":"https:\/\/lurdinha.org\/site\/dancarino-de-caxias-conquista-premio-da-funarte\/#breadcrumb","itemListElement":[{"@type":"ListItem","position":1,"name":"In\u00edcio","item":"https:\/\/lurdinha.org\/site\/"},{"@type":"ListItem","position":2,"name":"Dan\u00e7arino de Caxias conquista pr\u00eamio da Funarte"}]},{"@type":"WebSite","@id":"https:\/\/lurdinha.org\/site\/#website","url":"https:\/\/lurdinha.org\/site\/","name":"Lurdinha - Duque de Caxias para Est\u00f4magos Fortes","description":"Site sobre Arte, Cultura, Pol\u00edtica, Sociedade e curiosidades da cidade de Duque de Caxias, RJ","publisher":{"@id":"https:\/\/lurdinha.org\/site\/#organization"},"alternateName":"Lurdinha","potentialAction":[{"@type":"SearchAction","target":{"@type":"EntryPoint","urlTemplate":"https:\/\/lurdinha.org\/site\/?s={search_term_string}"},"query-input":{"@type":"PropertyValueSpecification","valueRequired":true,"valueName":"search_term_string"}}],"inLanguage":"pt-BR"},{"@type":"Organization","@id":"https:\/\/lurdinha.org\/site\/#organization","name":"Lurdinha de Caxias","url":"https:\/\/lurdinha.org\/site\/","logo":{"@type":"ImageObject","inLanguage":"pt-BR","@id":"https:\/\/lurdinha.org\/site\/#\/schema\/logo\/image\/","url":"https:\/\/lurdinha.org\/site\/wp-content\/uploads\/logo-lurdinha.jpg","contentUrl":"https:\/\/lurdinha.org\/site\/wp-content\/uploads\/logo-lurdinha.jpg","width":640,"height":60,"caption":"Lurdinha de Caxias"},"image":{"@id":"https:\/\/lurdinha.org\/site\/#\/schema\/logo\/image\/"},"sameAs":["https:\/\/www.facebook.com\/LurdinhadeCaxias","https:\/\/www.instagram.com\/lurdinhadecaxias"]},{"@type":"Person","@id":"https:\/\/lurdinha.org\/site\/#\/schema\/person\/b833bb6a7f82598bf0e95e4c30874251","name":"heraldo hb","image":{"@type":"ImageObject","inLanguage":"pt-BR","@id":"https:\/\/secure.gravatar.com\/avatar\/5de9fe99c72cb6885bbdaa24b1c5738b0f673d265de18720fae7463d5f47b48d?s=96&d=mm&r=g","url":"https:\/\/secure.gravatar.com\/avatar\/5de9fe99c72cb6885bbdaa24b1c5738b0f673d265de18720fae7463d5f47b48d?s=96&d=mm&r=g","contentUrl":"https:\/\/secure.gravatar.com\/avatar\/5de9fe99c72cb6885bbdaa24b1c5738b0f673d265de18720fae7463d5f47b48d?s=96&d=mm&r=g","caption":"heraldo hb"},"description":"Cineasta, animador cultural, escritor e educador nascido no s\u00e9culo XX","sameAs":["http:\/\/wwww.relinkare.org","botocudo","heraldohb","relinkare"],"url":"https:\/\/lurdinha.org\/site\/author\/heraldohb\/"}]}},"views":924,"_links":{"self":[{"href":"https:\/\/lurdinha.org\/site\/wp-json\/wp\/v2\/posts\/10567","targetHints":{"allow":["GET"]}}],"collection":[{"href":"https:\/\/lurdinha.org\/site\/wp-json\/wp\/v2\/posts"}],"about":[{"href":"https:\/\/lurdinha.org\/site\/wp-json\/wp\/v2\/types\/post"}],"author":[{"embeddable":true,"href":"https:\/\/lurdinha.org\/site\/wp-json\/wp\/v2\/users\/2"}],"replies":[{"embeddable":true,"href":"https:\/\/lurdinha.org\/site\/wp-json\/wp\/v2\/comments?post=10567"}],"version-history":[{"count":1,"href":"https:\/\/lurdinha.org\/site\/wp-json\/wp\/v2\/posts\/10567\/revisions"}],"predecessor-version":[{"id":10569,"href":"https:\/\/lurdinha.org\/site\/wp-json\/wp\/v2\/posts\/10567\/revisions\/10569"}],"wp:featuredmedia":[{"embeddable":true,"href":"https:\/\/lurdinha.org\/site\/wp-json\/wp\/v2\/media\/10568"}],"wp:attachment":[{"href":"https:\/\/lurdinha.org\/site\/wp-json\/wp\/v2\/media?parent=10567"}],"wp:term":[{"taxonomy":"category","embeddable":true,"href":"https:\/\/lurdinha.org\/site\/wp-json\/wp\/v2\/categories?post=10567"},{"taxonomy":"post_tag","embeddable":true,"href":"https:\/\/lurdinha.org\/site\/wp-json\/wp\/v2\/tags?post=10567"}],"curies":[{"name":"wp","href":"https:\/\/api.w.org\/{rel}","templated":true}]}}