{"id":10545,"date":"2022-07-29T18:01:47","date_gmt":"2022-07-29T18:01:47","guid":{"rendered":"https:\/\/lurdinha.org\/site\/?p=10545"},"modified":"2022-07-29T18:02:22","modified_gmt":"2022-07-29T18:02:22","slug":"favela-em-pauta-lanca-o-podcast-que-papo-e-esse","status":"publish","type":"post","link":"https:\/\/lurdinha.org\/site\/favela-em-pauta-lanca-o-podcast-que-papo-e-esse\/","title":{"rendered":"Favela em Pauta lan\u00e7a o podcast \u201cQue Papo \u00e9 Esse?\u201d"},"content":{"rendered":"<p><em><strong><span dir=\"ltr\" role=\"presentation\">A produ\u00e7\u00e3o visa lan\u00e7ar diversos olhares, com abordagens espec\u00edficas, sobre um mesmo tema,<\/span><\/strong><\/em><br role=\"presentation\" \/><em><strong><span dir=\"ltr\" role=\"presentation\">escolhido a cada temporada.<\/span><\/strong><\/em><\/p>\n<p><img loading=\"lazy\" decoding=\"async\" class=\"alignnone size-full wp-image-10547\" src=\"https:\/\/lurdinha.org\/site\/wp-content\/uploads\/que-papo-e-esse.jpeg\" alt=\"podcast \u201cQue Papo \u00e9 Esse?\u201d\" width=\"1280\" height=\"719\" srcset=\"https:\/\/lurdinha.org\/site\/wp-content\/uploads\/que-papo-e-esse.jpeg 1280w, https:\/\/lurdinha.org\/site\/wp-content\/uploads\/que-papo-e-esse-300x169.jpeg 300w, https:\/\/lurdinha.org\/site\/wp-content\/uploads\/que-papo-e-esse-610x343.jpeg 610w, https:\/\/lurdinha.org\/site\/wp-content\/uploads\/que-papo-e-esse-768x431.jpeg 768w, https:\/\/lurdinha.org\/site\/wp-content\/uploads\/que-papo-e-esse-1024x575.jpeg 1024w\" sizes=\"auto, (max-width: 1280px) 100vw, 1280px\" \/><\/p>\n<p>Estreia nesta sexta-feira (29) o podcast <strong>\u201cQue Papo \u00e9 Esse?\u201d<\/strong>, uma produ\u00e7\u00e3o original do <strong>Favela em Pauta<\/strong> que abordar\u00e1 temas relacionados \u00e0s periferias, sob diversos prismas, mas trazendo a periferia para o centro. A primeira temporada conta com a parceria do Portal <strong>Lurdinha<\/strong>, <strong>Coletivo Magn\u00edfica Mundi<\/strong>, <strong>Afronte Coletivo<\/strong> e <strong>Negritar Produ\u00e7\u00f5es<\/strong>, que produziram, cada um, um epis\u00f3dio da primeira temporada em colabora\u00e7\u00e3o com o Favela em Pauta.<br \/>\nA primeira temporada do Que Papo \u00e9 Esse? conta ainda com o apoio do <strong>International Center For Journalists (ICFJ)<\/strong> e da <strong>Associa\u00e7\u00e3o Brasileira de Jornalismo Investigativo (Abraji)<\/strong>, atrav\u00e9s do programa <strong>\u201cAcelerando a Transforma\u00e7\u00e3o Digital\u201d<\/strong>.<\/p>\n<p>Na primeira temporada do podcast, o tema selecionado foi \u201cO desafio do acesso \u00e0 cultura nas periferias\u201d e para abordar esse tema, convidamos o Portal Lurdinha para destacar alguns dos aspectos que atravessam os fazedores da cultura na Baixada Fluminense.<br \/>\nTamb\u00e9m comp\u00f5e a primeira temporada a participa\u00e7\u00e3o do Coletivo Magn\u00edfica Mundi, um grupo de jornalismo compartilhado do Cerrado brasileiro que vem contar sobre outros aspectos que tornam o acesso \u00e0 cultura um desafio nas periferias de Goi\u00e2nia frente a hegemonia do sertanejo.<br \/>\nOutra organiza\u00e7\u00e3o parceira nesta primeira edi\u00e7\u00e3o do Que Papo \u00e9 Esse? \u00e9 o Afronte Coletivo, um coletivo antirracista constru\u00eddo por estudantes negros egressos da Universidade Federal de Pernambuco &#8211; UFPE que se juntou ao Favela em Pauta para falar sobre a popula\u00e7\u00e3o LGBTQIAP+ perif\u00e9rica quando o assunto \u00e9 pensar e viver a cultura na periferia.<br \/>\nE encerrando a primeira temporada, temos a contribui\u00e7\u00e3o da Negritar Produ\u00e7\u00f5es, de Bel\u00e9m do Par\u00e1, que se apresenta como uma produtora audiovisual e cultural negra, perif\u00e9rica e amaz\u00f4nica. A Negritar chega com a contribui\u00e7\u00e3o do olhar sobre a cena cultural perif\u00e9rica e negra das periferias de cantos do Norte do pa\u00eds.<\/p>\n<h3><span dir=\"ltr\" role=\"presentation\">Que Papo \u00e9 Esse? #1 &#8211; Os desafios do acesso \u00e0 cultura na Baixada Fluminense<\/span><\/h3>\n<p><iframe title=\"Spotify Embed:  Que Papo \u00e9 Esse? #1 - Os desafios do acesso \u00e0 cultura na Baixada Fluminense\" style=\"border-radius: 12px\" width=\"100%\" height=\"152\" frameborder=\"0\" allowfullscreen allow=\"autoplay; clipboard-write; encrypted-media; fullscreen; picture-in-picture\" loading=\"lazy\" src=\"https:\/\/open.spotify.com\/embed\/episode\/3d7pWB42ba1Ff9y0cVBOld?si=-BiOM6DhS0OaBzAcABl3bA&#038;utm_source=oembed&#038;nd=1\"><\/iframe><\/p>\n<p>No primeiro epis\u00f3dio, que estreia nesta sexta (29), <strong>Heraldo Bezerra, o HB<\/strong>, representante do Portal Lurdinha e o <strong>Renato Silva<\/strong>, jornalista do Favela em Pauta, autor e coordenador do projeto deste podcast, apresentam alguns dados que orientam o debate inicial, como por exemplo, dados do Instituto Brasileiro de Geografia e Estat\u00edstica &#8211; IBGE, que apontam um recorte racial em uma ponta, das mais simples, do acesso \u00e0 cultura, com 44% de pessoas negras vivendo em cidades sem cinema, contra 34% da popula\u00e7\u00e3o branca na mesma situa\u00e7\u00e3o.<br \/>\nAl\u00e9m de dados que mostram que trabalhadores da cultura foram mais rapidamente atingidos pela pandemia da covid-19.<br \/>\nA partir da\u00ed, s\u00e3o abordados tamb\u00e9m outros aspectos, como sobre o quanto \u00e9 recente o conjunto de leis que regulamenta a cultura no pa\u00eds, no Estado e, principalmente, para a regi\u00e3o, de onde HB fala com propriedade de produtor cultural, al\u00e9m de comunicador, que pouco viu recursos chegarem para a ponta que mobiliza a cultura popular em Duque de Caxias.<br \/>\nUm exemplo disso \u00e9 a popular lei Aldir Blanc, a Lei Federal 14.017, de junho de 2020, que foi respons\u00e1vel por implementar a\u00e7\u00f5es emergenciais direcionadas ao setor da cultura no \u00e2mbito nacional e, atrav\u00e9s dela, o governo federal repassou aos estados, munic\u00edpios e distrito federal o valor de 3 bilh\u00f5es de reais para serem destinados aos trabalhadores do setor cultural, que sofreram imediatamente o impacto econ\u00f4mico da pandemia em suas rendas.<\/p>\n<p>Outros pontos muito importantes s\u00e3o as falas da <strong>Alexandra M\u00e9rcia, a Mal\u00ea BXD<\/strong>, comunicadora e produtora cultural da Baixada Fluminense, que abordou sobre a produ\u00e7\u00e3o popular de cultura nas ruas. \u201cQuando a gente produz espa\u00e7os, sejam eles locais fechados ou ocupando pra\u00e7as, a gente consegue fomentar a transforma\u00e7\u00e3o desse territ\u00f3rio\u201d, comentou.<br \/>\nTamb\u00e9m tivemos o coordenador da Iniciativa PIPA, <strong>Gelson Henrique<\/strong>, que falou brevemente sobre a organiza\u00e7\u00e3o, que tem o objetivo de democratizar a distribui\u00e7\u00e3o dos recursos, conectando a filantropia \u00e0s favelas e periferias do Brasil, importante ponto de conex\u00e3o tamb\u00e9m para fazedores de cultura pelas nesses espa\u00e7os.<br \/>\nOs pr\u00f3ximos epis\u00f3dios do Que Papo \u00e9 Esse? ser\u00e3o lan\u00e7ados no perfil do Favela em Pauta, nos agregadores de podcast, nas pr\u00f3ximas sextas-feiras, \u00e0s 9h, e o pr\u00f3ximo ser\u00e1 com a Magn\u00edfica Mundi, falando sobre diferentes desafios que atravessam o acesso \u00e0 cultura nas periferias de Goi\u00e2nia. Esperamos voc\u00ea por l\u00e1!<\/p>\n","protected":false},"excerpt":{"rendered":"<p>A produ\u00e7\u00e3o visa lan\u00e7ar diversos olhares, com abordagens espec\u00edficas, sobre um mesmo tema,escolhido a cada&#8230;<\/p>\n","protected":false},"author":87,"featured_media":10547,"comment_status":"open","ping_status":"closed","sticky":false,"template":"","format":"standard","meta":{"footnotes":""},"categories":[5,4],"tags":[210,1306,1305],"class_list":["post-10545","post","type-post","status-publish","format-standard","has-post-thumbnail","hentry","category-umaboa","category-opiniao","tag-cultura","tag-favela-em-pauta","tag-que-papo-e-esse"],"yoast_head":"<!-- This site is optimized with the Yoast SEO plugin v27.5 - https:\/\/yoast.com\/product\/yoast-seo-wordpress\/ -->\n<title>Favela em Pauta lan\u00e7a o podcast \u201cQue Papo \u00e9 Esse?\u201d - Lurdinha - Duque de Caxias para Est\u00f4magos Fortes<\/title>\n<meta name=\"robots\" content=\"index, follow, max-snippet:-1, max-image-preview:large, max-video-preview:-1\" \/>\n<link rel=\"canonical\" href=\"https:\/\/lurdinha.org\/site\/favela-em-pauta-lanca-o-podcast-que-papo-e-esse\/\" \/>\n<meta property=\"og:locale\" content=\"pt_BR\" \/>\n<meta property=\"og:type\" content=\"article\" \/>\n<meta property=\"og:title\" content=\"Favela em Pauta lan\u00e7a o podcast \u201cQue Papo \u00e9 Esse?\u201d - Lurdinha - Duque de Caxias para Est\u00f4magos Fortes\" \/>\n<meta property=\"og:description\" content=\"A produ\u00e7\u00e3o visa lan\u00e7ar diversos olhares, com abordagens espec\u00edficas, sobre um mesmo tema,escolhido a cada...\" \/>\n<meta property=\"og:url\" content=\"https:\/\/lurdinha.org\/site\/favela-em-pauta-lanca-o-podcast-que-papo-e-esse\/\" \/>\n<meta property=\"og:site_name\" content=\"Lurdinha - Duque de Caxias para Est\u00f4magos Fortes\" \/>\n<meta property=\"article:publisher\" content=\"https:\/\/www.facebook.com\/LurdinhadeCaxias\" \/>\n<meta property=\"article:published_time\" content=\"2022-07-29T18:01:47+00:00\" \/>\n<meta property=\"article:modified_time\" content=\"2022-07-29T18:02:22+00:00\" \/>\n<meta property=\"og:image\" content=\"https:\/\/lurdinha.org\/site\/wp-content\/uploads\/que-papo-e-esse.jpeg\" \/>\n\t<meta property=\"og:image:width\" content=\"1280\" \/>\n\t<meta property=\"og:image:height\" content=\"719\" \/>\n\t<meta property=\"og:image:type\" content=\"image\/jpeg\" \/>\n<meta name=\"author\" content=\"Editoria\" \/>\n<meta name=\"twitter:card\" content=\"summary_large_image\" \/>\n<meta name=\"twitter:label1\" content=\"Escrito por\" \/>\n\t<meta name=\"twitter:data1\" content=\"Editoria\" \/>\n\t<meta name=\"twitter:label2\" content=\"Est. tempo de leitura\" \/>\n\t<meta name=\"twitter:data2\" content=\"4 minutos\" \/>\n<script type=\"application\/ld+json\" class=\"yoast-schema-graph\">{\"@context\":\"https:\\\/\\\/schema.org\",\"@graph\":[{\"@type\":\"Article\",\"@id\":\"https:\\\/\\\/lurdinha.org\\\/site\\\/favela-em-pauta-lanca-o-podcast-que-papo-e-esse\\\/#article\",\"isPartOf\":{\"@id\":\"https:\\\/\\\/lurdinha.org\\\/site\\\/favela-em-pauta-lanca-o-podcast-que-papo-e-esse\\\/\"},\"author\":{\"name\":\"Editoria\",\"@id\":\"https:\\\/\\\/lurdinha.org\\\/site\\\/#\\\/schema\\\/person\\\/6b0b6b83043cbaf7707ee275576b00ea\"},\"headline\":\"Favela em Pauta lan\u00e7a o podcast \u201cQue Papo \u00e9 Esse?\u201d\",\"datePublished\":\"2022-07-29T18:01:47+00:00\",\"dateModified\":\"2022-07-29T18:02:22+00:00\",\"mainEntityOfPage\":{\"@id\":\"https:\\\/\\\/lurdinha.org\\\/site\\\/favela-em-pauta-lanca-o-podcast-que-papo-e-esse\\\/\"},\"wordCount\":779,\"commentCount\":0,\"publisher\":{\"@id\":\"https:\\\/\\\/lurdinha.org\\\/site\\\/#organization\"},\"image\":{\"@id\":\"https:\\\/\\\/lurdinha.org\\\/site\\\/favela-em-pauta-lanca-o-podcast-que-papo-e-esse\\\/#primaryimage\"},\"thumbnailUrl\":\"https:\\\/\\\/lurdinha.org\\\/site\\\/wp-content\\\/uploads\\\/que-papo-e-esse.jpeg\",\"keywords\":[\"cultura\",\"favela em pauta\",\"que papo e esse\"],\"articleSection\":[\"uma boa\",\"uma opini\u00e3o\"],\"inLanguage\":\"pt-BR\",\"potentialAction\":[{\"@type\":\"CommentAction\",\"name\":\"Comment\",\"target\":[\"https:\\\/\\\/lurdinha.org\\\/site\\\/favela-em-pauta-lanca-o-podcast-que-papo-e-esse\\\/#respond\"]}]},{\"@type\":\"WebPage\",\"@id\":\"https:\\\/\\\/lurdinha.org\\\/site\\\/favela-em-pauta-lanca-o-podcast-que-papo-e-esse\\\/\",\"url\":\"https:\\\/\\\/lurdinha.org\\\/site\\\/favela-em-pauta-lanca-o-podcast-que-papo-e-esse\\\/\",\"name\":\"Favela em Pauta lan\u00e7a o podcast \u201cQue Papo \u00e9 Esse?\u201d - Lurdinha - Duque de Caxias para Est\u00f4magos Fortes\",\"isPartOf\":{\"@id\":\"https:\\\/\\\/lurdinha.org\\\/site\\\/#website\"},\"primaryImageOfPage\":{\"@id\":\"https:\\\/\\\/lurdinha.org\\\/site\\\/favela-em-pauta-lanca-o-podcast-que-papo-e-esse\\\/#primaryimage\"},\"image\":{\"@id\":\"https:\\\/\\\/lurdinha.org\\\/site\\\/favela-em-pauta-lanca-o-podcast-que-papo-e-esse\\\/#primaryimage\"},\"thumbnailUrl\":\"https:\\\/\\\/lurdinha.org\\\/site\\\/wp-content\\\/uploads\\\/que-papo-e-esse.jpeg\",\"datePublished\":\"2022-07-29T18:01:47+00:00\",\"dateModified\":\"2022-07-29T18:02:22+00:00\",\"breadcrumb\":{\"@id\":\"https:\\\/\\\/lurdinha.org\\\/site\\\/favela-em-pauta-lanca-o-podcast-que-papo-e-esse\\\/#breadcrumb\"},\"inLanguage\":\"pt-BR\",\"potentialAction\":[{\"@type\":\"ReadAction\",\"target\":[\"https:\\\/\\\/lurdinha.org\\\/site\\\/favela-em-pauta-lanca-o-podcast-que-papo-e-esse\\\/\"]}]},{\"@type\":\"ImageObject\",\"inLanguage\":\"pt-BR\",\"@id\":\"https:\\\/\\\/lurdinha.org\\\/site\\\/favela-em-pauta-lanca-o-podcast-que-papo-e-esse\\\/#primaryimage\",\"url\":\"https:\\\/\\\/lurdinha.org\\\/site\\\/wp-content\\\/uploads\\\/que-papo-e-esse.jpeg\",\"contentUrl\":\"https:\\\/\\\/lurdinha.org\\\/site\\\/wp-content\\\/uploads\\\/que-papo-e-esse.jpeg\",\"width\":1280,\"height\":719,\"caption\":\"podcast \u201cQue Papo \u00e9 Esse?\u201d\"},{\"@type\":\"BreadcrumbList\",\"@id\":\"https:\\\/\\\/lurdinha.org\\\/site\\\/favela-em-pauta-lanca-o-podcast-que-papo-e-esse\\\/#breadcrumb\",\"itemListElement\":[{\"@type\":\"ListItem\",\"position\":1,\"name\":\"In\u00edcio\",\"item\":\"https:\\\/\\\/lurdinha.org\\\/site\\\/\"},{\"@type\":\"ListItem\",\"position\":2,\"name\":\"Favela em Pauta lan\u00e7a o podcast \u201cQue Papo \u00e9 Esse?\u201d\"}]},{\"@type\":\"WebSite\",\"@id\":\"https:\\\/\\\/lurdinha.org\\\/site\\\/#website\",\"url\":\"https:\\\/\\\/lurdinha.org\\\/site\\\/\",\"name\":\"Lurdinha - Duque de Caxias para Est\u00f4magos Fortes\",\"description\":\"Site sobre Arte, Cultura, Pol\u00edtica, Sociedade e curiosidades da cidade de Duque de Caxias, RJ\",\"publisher\":{\"@id\":\"https:\\\/\\\/lurdinha.org\\\/site\\\/#organization\"},\"alternateName\":\"Lurdinha\",\"potentialAction\":[{\"@type\":\"SearchAction\",\"target\":{\"@type\":\"EntryPoint\",\"urlTemplate\":\"https:\\\/\\\/lurdinha.org\\\/site\\\/?s={search_term_string}\"},\"query-input\":{\"@type\":\"PropertyValueSpecification\",\"valueRequired\":true,\"valueName\":\"search_term_string\"}}],\"inLanguage\":\"pt-BR\"},{\"@type\":\"Organization\",\"@id\":\"https:\\\/\\\/lurdinha.org\\\/site\\\/#organization\",\"name\":\"Lurdinha de Caxias\",\"url\":\"https:\\\/\\\/lurdinha.org\\\/site\\\/\",\"logo\":{\"@type\":\"ImageObject\",\"inLanguage\":\"pt-BR\",\"@id\":\"https:\\\/\\\/lurdinha.org\\\/site\\\/#\\\/schema\\\/logo\\\/image\\\/\",\"url\":\"https:\\\/\\\/lurdinha.org\\\/site\\\/wp-content\\\/uploads\\\/logo-lurdinha.jpg\",\"contentUrl\":\"https:\\\/\\\/lurdinha.org\\\/site\\\/wp-content\\\/uploads\\\/logo-lurdinha.jpg\",\"width\":640,\"height\":60,\"caption\":\"Lurdinha de Caxias\"},\"image\":{\"@id\":\"https:\\\/\\\/lurdinha.org\\\/site\\\/#\\\/schema\\\/logo\\\/image\\\/\"},\"sameAs\":[\"https:\\\/\\\/www.facebook.com\\\/LurdinhadeCaxias\",\"https:\\\/\\\/www.instagram.com\\\/lurdinhadecaxias\"]},{\"@type\":\"Person\",\"@id\":\"https:\\\/\\\/lurdinha.org\\\/site\\\/#\\\/schema\\\/person\\\/6b0b6b83043cbaf7707ee275576b00ea\",\"name\":\"Editoria\",\"image\":{\"@type\":\"ImageObject\",\"inLanguage\":\"pt-BR\",\"@id\":\"https:\\\/\\\/secure.gravatar.com\\\/avatar\\\/0ba27ca5462d63e6c810ae4debe7159a69befcd2e33516be5bad4700d2dbfa72?s=96&d=mm&r=g\",\"url\":\"https:\\\/\\\/secure.gravatar.com\\\/avatar\\\/0ba27ca5462d63e6c810ae4debe7159a69befcd2e33516be5bad4700d2dbfa72?s=96&d=mm&r=g\",\"contentUrl\":\"https:\\\/\\\/secure.gravatar.com\\\/avatar\\\/0ba27ca5462d63e6c810ae4debe7159a69befcd2e33516be5bad4700d2dbfa72?s=96&d=mm&r=g\",\"caption\":\"Editoria\"},\"url\":\"https:\\\/\\\/lurdinha.org\\\/site\\\/author\\\/editoria\\\/\"}]}<\/script>\n<!-- \/ Yoast SEO plugin. -->","yoast_head_json":{"title":"Favela em Pauta lan\u00e7a o podcast \u201cQue Papo \u00e9 Esse?\u201d - Lurdinha - Duque de Caxias para Est\u00f4magos Fortes","robots":{"index":"index","follow":"follow","max-snippet":"max-snippet:-1","max-image-preview":"max-image-preview:large","max-video-preview":"max-video-preview:-1"},"canonical":"https:\/\/lurdinha.org\/site\/favela-em-pauta-lanca-o-podcast-que-papo-e-esse\/","og_locale":"pt_BR","og_type":"article","og_title":"Favela em Pauta lan\u00e7a o podcast \u201cQue Papo \u00e9 Esse?\u201d - Lurdinha - Duque de Caxias para Est\u00f4magos Fortes","og_description":"A produ\u00e7\u00e3o visa lan\u00e7ar diversos olhares, com abordagens espec\u00edficas, sobre um mesmo tema,escolhido a cada...","og_url":"https:\/\/lurdinha.org\/site\/favela-em-pauta-lanca-o-podcast-que-papo-e-esse\/","og_site_name":"Lurdinha - Duque de Caxias para Est\u00f4magos Fortes","article_publisher":"https:\/\/www.facebook.com\/LurdinhadeCaxias","article_published_time":"2022-07-29T18:01:47+00:00","article_modified_time":"2022-07-29T18:02:22+00:00","og_image":[{"width":1280,"height":719,"url":"https:\/\/lurdinha.org\/site\/wp-content\/uploads\/que-papo-e-esse.jpeg","type":"image\/jpeg"}],"author":"Editoria","twitter_card":"summary_large_image","twitter_misc":{"Escrito por":"Editoria","Est. tempo de leitura":"4 minutos"},"schema":{"@context":"https:\/\/schema.org","@graph":[{"@type":"Article","@id":"https:\/\/lurdinha.org\/site\/favela-em-pauta-lanca-o-podcast-que-papo-e-esse\/#article","isPartOf":{"@id":"https:\/\/lurdinha.org\/site\/favela-em-pauta-lanca-o-podcast-que-papo-e-esse\/"},"author":{"name":"Editoria","@id":"https:\/\/lurdinha.org\/site\/#\/schema\/person\/6b0b6b83043cbaf7707ee275576b00ea"},"headline":"Favela em Pauta lan\u00e7a o podcast \u201cQue Papo \u00e9 Esse?\u201d","datePublished":"2022-07-29T18:01:47+00:00","dateModified":"2022-07-29T18:02:22+00:00","mainEntityOfPage":{"@id":"https:\/\/lurdinha.org\/site\/favela-em-pauta-lanca-o-podcast-que-papo-e-esse\/"},"wordCount":779,"commentCount":0,"publisher":{"@id":"https:\/\/lurdinha.org\/site\/#organization"},"image":{"@id":"https:\/\/lurdinha.org\/site\/favela-em-pauta-lanca-o-podcast-que-papo-e-esse\/#primaryimage"},"thumbnailUrl":"https:\/\/lurdinha.org\/site\/wp-content\/uploads\/que-papo-e-esse.jpeg","keywords":["cultura","favela em pauta","que papo e esse"],"articleSection":["uma boa","uma opini\u00e3o"],"inLanguage":"pt-BR","potentialAction":[{"@type":"CommentAction","name":"Comment","target":["https:\/\/lurdinha.org\/site\/favela-em-pauta-lanca-o-podcast-que-papo-e-esse\/#respond"]}]},{"@type":"WebPage","@id":"https:\/\/lurdinha.org\/site\/favela-em-pauta-lanca-o-podcast-que-papo-e-esse\/","url":"https:\/\/lurdinha.org\/site\/favela-em-pauta-lanca-o-podcast-que-papo-e-esse\/","name":"Favela em Pauta lan\u00e7a o podcast \u201cQue Papo \u00e9 Esse?\u201d - Lurdinha - Duque de Caxias para Est\u00f4magos Fortes","isPartOf":{"@id":"https:\/\/lurdinha.org\/site\/#website"},"primaryImageOfPage":{"@id":"https:\/\/lurdinha.org\/site\/favela-em-pauta-lanca-o-podcast-que-papo-e-esse\/#primaryimage"},"image":{"@id":"https:\/\/lurdinha.org\/site\/favela-em-pauta-lanca-o-podcast-que-papo-e-esse\/#primaryimage"},"thumbnailUrl":"https:\/\/lurdinha.org\/site\/wp-content\/uploads\/que-papo-e-esse.jpeg","datePublished":"2022-07-29T18:01:47+00:00","dateModified":"2022-07-29T18:02:22+00:00","breadcrumb":{"@id":"https:\/\/lurdinha.org\/site\/favela-em-pauta-lanca-o-podcast-que-papo-e-esse\/#breadcrumb"},"inLanguage":"pt-BR","potentialAction":[{"@type":"ReadAction","target":["https:\/\/lurdinha.org\/site\/favela-em-pauta-lanca-o-podcast-que-papo-e-esse\/"]}]},{"@type":"ImageObject","inLanguage":"pt-BR","@id":"https:\/\/lurdinha.org\/site\/favela-em-pauta-lanca-o-podcast-que-papo-e-esse\/#primaryimage","url":"https:\/\/lurdinha.org\/site\/wp-content\/uploads\/que-papo-e-esse.jpeg","contentUrl":"https:\/\/lurdinha.org\/site\/wp-content\/uploads\/que-papo-e-esse.jpeg","width":1280,"height":719,"caption":"podcast \u201cQue Papo \u00e9 Esse?\u201d"},{"@type":"BreadcrumbList","@id":"https:\/\/lurdinha.org\/site\/favela-em-pauta-lanca-o-podcast-que-papo-e-esse\/#breadcrumb","itemListElement":[{"@type":"ListItem","position":1,"name":"In\u00edcio","item":"https:\/\/lurdinha.org\/site\/"},{"@type":"ListItem","position":2,"name":"Favela em Pauta lan\u00e7a o podcast \u201cQue Papo \u00e9 Esse?\u201d"}]},{"@type":"WebSite","@id":"https:\/\/lurdinha.org\/site\/#website","url":"https:\/\/lurdinha.org\/site\/","name":"Lurdinha - Duque de Caxias para Est\u00f4magos Fortes","description":"Site sobre Arte, Cultura, Pol\u00edtica, Sociedade e curiosidades da cidade de Duque de Caxias, RJ","publisher":{"@id":"https:\/\/lurdinha.org\/site\/#organization"},"alternateName":"Lurdinha","potentialAction":[{"@type":"SearchAction","target":{"@type":"EntryPoint","urlTemplate":"https:\/\/lurdinha.org\/site\/?s={search_term_string}"},"query-input":{"@type":"PropertyValueSpecification","valueRequired":true,"valueName":"search_term_string"}}],"inLanguage":"pt-BR"},{"@type":"Organization","@id":"https:\/\/lurdinha.org\/site\/#organization","name":"Lurdinha de Caxias","url":"https:\/\/lurdinha.org\/site\/","logo":{"@type":"ImageObject","inLanguage":"pt-BR","@id":"https:\/\/lurdinha.org\/site\/#\/schema\/logo\/image\/","url":"https:\/\/lurdinha.org\/site\/wp-content\/uploads\/logo-lurdinha.jpg","contentUrl":"https:\/\/lurdinha.org\/site\/wp-content\/uploads\/logo-lurdinha.jpg","width":640,"height":60,"caption":"Lurdinha de Caxias"},"image":{"@id":"https:\/\/lurdinha.org\/site\/#\/schema\/logo\/image\/"},"sameAs":["https:\/\/www.facebook.com\/LurdinhadeCaxias","https:\/\/www.instagram.com\/lurdinhadecaxias"]},{"@type":"Person","@id":"https:\/\/lurdinha.org\/site\/#\/schema\/person\/6b0b6b83043cbaf7707ee275576b00ea","name":"Editoria","image":{"@type":"ImageObject","inLanguage":"pt-BR","@id":"https:\/\/secure.gravatar.com\/avatar\/0ba27ca5462d63e6c810ae4debe7159a69befcd2e33516be5bad4700d2dbfa72?s=96&d=mm&r=g","url":"https:\/\/secure.gravatar.com\/avatar\/0ba27ca5462d63e6c810ae4debe7159a69befcd2e33516be5bad4700d2dbfa72?s=96&d=mm&r=g","contentUrl":"https:\/\/secure.gravatar.com\/avatar\/0ba27ca5462d63e6c810ae4debe7159a69befcd2e33516be5bad4700d2dbfa72?s=96&d=mm&r=g","caption":"Editoria"},"url":"https:\/\/lurdinha.org\/site\/author\/editoria\/"}]}},"views":1265,"_links":{"self":[{"href":"https:\/\/lurdinha.org\/site\/wp-json\/wp\/v2\/posts\/10545","targetHints":{"allow":["GET"]}}],"collection":[{"href":"https:\/\/lurdinha.org\/site\/wp-json\/wp\/v2\/posts"}],"about":[{"href":"https:\/\/lurdinha.org\/site\/wp-json\/wp\/v2\/types\/post"}],"author":[{"embeddable":true,"href":"https:\/\/lurdinha.org\/site\/wp-json\/wp\/v2\/users\/87"}],"replies":[{"embeddable":true,"href":"https:\/\/lurdinha.org\/site\/wp-json\/wp\/v2\/comments?post=10545"}],"version-history":[{"count":3,"href":"https:\/\/lurdinha.org\/site\/wp-json\/wp\/v2\/posts\/10545\/revisions"}],"predecessor-version":[{"id":10550,"href":"https:\/\/lurdinha.org\/site\/wp-json\/wp\/v2\/posts\/10545\/revisions\/10550"}],"wp:featuredmedia":[{"embeddable":true,"href":"https:\/\/lurdinha.org\/site\/wp-json\/wp\/v2\/media\/10547"}],"wp:attachment":[{"href":"https:\/\/lurdinha.org\/site\/wp-json\/wp\/v2\/media?parent=10545"}],"wp:term":[{"taxonomy":"category","embeddable":true,"href":"https:\/\/lurdinha.org\/site\/wp-json\/wp\/v2\/categories?post=10545"},{"taxonomy":"post_tag","embeddable":true,"href":"https:\/\/lurdinha.org\/site\/wp-json\/wp\/v2\/tags?post=10545"}],"curies":[{"name":"wp","href":"https:\/\/api.w.org\/{rel}","templated":true}]}}