{"id":10431,"date":"2022-06-13T03:41:19","date_gmt":"2022-06-13T03:41:19","guid":{"rendered":"https:\/\/lurdinha.org\/site\/?p=10431"},"modified":"2022-06-13T03:49:08","modified_gmt":"2022-06-13T03:49:08","slug":"partiu-jorge-manoel-o-jorge-cao-grande-compositor","status":"publish","type":"post","link":"https:\/\/lurdinha.org\/site\/partiu-jorge-manoel-o-jorge-cao-grande-compositor\/","title":{"rendered":"Partiu Jorge Manoel, o Jorge C\u00e3o, grande compositor"},"content":{"rendered":"<p>Uma vez sa\u00ed pra dar um bordejo ali pela 25 de Agosto, pra tomar uma cerveja, ver umas pessoas, arejar a mente p\u00f3s um daqueles dias em que o trabalho te atropela. Tava rolando nessa \u00e9poca um barzinho ali perto do Zeca, muito legal, onde dava pra conversar e onde as quintas-feiras estava parando uma galera maneira de m\u00fasica e de teatro da cidade, de conversa divertida, uma molecada boa de onda.<\/p>\n<p>Parei numa mesa onde tava o David, m\u00fasico sangue-bom toda vida, e mais uma galerinha. Da\u00ed, ele e outro cara ao lado me interpelaram com uma pergunta \u00e0 queima-roupa, logo que sentei: \u201cvoc\u00ea conheceu o Jorge Manoel, n\u00e9?\u201d Achei a princ\u00edpio que fosse uma dupla, Jorge e Manoel, mas a\u00ed o amigo do David fala que tinha certeza que eu o conheci sim; Jorge Manoel, m\u00fasico, compositor que tinha um apelido, Jorge C\u00e3o. P\u00f4, claro que sim, gritei.<\/p>\n<p>O maluco, Gabriel, era filho do cara e o motivo da pergunta tinha haver com o fato de ambos tererm descoberto uma joia e estarem chapados com ela: um disco inteiro, perdido no tempo, recheado com composi\u00e7\u00f5es de Jorge C\u00e3o e Neivaldo Menezes. E a\u00ed, o nome do Neivaldo na mesa tamb\u00e9m me trouxe v\u00e1rias lembran\u00e7as boas e danei a falar sobre os dois. Dois incr\u00edveis compositores. Neivaldo um cara apaixonante, que infelizmente morreu jovem, se n\u00e3o me engano no ano 2000.<\/p>\n<p>O filho do Jorge e mais o David tinham uma banda que tava fazendo um razo\u00e1vel sucesso naquele momento, a La Nuova, e tinham um f\u00e3-clube militante. Naquela noite eles estavam t\u00e3o fascinados pelas m\u00fasicas do disco encontrado que tinham cogitado gravar um cd com as composi\u00e7\u00f5es da dupla.<\/p>\n<p>Contei algumas hist\u00f3rias que conhecia, de como me impressionou o jeito de tocar viol\u00e3o do Jorge; falei do show Cora\u00e7\u00e3o Universal, do Neivaldo, da banda Quarto Crescente; falei como identificava um time poderoso de compositores na cidade, que al\u00e9m de Jorge C\u00e3o, inclu\u00eda a\u00ed Canth\u00eddio, Edu Costa, Ramiro, Chiquinho, Macarr\u00e3o, Bodhar, Beto, entre tantos\u2026<\/p>\n<p>Uma pena que a La Nuova terminou e n\u00e3o gravaram o tal disco. Mas fui embora feliz naquela noite, com aquela certeza que sempre trago de que o que \u00e9 bom atravessa o tempo e contagia as pessoas, independente de qualquer coisa.<\/p>\n<p>Hoje fico sabendo da partida de Jorge Manoel Oliveira Costa, o Jorge C\u00e3o, no \u00faltimo dia 10\/06, por complica\u00e7\u00f5es decorrentes de um AVC. Tinha 65 anos.<\/p>\n<p>Que v\u00e1 em paz e a fam\u00edlia ganhe conforto no cora\u00e7\u00e3o nesse momento.<\/p>\n<figure id=\"attachment_10436\" aria-describedby=\"caption-attachment-10436\" style=\"width: 800px\" class=\"wp-caption alignnone\"><img loading=\"lazy\" decoding=\"async\" class=\"wp-image-10436 size-full\" src=\"https:\/\/lurdinha.org\/site\/wp-content\/uploads\/JorgeCao.jpg\" alt=\"\" width=\"800\" height=\"1000\" srcset=\"https:\/\/lurdinha.org\/site\/wp-content\/uploads\/JorgeCao.jpg 800w, https:\/\/lurdinha.org\/site\/wp-content\/uploads\/JorgeCao-240x300.jpg 240w, https:\/\/lurdinha.org\/site\/wp-content\/uploads\/JorgeCao-610x763.jpg 610w, https:\/\/lurdinha.org\/site\/wp-content\/uploads\/JorgeCao-768x960.jpg 768w\" sizes=\"auto, (max-width: 800px) 100vw, 800px\" \/><figcaption id=\"caption-attachment-10436\" class=\"wp-caption-text\">Jorge C\u00e3o ao viol\u00e3o. Foto: autoria n\u00e3o identificada<\/figcaption><\/figure>\n<figure id=\"attachment_10434\" aria-describedby=\"caption-attachment-10434\" style=\"width: 800px\" class=\"wp-caption alignnone\"><img loading=\"lazy\" decoding=\"async\" class=\"wp-image-10434 size-full\" src=\"https:\/\/lurdinha.org\/site\/wp-content\/uploads\/canthidio-e-Jorge-Cao.jpg\" alt=\"\" width=\"800\" height=\"600\" srcset=\"https:\/\/lurdinha.org\/site\/wp-content\/uploads\/canthidio-e-Jorge-Cao.jpg 800w, https:\/\/lurdinha.org\/site\/wp-content\/uploads\/canthidio-e-Jorge-Cao-300x225.jpg 300w, https:\/\/lurdinha.org\/site\/wp-content\/uploads\/canthidio-e-Jorge-Cao-610x458.jpg 610w, https:\/\/lurdinha.org\/site\/wp-content\/uploads\/canthidio-e-Jorge-Cao-768x576.jpg 768w\" sizes=\"auto, (max-width: 800px) 100vw, 800px\" \/><figcaption id=\"caption-attachment-10434\" class=\"wp-caption-text\">Jorge C\u00e3o, \u00e0 direita, com Canth\u00eddio, Bar dos Correios, anos 80. Foto: autoria n\u00e3o identificada<\/figcaption><\/figure>\n<figure id=\"attachment_10435\" aria-describedby=\"caption-attachment-10435\" style=\"width: 800px\" class=\"wp-caption alignnone\"><img loading=\"lazy\" decoding=\"async\" class=\"wp-image-10435 size-full\" src=\"https:\/\/lurdinha.org\/site\/wp-content\/uploads\/Jorge-Cao.jpg\" alt=\"\" width=\"800\" height=\"809\" srcset=\"https:\/\/lurdinha.org\/site\/wp-content\/uploads\/Jorge-Cao.jpg 800w, https:\/\/lurdinha.org\/site\/wp-content\/uploads\/Jorge-Cao-297x300.jpg 297w, https:\/\/lurdinha.org\/site\/wp-content\/uploads\/Jorge-Cao-610x617.jpg 610w, https:\/\/lurdinha.org\/site\/wp-content\/uploads\/Jorge-Cao-768x777.jpg 768w, https:\/\/lurdinha.org\/site\/wp-content\/uploads\/Jorge-Cao-120x120.jpg 120w\" sizes=\"auto, (max-width: 800px) 100vw, 800px\" \/><figcaption id=\"caption-attachment-10435\" class=\"wp-caption-text\">Jorge C\u00e3o, em 2015. Foto do Facebook<\/figcaption><\/figure>\n<p>&nbsp;<\/p>\n","protected":false},"excerpt":{"rendered":"<p>Uma vez sa\u00ed pra dar um bordejo ali pela 25 de Agosto, pra tomar uma&#8230;<\/p>\n","protected":false},"author":2,"featured_media":10436,"comment_status":"open","ping_status":"closed","sticky":false,"template":"","format":"standard","meta":{"footnotes":""},"categories":[14,7,4],"tags":[1296],"class_list":["post-10431","post","type-post","status-publish","format-standard","has-post-thumbnail","hentry","category-gente","category-musica","category-opiniao","tag-jorge-cao"],"yoast_head":"<!-- This site is optimized with the Yoast SEO plugin v27.5 - https:\/\/yoast.com\/product\/yoast-seo-wordpress\/ -->\n<title>Partiu Jorge Manoel, o Jorge C\u00e3o, grande compositor - Lurdinha - Duque de Caxias para Est\u00f4magos Fortes<\/title>\n<meta name=\"robots\" content=\"index, follow, max-snippet:-1, max-image-preview:large, max-video-preview:-1\" \/>\n<link rel=\"canonical\" href=\"https:\/\/lurdinha.org\/site\/partiu-jorge-manoel-o-jorge-cao-grande-compositor\/\" \/>\n<meta property=\"og:locale\" content=\"pt_BR\" \/>\n<meta property=\"og:type\" content=\"article\" \/>\n<meta property=\"og:title\" content=\"Partiu Jorge Manoel, o Jorge C\u00e3o, grande compositor - Lurdinha - Duque de Caxias para Est\u00f4magos Fortes\" \/>\n<meta property=\"og:description\" content=\"Uma vez sa\u00ed pra dar um bordejo ali pela 25 de Agosto, pra tomar uma...\" \/>\n<meta property=\"og:url\" content=\"https:\/\/lurdinha.org\/site\/partiu-jorge-manoel-o-jorge-cao-grande-compositor\/\" \/>\n<meta property=\"og:site_name\" content=\"Lurdinha - Duque de Caxias para Est\u00f4magos Fortes\" \/>\n<meta property=\"article:publisher\" content=\"https:\/\/www.facebook.com\/LurdinhadeCaxias\" \/>\n<meta property=\"article:author\" content=\"botocudo\" \/>\n<meta property=\"article:published_time\" content=\"2022-06-13T03:41:19+00:00\" \/>\n<meta property=\"article:modified_time\" content=\"2022-06-13T03:49:08+00:00\" \/>\n<meta property=\"og:image\" content=\"https:\/\/lurdinha.org\/site\/wp-content\/uploads\/JorgeCao.jpg\" \/>\n\t<meta property=\"og:image:width\" content=\"800\" \/>\n\t<meta property=\"og:image:height\" content=\"1000\" \/>\n\t<meta property=\"og:image:type\" content=\"image\/jpeg\" \/>\n<meta name=\"author\" content=\"heraldo hb\" \/>\n<meta name=\"twitter:card\" content=\"summary_large_image\" \/>\n<meta name=\"twitter:label1\" content=\"Escrito por\" \/>\n\t<meta name=\"twitter:data1\" content=\"heraldo hb\" \/>\n\t<meta name=\"twitter:label2\" content=\"Est. tempo de leitura\" \/>\n\t<meta name=\"twitter:data2\" content=\"2 minutos\" \/>\n<script type=\"application\/ld+json\" class=\"yoast-schema-graph\">{\"@context\":\"https:\\\/\\\/schema.org\",\"@graph\":[{\"@type\":\"Article\",\"@id\":\"https:\\\/\\\/lurdinha.org\\\/site\\\/partiu-jorge-manoel-o-jorge-cao-grande-compositor\\\/#article\",\"isPartOf\":{\"@id\":\"https:\\\/\\\/lurdinha.org\\\/site\\\/partiu-jorge-manoel-o-jorge-cao-grande-compositor\\\/\"},\"author\":{\"name\":\"heraldo hb\",\"@id\":\"https:\\\/\\\/lurdinha.org\\\/site\\\/#\\\/schema\\\/person\\\/b833bb6a7f82598bf0e95e4c30874251\"},\"headline\":\"Partiu Jorge Manoel, o Jorge C\u00e3o, grande compositor\",\"datePublished\":\"2022-06-13T03:41:19+00:00\",\"dateModified\":\"2022-06-13T03:49:08+00:00\",\"mainEntityOfPage\":{\"@id\":\"https:\\\/\\\/lurdinha.org\\\/site\\\/partiu-jorge-manoel-o-jorge-cao-grande-compositor\\\/\"},\"wordCount\":506,\"commentCount\":0,\"publisher\":{\"@id\":\"https:\\\/\\\/lurdinha.org\\\/site\\\/#organization\"},\"image\":{\"@id\":\"https:\\\/\\\/lurdinha.org\\\/site\\\/partiu-jorge-manoel-o-jorge-cao-grande-compositor\\\/#primaryimage\"},\"thumbnailUrl\":\"https:\\\/\\\/lurdinha.org\\\/site\\\/wp-content\\\/uploads\\\/JorgeCao.jpg\",\"keywords\":[\"jorge cao\"],\"articleSection\":[\"gente\",\"m\u00fasica\",\"uma opini\u00e3o\"],\"inLanguage\":\"pt-BR\",\"potentialAction\":[{\"@type\":\"CommentAction\",\"name\":\"Comment\",\"target\":[\"https:\\\/\\\/lurdinha.org\\\/site\\\/partiu-jorge-manoel-o-jorge-cao-grande-compositor\\\/#respond\"]}]},{\"@type\":\"WebPage\",\"@id\":\"https:\\\/\\\/lurdinha.org\\\/site\\\/partiu-jorge-manoel-o-jorge-cao-grande-compositor\\\/\",\"url\":\"https:\\\/\\\/lurdinha.org\\\/site\\\/partiu-jorge-manoel-o-jorge-cao-grande-compositor\\\/\",\"name\":\"Partiu Jorge Manoel, o Jorge C\u00e3o, grande compositor - Lurdinha - Duque de Caxias para Est\u00f4magos Fortes\",\"isPartOf\":{\"@id\":\"https:\\\/\\\/lurdinha.org\\\/site\\\/#website\"},\"primaryImageOfPage\":{\"@id\":\"https:\\\/\\\/lurdinha.org\\\/site\\\/partiu-jorge-manoel-o-jorge-cao-grande-compositor\\\/#primaryimage\"},\"image\":{\"@id\":\"https:\\\/\\\/lurdinha.org\\\/site\\\/partiu-jorge-manoel-o-jorge-cao-grande-compositor\\\/#primaryimage\"},\"thumbnailUrl\":\"https:\\\/\\\/lurdinha.org\\\/site\\\/wp-content\\\/uploads\\\/JorgeCao.jpg\",\"datePublished\":\"2022-06-13T03:41:19+00:00\",\"dateModified\":\"2022-06-13T03:49:08+00:00\",\"breadcrumb\":{\"@id\":\"https:\\\/\\\/lurdinha.org\\\/site\\\/partiu-jorge-manoel-o-jorge-cao-grande-compositor\\\/#breadcrumb\"},\"inLanguage\":\"pt-BR\",\"potentialAction\":[{\"@type\":\"ReadAction\",\"target\":[\"https:\\\/\\\/lurdinha.org\\\/site\\\/partiu-jorge-manoel-o-jorge-cao-grande-compositor\\\/\"]}]},{\"@type\":\"ImageObject\",\"inLanguage\":\"pt-BR\",\"@id\":\"https:\\\/\\\/lurdinha.org\\\/site\\\/partiu-jorge-manoel-o-jorge-cao-grande-compositor\\\/#primaryimage\",\"url\":\"https:\\\/\\\/lurdinha.org\\\/site\\\/wp-content\\\/uploads\\\/JorgeCao.jpg\",\"contentUrl\":\"https:\\\/\\\/lurdinha.org\\\/site\\\/wp-content\\\/uploads\\\/JorgeCao.jpg\",\"width\":800,\"height\":1000},{\"@type\":\"BreadcrumbList\",\"@id\":\"https:\\\/\\\/lurdinha.org\\\/site\\\/partiu-jorge-manoel-o-jorge-cao-grande-compositor\\\/#breadcrumb\",\"itemListElement\":[{\"@type\":\"ListItem\",\"position\":1,\"name\":\"In\u00edcio\",\"item\":\"https:\\\/\\\/lurdinha.org\\\/site\\\/\"},{\"@type\":\"ListItem\",\"position\":2,\"name\":\"Partiu Jorge Manoel, o Jorge C\u00e3o, grande compositor\"}]},{\"@type\":\"WebSite\",\"@id\":\"https:\\\/\\\/lurdinha.org\\\/site\\\/#website\",\"url\":\"https:\\\/\\\/lurdinha.org\\\/site\\\/\",\"name\":\"Lurdinha - Duque de Caxias para Est\u00f4magos Fortes\",\"description\":\"Site sobre Arte, Cultura, Pol\u00edtica, Sociedade e curiosidades da cidade de Duque de Caxias, RJ\",\"publisher\":{\"@id\":\"https:\\\/\\\/lurdinha.org\\\/site\\\/#organization\"},\"alternateName\":\"Lurdinha\",\"potentialAction\":[{\"@type\":\"SearchAction\",\"target\":{\"@type\":\"EntryPoint\",\"urlTemplate\":\"https:\\\/\\\/lurdinha.org\\\/site\\\/?s={search_term_string}\"},\"query-input\":{\"@type\":\"PropertyValueSpecification\",\"valueRequired\":true,\"valueName\":\"search_term_string\"}}],\"inLanguage\":\"pt-BR\"},{\"@type\":\"Organization\",\"@id\":\"https:\\\/\\\/lurdinha.org\\\/site\\\/#organization\",\"name\":\"Lurdinha de Caxias\",\"url\":\"https:\\\/\\\/lurdinha.org\\\/site\\\/\",\"logo\":{\"@type\":\"ImageObject\",\"inLanguage\":\"pt-BR\",\"@id\":\"https:\\\/\\\/lurdinha.org\\\/site\\\/#\\\/schema\\\/logo\\\/image\\\/\",\"url\":\"https:\\\/\\\/lurdinha.org\\\/site\\\/wp-content\\\/uploads\\\/logo-lurdinha.jpg\",\"contentUrl\":\"https:\\\/\\\/lurdinha.org\\\/site\\\/wp-content\\\/uploads\\\/logo-lurdinha.jpg\",\"width\":640,\"height\":60,\"caption\":\"Lurdinha de Caxias\"},\"image\":{\"@id\":\"https:\\\/\\\/lurdinha.org\\\/site\\\/#\\\/schema\\\/logo\\\/image\\\/\"},\"sameAs\":[\"https:\\\/\\\/www.facebook.com\\\/LurdinhadeCaxias\",\"https:\\\/\\\/www.instagram.com\\\/lurdinhadecaxias\"]},{\"@type\":\"Person\",\"@id\":\"https:\\\/\\\/lurdinha.org\\\/site\\\/#\\\/schema\\\/person\\\/b833bb6a7f82598bf0e95e4c30874251\",\"name\":\"heraldo hb\",\"image\":{\"@type\":\"ImageObject\",\"inLanguage\":\"pt-BR\",\"@id\":\"https:\\\/\\\/secure.gravatar.com\\\/avatar\\\/5de9fe99c72cb6885bbdaa24b1c5738b0f673d265de18720fae7463d5f47b48d?s=96&d=mm&r=g\",\"url\":\"https:\\\/\\\/secure.gravatar.com\\\/avatar\\\/5de9fe99c72cb6885bbdaa24b1c5738b0f673d265de18720fae7463d5f47b48d?s=96&d=mm&r=g\",\"contentUrl\":\"https:\\\/\\\/secure.gravatar.com\\\/avatar\\\/5de9fe99c72cb6885bbdaa24b1c5738b0f673d265de18720fae7463d5f47b48d?s=96&d=mm&r=g\",\"caption\":\"heraldo hb\"},\"description\":\"Cineasta, animador cultural, escritor e educador nascido no s\u00e9culo XX\",\"sameAs\":[\"http:\\\/\\\/wwww.relinkare.org\",\"botocudo\",\"heraldohb\",\"relinkare\"],\"url\":\"https:\\\/\\\/lurdinha.org\\\/site\\\/author\\\/heraldohb\\\/\"}]}<\/script>\n<!-- \/ Yoast SEO plugin. -->","yoast_head_json":{"title":"Partiu Jorge Manoel, o Jorge C\u00e3o, grande compositor - Lurdinha - Duque de Caxias para Est\u00f4magos Fortes","robots":{"index":"index","follow":"follow","max-snippet":"max-snippet:-1","max-image-preview":"max-image-preview:large","max-video-preview":"max-video-preview:-1"},"canonical":"https:\/\/lurdinha.org\/site\/partiu-jorge-manoel-o-jorge-cao-grande-compositor\/","og_locale":"pt_BR","og_type":"article","og_title":"Partiu Jorge Manoel, o Jorge C\u00e3o, grande compositor - Lurdinha - Duque de Caxias para Est\u00f4magos Fortes","og_description":"Uma vez sa\u00ed pra dar um bordejo ali pela 25 de Agosto, pra tomar uma...","og_url":"https:\/\/lurdinha.org\/site\/partiu-jorge-manoel-o-jorge-cao-grande-compositor\/","og_site_name":"Lurdinha - Duque de Caxias para Est\u00f4magos Fortes","article_publisher":"https:\/\/www.facebook.com\/LurdinhadeCaxias","article_author":"botocudo","article_published_time":"2022-06-13T03:41:19+00:00","article_modified_time":"2022-06-13T03:49:08+00:00","og_image":[{"width":800,"height":1000,"url":"https:\/\/lurdinha.org\/site\/wp-content\/uploads\/JorgeCao.jpg","type":"image\/jpeg"}],"author":"heraldo hb","twitter_card":"summary_large_image","twitter_misc":{"Escrito por":"heraldo hb","Est. tempo de leitura":"2 minutos"},"schema":{"@context":"https:\/\/schema.org","@graph":[{"@type":"Article","@id":"https:\/\/lurdinha.org\/site\/partiu-jorge-manoel-o-jorge-cao-grande-compositor\/#article","isPartOf":{"@id":"https:\/\/lurdinha.org\/site\/partiu-jorge-manoel-o-jorge-cao-grande-compositor\/"},"author":{"name":"heraldo hb","@id":"https:\/\/lurdinha.org\/site\/#\/schema\/person\/b833bb6a7f82598bf0e95e4c30874251"},"headline":"Partiu Jorge Manoel, o Jorge C\u00e3o, grande compositor","datePublished":"2022-06-13T03:41:19+00:00","dateModified":"2022-06-13T03:49:08+00:00","mainEntityOfPage":{"@id":"https:\/\/lurdinha.org\/site\/partiu-jorge-manoel-o-jorge-cao-grande-compositor\/"},"wordCount":506,"commentCount":0,"publisher":{"@id":"https:\/\/lurdinha.org\/site\/#organization"},"image":{"@id":"https:\/\/lurdinha.org\/site\/partiu-jorge-manoel-o-jorge-cao-grande-compositor\/#primaryimage"},"thumbnailUrl":"https:\/\/lurdinha.org\/site\/wp-content\/uploads\/JorgeCao.jpg","keywords":["jorge cao"],"articleSection":["gente","m\u00fasica","uma opini\u00e3o"],"inLanguage":"pt-BR","potentialAction":[{"@type":"CommentAction","name":"Comment","target":["https:\/\/lurdinha.org\/site\/partiu-jorge-manoel-o-jorge-cao-grande-compositor\/#respond"]}]},{"@type":"WebPage","@id":"https:\/\/lurdinha.org\/site\/partiu-jorge-manoel-o-jorge-cao-grande-compositor\/","url":"https:\/\/lurdinha.org\/site\/partiu-jorge-manoel-o-jorge-cao-grande-compositor\/","name":"Partiu Jorge Manoel, o Jorge C\u00e3o, grande compositor - Lurdinha - Duque de Caxias para Est\u00f4magos Fortes","isPartOf":{"@id":"https:\/\/lurdinha.org\/site\/#website"},"primaryImageOfPage":{"@id":"https:\/\/lurdinha.org\/site\/partiu-jorge-manoel-o-jorge-cao-grande-compositor\/#primaryimage"},"image":{"@id":"https:\/\/lurdinha.org\/site\/partiu-jorge-manoel-o-jorge-cao-grande-compositor\/#primaryimage"},"thumbnailUrl":"https:\/\/lurdinha.org\/site\/wp-content\/uploads\/JorgeCao.jpg","datePublished":"2022-06-13T03:41:19+00:00","dateModified":"2022-06-13T03:49:08+00:00","breadcrumb":{"@id":"https:\/\/lurdinha.org\/site\/partiu-jorge-manoel-o-jorge-cao-grande-compositor\/#breadcrumb"},"inLanguage":"pt-BR","potentialAction":[{"@type":"ReadAction","target":["https:\/\/lurdinha.org\/site\/partiu-jorge-manoel-o-jorge-cao-grande-compositor\/"]}]},{"@type":"ImageObject","inLanguage":"pt-BR","@id":"https:\/\/lurdinha.org\/site\/partiu-jorge-manoel-o-jorge-cao-grande-compositor\/#primaryimage","url":"https:\/\/lurdinha.org\/site\/wp-content\/uploads\/JorgeCao.jpg","contentUrl":"https:\/\/lurdinha.org\/site\/wp-content\/uploads\/JorgeCao.jpg","width":800,"height":1000},{"@type":"BreadcrumbList","@id":"https:\/\/lurdinha.org\/site\/partiu-jorge-manoel-o-jorge-cao-grande-compositor\/#breadcrumb","itemListElement":[{"@type":"ListItem","position":1,"name":"In\u00edcio","item":"https:\/\/lurdinha.org\/site\/"},{"@type":"ListItem","position":2,"name":"Partiu Jorge Manoel, o Jorge C\u00e3o, grande compositor"}]},{"@type":"WebSite","@id":"https:\/\/lurdinha.org\/site\/#website","url":"https:\/\/lurdinha.org\/site\/","name":"Lurdinha - Duque de Caxias para Est\u00f4magos Fortes","description":"Site sobre Arte, Cultura, Pol\u00edtica, Sociedade e curiosidades da cidade de Duque de Caxias, RJ","publisher":{"@id":"https:\/\/lurdinha.org\/site\/#organization"},"alternateName":"Lurdinha","potentialAction":[{"@type":"SearchAction","target":{"@type":"EntryPoint","urlTemplate":"https:\/\/lurdinha.org\/site\/?s={search_term_string}"},"query-input":{"@type":"PropertyValueSpecification","valueRequired":true,"valueName":"search_term_string"}}],"inLanguage":"pt-BR"},{"@type":"Organization","@id":"https:\/\/lurdinha.org\/site\/#organization","name":"Lurdinha de Caxias","url":"https:\/\/lurdinha.org\/site\/","logo":{"@type":"ImageObject","inLanguage":"pt-BR","@id":"https:\/\/lurdinha.org\/site\/#\/schema\/logo\/image\/","url":"https:\/\/lurdinha.org\/site\/wp-content\/uploads\/logo-lurdinha.jpg","contentUrl":"https:\/\/lurdinha.org\/site\/wp-content\/uploads\/logo-lurdinha.jpg","width":640,"height":60,"caption":"Lurdinha de Caxias"},"image":{"@id":"https:\/\/lurdinha.org\/site\/#\/schema\/logo\/image\/"},"sameAs":["https:\/\/www.facebook.com\/LurdinhadeCaxias","https:\/\/www.instagram.com\/lurdinhadecaxias"]},{"@type":"Person","@id":"https:\/\/lurdinha.org\/site\/#\/schema\/person\/b833bb6a7f82598bf0e95e4c30874251","name":"heraldo hb","image":{"@type":"ImageObject","inLanguage":"pt-BR","@id":"https:\/\/secure.gravatar.com\/avatar\/5de9fe99c72cb6885bbdaa24b1c5738b0f673d265de18720fae7463d5f47b48d?s=96&d=mm&r=g","url":"https:\/\/secure.gravatar.com\/avatar\/5de9fe99c72cb6885bbdaa24b1c5738b0f673d265de18720fae7463d5f47b48d?s=96&d=mm&r=g","contentUrl":"https:\/\/secure.gravatar.com\/avatar\/5de9fe99c72cb6885bbdaa24b1c5738b0f673d265de18720fae7463d5f47b48d?s=96&d=mm&r=g","caption":"heraldo hb"},"description":"Cineasta, animador cultural, escritor e educador nascido no s\u00e9culo XX","sameAs":["http:\/\/wwww.relinkare.org","botocudo","heraldohb","relinkare"],"url":"https:\/\/lurdinha.org\/site\/author\/heraldohb\/"}]}},"views":1315,"_links":{"self":[{"href":"https:\/\/lurdinha.org\/site\/wp-json\/wp\/v2\/posts\/10431","targetHints":{"allow":["GET"]}}],"collection":[{"href":"https:\/\/lurdinha.org\/site\/wp-json\/wp\/v2\/posts"}],"about":[{"href":"https:\/\/lurdinha.org\/site\/wp-json\/wp\/v2\/types\/post"}],"author":[{"embeddable":true,"href":"https:\/\/lurdinha.org\/site\/wp-json\/wp\/v2\/users\/2"}],"replies":[{"embeddable":true,"href":"https:\/\/lurdinha.org\/site\/wp-json\/wp\/v2\/comments?post=10431"}],"version-history":[{"count":4,"href":"https:\/\/lurdinha.org\/site\/wp-json\/wp\/v2\/posts\/10431\/revisions"}],"predecessor-version":[{"id":10438,"href":"https:\/\/lurdinha.org\/site\/wp-json\/wp\/v2\/posts\/10431\/revisions\/10438"}],"wp:featuredmedia":[{"embeddable":true,"href":"https:\/\/lurdinha.org\/site\/wp-json\/wp\/v2\/media\/10436"}],"wp:attachment":[{"href":"https:\/\/lurdinha.org\/site\/wp-json\/wp\/v2\/media?parent=10431"}],"wp:term":[{"taxonomy":"category","embeddable":true,"href":"https:\/\/lurdinha.org\/site\/wp-json\/wp\/v2\/categories?post=10431"},{"taxonomy":"post_tag","embeddable":true,"href":"https:\/\/lurdinha.org\/site\/wp-json\/wp\/v2\/tags?post=10431"}],"curies":[{"name":"wp","href":"https:\/\/api.w.org\/{rel}","templated":true}]}}