{"id":10391,"date":"2022-05-31T03:01:20","date_gmt":"2022-05-31T03:01:20","guid":{"rendered":"https:\/\/lurdinha.org\/site\/?p=10391"},"modified":"2022-05-31T04:24:32","modified_gmt":"2022-05-31T04:24:32","slug":"milton-goncalves-o-ativista-das-causas-da-cor-preta","status":"publish","type":"post","link":"https:\/\/lurdinha.org\/site\/milton-goncalves-o-ativista-das-causas-da-cor-preta\/","title":{"rendered":"Milton Gon\u00e7alves, o ativista das causas da cor preta!"},"content":{"rendered":"<p><img loading=\"lazy\" decoding=\"async\" class=\"alignnone size-full wp-image-10393\" src=\"https:\/\/lurdinha.org\/site\/wp-content\/uploads\/milton-goncalves.jpeg\" alt=\"Milton Gon\u00e7alves\" width=\"800\" height=\"600\" srcset=\"https:\/\/lurdinha.org\/site\/wp-content\/uploads\/milton-goncalves.jpeg 800w, https:\/\/lurdinha.org\/site\/wp-content\/uploads\/milton-goncalves-300x225.jpeg 300w, https:\/\/lurdinha.org\/site\/wp-content\/uploads\/milton-goncalves-610x458.jpeg 610w, https:\/\/lurdinha.org\/site\/wp-content\/uploads\/milton-goncalves-768x576.jpeg 768w\" sizes=\"auto, (max-width: 800px) 100vw, 800px\" \/><\/p>\n<p>Quero resgatar aqui o griot, o irm\u00e3o que marchou com nosso povo na Marcha Contra a \u201cFarsa da Aboli\u00e7\u00e3o, Nada Mudou Vamos Mudar\u201d, em 11 de maio de 1988, no Rio de Janeiro. Foi a\u00ed que o conheci pessoalmente, dialogando sempre, colocando seu corpo de resist\u00eancia, tamb\u00e9m no enfrentamento as for\u00e7as opressoras. Novamente e sempre em v\u00e1rios outros cen\u00e1rios de lutas contra o racismo estrutural, pelos nossos corpos negros e negras.<\/p>\n<p>Presen\u00e7a marcante tamb\u00e9m nas plen\u00e1rias, encontros em defesa das artes populares, urbanas e perif\u00e9ricas. Presen\u00e7a marcante, na sua voz, para com di\u00e1logos estabelecer um lugar ideal, de harmonia, fundamentada em leis justas, em institui\u00e7\u00f5es que promovam acesso pol\u00edtico-econ\u00f4mico que promovam o bem-estar da coletividade.<\/p>\n<p>Em 1995, enquanto conselheira do CEDIM, eleita pelo F\u00f3rum de Mulheres da Baixada Fluminense, organizamos o \u201cTricenten\u00e1rio da Rep\u00fablica de Palmares\u201d, a exposi\u00e7\u00e3o \u201cA Mulher Negra\u201d. Quando ele me encontrava dizia que eu parecia com a filha dele, s\u00f3 n\u00e3o sei com qual delas, Catarina ou a Alda. For\u00e7a Negra para a Fam\u00edlia e Amigues. Atuando agora no Orun.<\/p>\n<p>\u00c0s\u00e9. Adup\u00e9!<\/p>\n<p><img loading=\"lazy\" decoding=\"async\" class=\"alignnone size-full wp-image-10395\" src=\"https:\/\/lurdinha.org\/site\/wp-content\/uploads\/silvia-milton-goncalves.jpg\" alt=\"\" width=\"710\" height=\"720\" srcset=\"https:\/\/lurdinha.org\/site\/wp-content\/uploads\/silvia-milton-goncalves.jpg 710w, https:\/\/lurdinha.org\/site\/wp-content\/uploads\/silvia-milton-goncalves-296x300.jpg 296w, https:\/\/lurdinha.org\/site\/wp-content\/uploads\/silvia-milton-goncalves-610x619.jpg 610w\" sizes=\"auto, (max-width: 710px) 100vw, 710px\" \/><\/p>\n","protected":false},"excerpt":{"rendered":"<p>Quero resgatar aqui o griot, o irm\u00e3o que marchou com nosso povo na Marcha Contra&#8230;<\/p>\n","protected":false},"author":72,"featured_media":10395,"comment_status":"open","ping_status":"closed","sticky":false,"template":"","format":"standard","meta":{"footnotes":""},"categories":[14,4],"tags":[],"class_list":["post-10391","post","type-post","status-publish","format-standard","has-post-thumbnail","hentry","category-gente","category-opiniao"],"yoast_head":"<!-- This site is optimized with the Yoast SEO plugin v27.5 - https:\/\/yoast.com\/product\/yoast-seo-wordpress\/ -->\n<title>Milton Gon\u00e7alves, o ativista das causas da cor preta! - Lurdinha - Duque de Caxias para Est\u00f4magos Fortes<\/title>\n<meta name=\"robots\" content=\"index, follow, max-snippet:-1, max-image-preview:large, max-video-preview:-1\" \/>\n<link rel=\"canonical\" href=\"https:\/\/lurdinha.org\/site\/milton-goncalves-o-ativista-das-causas-da-cor-preta\/\" \/>\n<meta property=\"og:locale\" content=\"pt_BR\" \/>\n<meta property=\"og:type\" content=\"article\" \/>\n<meta property=\"og:title\" content=\"Milton Gon\u00e7alves, o ativista das causas da cor preta! - Lurdinha - Duque de Caxias para Est\u00f4magos Fortes\" \/>\n<meta property=\"og:description\" content=\"Quero resgatar aqui o griot, o irm\u00e3o que marchou com nosso povo na Marcha Contra...\" \/>\n<meta property=\"og:url\" content=\"https:\/\/lurdinha.org\/site\/milton-goncalves-o-ativista-das-causas-da-cor-preta\/\" \/>\n<meta property=\"og:site_name\" content=\"Lurdinha - Duque de Caxias para Est\u00f4magos Fortes\" \/>\n<meta property=\"article:publisher\" content=\"https:\/\/www.facebook.com\/LurdinhadeCaxias\" \/>\n<meta property=\"article:published_time\" content=\"2022-05-31T03:01:20+00:00\" \/>\n<meta property=\"article:modified_time\" content=\"2022-05-31T04:24:32+00:00\" \/>\n<meta property=\"og:image\" content=\"https:\/\/lurdinha.org\/site\/wp-content\/uploads\/silvia-milton-goncalves.jpg\" \/>\n\t<meta property=\"og:image:width\" content=\"710\" \/>\n\t<meta property=\"og:image:height\" content=\"720\" \/>\n\t<meta property=\"og:image:type\" content=\"image\/jpeg\" \/>\n<meta name=\"author\" content=\"S\u00edlvia de Mendon\u00e7a\" \/>\n<meta name=\"twitter:card\" content=\"summary_large_image\" \/>\n<meta name=\"twitter:label1\" content=\"Escrito por\" \/>\n\t<meta name=\"twitter:data1\" content=\"S\u00edlvia de Mendon\u00e7a\" \/>\n\t<meta name=\"twitter:label2\" content=\"Est. tempo de leitura\" \/>\n\t<meta name=\"twitter:data2\" content=\"1 minuto\" \/>\n<script type=\"application\/ld+json\" class=\"yoast-schema-graph\">{\"@context\":\"https:\\\/\\\/schema.org\",\"@graph\":[{\"@type\":\"Article\",\"@id\":\"https:\\\/\\\/lurdinha.org\\\/site\\\/milton-goncalves-o-ativista-das-causas-da-cor-preta\\\/#article\",\"isPartOf\":{\"@id\":\"https:\\\/\\\/lurdinha.org\\\/site\\\/milton-goncalves-o-ativista-das-causas-da-cor-preta\\\/\"},\"author\":{\"name\":\"S\u00edlvia de Mendon\u00e7a\",\"@id\":\"https:\\\/\\\/lurdinha.org\\\/site\\\/#\\\/schema\\\/person\\\/b96b167df9de3d0730955ed07839768b\"},\"headline\":\"Milton Gon\u00e7alves, o ativista das causas da cor preta!\",\"datePublished\":\"2022-05-31T03:01:20+00:00\",\"dateModified\":\"2022-05-31T04:24:32+00:00\",\"mainEntityOfPage\":{\"@id\":\"https:\\\/\\\/lurdinha.org\\\/site\\\/milton-goncalves-o-ativista-das-causas-da-cor-preta\\\/\"},\"wordCount\":206,\"commentCount\":0,\"publisher\":{\"@id\":\"https:\\\/\\\/lurdinha.org\\\/site\\\/#organization\"},\"image\":{\"@id\":\"https:\\\/\\\/lurdinha.org\\\/site\\\/milton-goncalves-o-ativista-das-causas-da-cor-preta\\\/#primaryimage\"},\"thumbnailUrl\":\"https:\\\/\\\/lurdinha.org\\\/site\\\/wp-content\\\/uploads\\\/silvia-milton-goncalves.jpg\",\"articleSection\":[\"gente\",\"uma opini\u00e3o\"],\"inLanguage\":\"pt-BR\",\"potentialAction\":[{\"@type\":\"CommentAction\",\"name\":\"Comment\",\"target\":[\"https:\\\/\\\/lurdinha.org\\\/site\\\/milton-goncalves-o-ativista-das-causas-da-cor-preta\\\/#respond\"]}]},{\"@type\":\"WebPage\",\"@id\":\"https:\\\/\\\/lurdinha.org\\\/site\\\/milton-goncalves-o-ativista-das-causas-da-cor-preta\\\/\",\"url\":\"https:\\\/\\\/lurdinha.org\\\/site\\\/milton-goncalves-o-ativista-das-causas-da-cor-preta\\\/\",\"name\":\"Milton Gon\u00e7alves, o ativista das causas da cor preta! - Lurdinha - Duque de Caxias para Est\u00f4magos Fortes\",\"isPartOf\":{\"@id\":\"https:\\\/\\\/lurdinha.org\\\/site\\\/#website\"},\"primaryImageOfPage\":{\"@id\":\"https:\\\/\\\/lurdinha.org\\\/site\\\/milton-goncalves-o-ativista-das-causas-da-cor-preta\\\/#primaryimage\"},\"image\":{\"@id\":\"https:\\\/\\\/lurdinha.org\\\/site\\\/milton-goncalves-o-ativista-das-causas-da-cor-preta\\\/#primaryimage\"},\"thumbnailUrl\":\"https:\\\/\\\/lurdinha.org\\\/site\\\/wp-content\\\/uploads\\\/silvia-milton-goncalves.jpg\",\"datePublished\":\"2022-05-31T03:01:20+00:00\",\"dateModified\":\"2022-05-31T04:24:32+00:00\",\"breadcrumb\":{\"@id\":\"https:\\\/\\\/lurdinha.org\\\/site\\\/milton-goncalves-o-ativista-das-causas-da-cor-preta\\\/#breadcrumb\"},\"inLanguage\":\"pt-BR\",\"potentialAction\":[{\"@type\":\"ReadAction\",\"target\":[\"https:\\\/\\\/lurdinha.org\\\/site\\\/milton-goncalves-o-ativista-das-causas-da-cor-preta\\\/\"]}]},{\"@type\":\"ImageObject\",\"inLanguage\":\"pt-BR\",\"@id\":\"https:\\\/\\\/lurdinha.org\\\/site\\\/milton-goncalves-o-ativista-das-causas-da-cor-preta\\\/#primaryimage\",\"url\":\"https:\\\/\\\/lurdinha.org\\\/site\\\/wp-content\\\/uploads\\\/silvia-milton-goncalves.jpg\",\"contentUrl\":\"https:\\\/\\\/lurdinha.org\\\/site\\\/wp-content\\\/uploads\\\/silvia-milton-goncalves.jpg\",\"width\":710,\"height\":720},{\"@type\":\"BreadcrumbList\",\"@id\":\"https:\\\/\\\/lurdinha.org\\\/site\\\/milton-goncalves-o-ativista-das-causas-da-cor-preta\\\/#breadcrumb\",\"itemListElement\":[{\"@type\":\"ListItem\",\"position\":1,\"name\":\"In\u00edcio\",\"item\":\"https:\\\/\\\/lurdinha.org\\\/site\\\/\"},{\"@type\":\"ListItem\",\"position\":2,\"name\":\"Milton Gon\u00e7alves, o ativista das causas da cor preta!\"}]},{\"@type\":\"WebSite\",\"@id\":\"https:\\\/\\\/lurdinha.org\\\/site\\\/#website\",\"url\":\"https:\\\/\\\/lurdinha.org\\\/site\\\/\",\"name\":\"Lurdinha - Duque de Caxias para Est\u00f4magos Fortes\",\"description\":\"Site sobre Arte, Cultura, Pol\u00edtica, Sociedade e curiosidades da cidade de Duque de Caxias, RJ\",\"publisher\":{\"@id\":\"https:\\\/\\\/lurdinha.org\\\/site\\\/#organization\"},\"alternateName\":\"Lurdinha\",\"potentialAction\":[{\"@type\":\"SearchAction\",\"target\":{\"@type\":\"EntryPoint\",\"urlTemplate\":\"https:\\\/\\\/lurdinha.org\\\/site\\\/?s={search_term_string}\"},\"query-input\":{\"@type\":\"PropertyValueSpecification\",\"valueRequired\":true,\"valueName\":\"search_term_string\"}}],\"inLanguage\":\"pt-BR\"},{\"@type\":\"Organization\",\"@id\":\"https:\\\/\\\/lurdinha.org\\\/site\\\/#organization\",\"name\":\"Lurdinha de Caxias\",\"url\":\"https:\\\/\\\/lurdinha.org\\\/site\\\/\",\"logo\":{\"@type\":\"ImageObject\",\"inLanguage\":\"pt-BR\",\"@id\":\"https:\\\/\\\/lurdinha.org\\\/site\\\/#\\\/schema\\\/logo\\\/image\\\/\",\"url\":\"https:\\\/\\\/lurdinha.org\\\/site\\\/wp-content\\\/uploads\\\/logo-lurdinha.jpg\",\"contentUrl\":\"https:\\\/\\\/lurdinha.org\\\/site\\\/wp-content\\\/uploads\\\/logo-lurdinha.jpg\",\"width\":640,\"height\":60,\"caption\":\"Lurdinha de Caxias\"},\"image\":{\"@id\":\"https:\\\/\\\/lurdinha.org\\\/site\\\/#\\\/schema\\\/logo\\\/image\\\/\"},\"sameAs\":[\"https:\\\/\\\/www.facebook.com\\\/LurdinhadeCaxias\",\"https:\\\/\\\/www.instagram.com\\\/lurdinhadecaxias\"]},{\"@type\":\"Person\",\"@id\":\"https:\\\/\\\/lurdinha.org\\\/site\\\/#\\\/schema\\\/person\\\/b96b167df9de3d0730955ed07839768b\",\"name\":\"S\u00edlvia de Mendon\u00e7a\",\"image\":{\"@type\":\"ImageObject\",\"inLanguage\":\"pt-BR\",\"@id\":\"https:\\\/\\\/secure.gravatar.com\\\/avatar\\\/fffbf622b9949890c0b8be45889258aed34024e701a40971792f2a81c1c0e19f?s=96&d=mm&r=g\",\"url\":\"https:\\\/\\\/secure.gravatar.com\\\/avatar\\\/fffbf622b9949890c0b8be45889258aed34024e701a40971792f2a81c1c0e19f?s=96&d=mm&r=g\",\"contentUrl\":\"https:\\\/\\\/secure.gravatar.com\\\/avatar\\\/fffbf622b9949890c0b8be45889258aed34024e701a40971792f2a81c1c0e19f?s=96&d=mm&r=g\",\"caption\":\"S\u00edlvia de Mendon\u00e7a\"},\"description\":\"Formada em jornalismo e produ\u00e7\u00e3o cultural, S\u00edlvia de Mendon\u00e7a tamb\u00e9m \u00e9 atriz e ativista do Movimento Negro Unificado (MNU). Tamb\u00e9m tem presen\u00e7a nas lutas contra intoler\u00e2ncia religiosa, juventude negra e direitos humanos.\",\"url\":\"https:\\\/\\\/lurdinha.org\\\/site\\\/author\\\/silvia\\\/\"}]}<\/script>\n<!-- \/ Yoast SEO plugin. -->","yoast_head_json":{"title":"Milton Gon\u00e7alves, o ativista das causas da cor preta! - Lurdinha - Duque de Caxias para Est\u00f4magos Fortes","robots":{"index":"index","follow":"follow","max-snippet":"max-snippet:-1","max-image-preview":"max-image-preview:large","max-video-preview":"max-video-preview:-1"},"canonical":"https:\/\/lurdinha.org\/site\/milton-goncalves-o-ativista-das-causas-da-cor-preta\/","og_locale":"pt_BR","og_type":"article","og_title":"Milton Gon\u00e7alves, o ativista das causas da cor preta! - Lurdinha - Duque de Caxias para Est\u00f4magos Fortes","og_description":"Quero resgatar aqui o griot, o irm\u00e3o que marchou com nosso povo na Marcha Contra...","og_url":"https:\/\/lurdinha.org\/site\/milton-goncalves-o-ativista-das-causas-da-cor-preta\/","og_site_name":"Lurdinha - Duque de Caxias para Est\u00f4magos Fortes","article_publisher":"https:\/\/www.facebook.com\/LurdinhadeCaxias","article_published_time":"2022-05-31T03:01:20+00:00","article_modified_time":"2022-05-31T04:24:32+00:00","og_image":[{"width":710,"height":720,"url":"https:\/\/lurdinha.org\/site\/wp-content\/uploads\/silvia-milton-goncalves.jpg","type":"image\/jpeg"}],"author":"S\u00edlvia de Mendon\u00e7a","twitter_card":"summary_large_image","twitter_misc":{"Escrito por":"S\u00edlvia de Mendon\u00e7a","Est. tempo de leitura":"1 minuto"},"schema":{"@context":"https:\/\/schema.org","@graph":[{"@type":"Article","@id":"https:\/\/lurdinha.org\/site\/milton-goncalves-o-ativista-das-causas-da-cor-preta\/#article","isPartOf":{"@id":"https:\/\/lurdinha.org\/site\/milton-goncalves-o-ativista-das-causas-da-cor-preta\/"},"author":{"name":"S\u00edlvia de Mendon\u00e7a","@id":"https:\/\/lurdinha.org\/site\/#\/schema\/person\/b96b167df9de3d0730955ed07839768b"},"headline":"Milton Gon\u00e7alves, o ativista das causas da cor preta!","datePublished":"2022-05-31T03:01:20+00:00","dateModified":"2022-05-31T04:24:32+00:00","mainEntityOfPage":{"@id":"https:\/\/lurdinha.org\/site\/milton-goncalves-o-ativista-das-causas-da-cor-preta\/"},"wordCount":206,"commentCount":0,"publisher":{"@id":"https:\/\/lurdinha.org\/site\/#organization"},"image":{"@id":"https:\/\/lurdinha.org\/site\/milton-goncalves-o-ativista-das-causas-da-cor-preta\/#primaryimage"},"thumbnailUrl":"https:\/\/lurdinha.org\/site\/wp-content\/uploads\/silvia-milton-goncalves.jpg","articleSection":["gente","uma opini\u00e3o"],"inLanguage":"pt-BR","potentialAction":[{"@type":"CommentAction","name":"Comment","target":["https:\/\/lurdinha.org\/site\/milton-goncalves-o-ativista-das-causas-da-cor-preta\/#respond"]}]},{"@type":"WebPage","@id":"https:\/\/lurdinha.org\/site\/milton-goncalves-o-ativista-das-causas-da-cor-preta\/","url":"https:\/\/lurdinha.org\/site\/milton-goncalves-o-ativista-das-causas-da-cor-preta\/","name":"Milton Gon\u00e7alves, o ativista das causas da cor preta! - Lurdinha - Duque de Caxias para Est\u00f4magos Fortes","isPartOf":{"@id":"https:\/\/lurdinha.org\/site\/#website"},"primaryImageOfPage":{"@id":"https:\/\/lurdinha.org\/site\/milton-goncalves-o-ativista-das-causas-da-cor-preta\/#primaryimage"},"image":{"@id":"https:\/\/lurdinha.org\/site\/milton-goncalves-o-ativista-das-causas-da-cor-preta\/#primaryimage"},"thumbnailUrl":"https:\/\/lurdinha.org\/site\/wp-content\/uploads\/silvia-milton-goncalves.jpg","datePublished":"2022-05-31T03:01:20+00:00","dateModified":"2022-05-31T04:24:32+00:00","breadcrumb":{"@id":"https:\/\/lurdinha.org\/site\/milton-goncalves-o-ativista-das-causas-da-cor-preta\/#breadcrumb"},"inLanguage":"pt-BR","potentialAction":[{"@type":"ReadAction","target":["https:\/\/lurdinha.org\/site\/milton-goncalves-o-ativista-das-causas-da-cor-preta\/"]}]},{"@type":"ImageObject","inLanguage":"pt-BR","@id":"https:\/\/lurdinha.org\/site\/milton-goncalves-o-ativista-das-causas-da-cor-preta\/#primaryimage","url":"https:\/\/lurdinha.org\/site\/wp-content\/uploads\/silvia-milton-goncalves.jpg","contentUrl":"https:\/\/lurdinha.org\/site\/wp-content\/uploads\/silvia-milton-goncalves.jpg","width":710,"height":720},{"@type":"BreadcrumbList","@id":"https:\/\/lurdinha.org\/site\/milton-goncalves-o-ativista-das-causas-da-cor-preta\/#breadcrumb","itemListElement":[{"@type":"ListItem","position":1,"name":"In\u00edcio","item":"https:\/\/lurdinha.org\/site\/"},{"@type":"ListItem","position":2,"name":"Milton Gon\u00e7alves, o ativista das causas da cor preta!"}]},{"@type":"WebSite","@id":"https:\/\/lurdinha.org\/site\/#website","url":"https:\/\/lurdinha.org\/site\/","name":"Lurdinha - Duque de Caxias para Est\u00f4magos Fortes","description":"Site sobre Arte, Cultura, Pol\u00edtica, Sociedade e curiosidades da cidade de Duque de Caxias, RJ","publisher":{"@id":"https:\/\/lurdinha.org\/site\/#organization"},"alternateName":"Lurdinha","potentialAction":[{"@type":"SearchAction","target":{"@type":"EntryPoint","urlTemplate":"https:\/\/lurdinha.org\/site\/?s={search_term_string}"},"query-input":{"@type":"PropertyValueSpecification","valueRequired":true,"valueName":"search_term_string"}}],"inLanguage":"pt-BR"},{"@type":"Organization","@id":"https:\/\/lurdinha.org\/site\/#organization","name":"Lurdinha de Caxias","url":"https:\/\/lurdinha.org\/site\/","logo":{"@type":"ImageObject","inLanguage":"pt-BR","@id":"https:\/\/lurdinha.org\/site\/#\/schema\/logo\/image\/","url":"https:\/\/lurdinha.org\/site\/wp-content\/uploads\/logo-lurdinha.jpg","contentUrl":"https:\/\/lurdinha.org\/site\/wp-content\/uploads\/logo-lurdinha.jpg","width":640,"height":60,"caption":"Lurdinha de Caxias"},"image":{"@id":"https:\/\/lurdinha.org\/site\/#\/schema\/logo\/image\/"},"sameAs":["https:\/\/www.facebook.com\/LurdinhadeCaxias","https:\/\/www.instagram.com\/lurdinhadecaxias"]},{"@type":"Person","@id":"https:\/\/lurdinha.org\/site\/#\/schema\/person\/b96b167df9de3d0730955ed07839768b","name":"S\u00edlvia de Mendon\u00e7a","image":{"@type":"ImageObject","inLanguage":"pt-BR","@id":"https:\/\/secure.gravatar.com\/avatar\/fffbf622b9949890c0b8be45889258aed34024e701a40971792f2a81c1c0e19f?s=96&d=mm&r=g","url":"https:\/\/secure.gravatar.com\/avatar\/fffbf622b9949890c0b8be45889258aed34024e701a40971792f2a81c1c0e19f?s=96&d=mm&r=g","contentUrl":"https:\/\/secure.gravatar.com\/avatar\/fffbf622b9949890c0b8be45889258aed34024e701a40971792f2a81c1c0e19f?s=96&d=mm&r=g","caption":"S\u00edlvia de Mendon\u00e7a"},"description":"Formada em jornalismo e produ\u00e7\u00e3o cultural, S\u00edlvia de Mendon\u00e7a tamb\u00e9m \u00e9 atriz e ativista do Movimento Negro Unificado (MNU). Tamb\u00e9m tem presen\u00e7a nas lutas contra intoler\u00e2ncia religiosa, juventude negra e direitos humanos.","url":"https:\/\/lurdinha.org\/site\/author\/silvia\/"}]}},"views":1307,"_links":{"self":[{"href":"https:\/\/lurdinha.org\/site\/wp-json\/wp\/v2\/posts\/10391","targetHints":{"allow":["GET"]}}],"collection":[{"href":"https:\/\/lurdinha.org\/site\/wp-json\/wp\/v2\/posts"}],"about":[{"href":"https:\/\/lurdinha.org\/site\/wp-json\/wp\/v2\/types\/post"}],"author":[{"embeddable":true,"href":"https:\/\/lurdinha.org\/site\/wp-json\/wp\/v2\/users\/72"}],"replies":[{"embeddable":true,"href":"https:\/\/lurdinha.org\/site\/wp-json\/wp\/v2\/comments?post=10391"}],"version-history":[{"count":3,"href":"https:\/\/lurdinha.org\/site\/wp-json\/wp\/v2\/posts\/10391\/revisions"}],"predecessor-version":[{"id":10396,"href":"https:\/\/lurdinha.org\/site\/wp-json\/wp\/v2\/posts\/10391\/revisions\/10396"}],"wp:featuredmedia":[{"embeddable":true,"href":"https:\/\/lurdinha.org\/site\/wp-json\/wp\/v2\/media\/10395"}],"wp:attachment":[{"href":"https:\/\/lurdinha.org\/site\/wp-json\/wp\/v2\/media?parent=10391"}],"wp:term":[{"taxonomy":"category","embeddable":true,"href":"https:\/\/lurdinha.org\/site\/wp-json\/wp\/v2\/categories?post=10391"},{"taxonomy":"post_tag","embeddable":true,"href":"https:\/\/lurdinha.org\/site\/wp-json\/wp\/v2\/tags?post=10391"}],"curies":[{"name":"wp","href":"https:\/\/api.w.org\/{rel}","templated":true}]}}