{"id":10320,"date":"2022-05-12T16:52:46","date_gmt":"2022-05-12T16:52:46","guid":{"rendered":"https:\/\/lurdinha.org\/site\/?p=10320"},"modified":"2022-05-12T16:54:19","modified_gmt":"2022-05-12T16:54:19","slug":"alem-daquilo-que-se-ve-a-baixada-sob-a-otica-de-suas-belezas","status":"publish","type":"post","link":"https:\/\/lurdinha.org\/site\/alem-daquilo-que-se-ve-a-baixada-sob-a-otica-de-suas-belezas\/","title":{"rendered":"Al\u00e9m daquilo que se v\u00ea: a Baixada sob a \u00f3tica de suas belezas"},"content":{"rendered":"<blockquote><p>\u201cEssa regra da impunidade acabava por transformar Nova Igua\u00e7u num imenso \u201ccemit\u00e9rio\u201d, onde os trabalhadores ao sair para o trabalho e as crian\u00e7as que brincavam vivem trope\u00e7ando em cad\u00e1veres. A popula\u00e7\u00e3o passa a se acostumar com a situa\u00e7\u00e3o, justificando-a com o argumento de que seriam marginais os que est\u00e3o morrendo\u201d. (ALVES, 2003, p. 143)<\/p><\/blockquote>\n<h3><strong>Crescendo sob o estigma da viol\u00eancia na Baixada Fluminense<\/strong><\/h3>\n<p>Nasci na beira do Rio Sarapu\u00ed, em Gramacho, e cresci em meio ao verde do Terceiro Distrito, no Parque Equitativa, que em 2009 viria se tornar Reserva Biol\u00f3gica \u00b9. Sou um caxiense raiz. Duque de Caxias possui muitas belezas naturais e arquitet\u00f4nicas pouco exploradas e conhecidas por conta do estigma negativo que a Baixada Fluminense adquiriu ao longo das d\u00e9cadas, fruto de um hist\u00f3rico de viol\u00eancia e de bols\u00f5es de pobreza.<\/p>\n<figure id=\"attachment_10322\" aria-describedby=\"caption-attachment-10322\" style=\"width: 650px\" class=\"wp-caption alignnone\"><img loading=\"lazy\" decoding=\"async\" class=\"size-full wp-image-10322\" src=\"https:\/\/lurdinha.org\/site\/wp-content\/uploads\/Duque-de-Caxias-Cachoeira-do-Garrao-2021_Filipo-Tardim.jpg\" alt=\"Cachoeira do Garr\u00e3o, Duque de Caxias (2021) \u2013 Foto: Filipo Tardim\" width=\"650\" height=\"433\" srcset=\"https:\/\/lurdinha.org\/site\/wp-content\/uploads\/Duque-de-Caxias-Cachoeira-do-Garrao-2021_Filipo-Tardim.jpg 650w, https:\/\/lurdinha.org\/site\/wp-content\/uploads\/Duque-de-Caxias-Cachoeira-do-Garrao-2021_Filipo-Tardim-300x200.jpg 300w, https:\/\/lurdinha.org\/site\/wp-content\/uploads\/Duque-de-Caxias-Cachoeira-do-Garrao-2021_Filipo-Tardim-610x406.jpg 610w\" sizes=\"auto, (max-width: 650px) 100vw, 650px\" \/><figcaption id=\"caption-attachment-10322\" class=\"wp-caption-text\">Cachoeira do Garr\u00e3o, Duque de Caxias (2021) \u2013 Foto: Filipo Tardim<\/figcaption><\/figure>\n<p>&nbsp;<\/p>\n<p>&nbsp;<\/p>\n<p>No bairro que cresci, apesar de ser considerado \u201cnobre\u201d em compara\u00e7\u00e3o aos outros bairros do entorno, por causa dos s\u00edtios e casas de veraneio, cujos terrenos ocupavam quarteir\u00f5es, tamb\u00e9m havia fam\u00edlias humildes. Na \u00e9poca ainda era considerada uma \u00e1rea rural (um vizinho at\u00e9 tinha umas cabe\u00e7as de gado), um lugar tranquilo, com grama na rua de ch\u00e3o batido, mas eu ainda era pequeno quando tive o primeiro contato com a viol\u00eancia na Baixada: um vizinho, negro, fora executado e seu corpo jazia pr\u00f3ximo do terreiro da M\u00e3e Francesa (Omindareu\u00e1), que tinha umas \u00e1rvores frondosas na cal\u00e7ada e de noite era um local bem escuro. Ao longo dos anos, a viol\u00eancia eventualmente se fazia presente, quebrando a tranquilidade do lugar, distante do centro da cidade\u00b2 .<\/p>\n<figure id=\"attachment_10324\" aria-describedby=\"caption-attachment-10324\" style=\"width: 650px\" class=\"wp-caption alignnone\"><img loading=\"lazy\" decoding=\"async\" class=\"size-full wp-image-10324\" src=\"https:\/\/lurdinha.org\/site\/wp-content\/uploads\/Nova-Iguacu-Vila-de-Igoassu-2021_Filipo-Tardim.jpg\" alt=\"Vila de Igoassu, Nova Igua\u00e7u (2017) Foto: Filipo Tardim\" width=\"650\" height=\"433\" srcset=\"https:\/\/lurdinha.org\/site\/wp-content\/uploads\/Nova-Iguacu-Vila-de-Igoassu-2021_Filipo-Tardim.jpg 650w, https:\/\/lurdinha.org\/site\/wp-content\/uploads\/Nova-Iguacu-Vila-de-Igoassu-2021_Filipo-Tardim-300x200.jpg 300w, https:\/\/lurdinha.org\/site\/wp-content\/uploads\/Nova-Iguacu-Vila-de-Igoassu-2021_Filipo-Tardim-610x406.jpg 610w\" sizes=\"auto, (max-width: 650px) 100vw, 650px\" \/><figcaption id=\"caption-attachment-10324\" class=\"wp-caption-text\">Vila de Igoassu, Nova Igua\u00e7u (2017) Foto: Filipo Tardim<\/figcaption><\/figure>\n<p>Ainda na inf\u00e2ncia, presenciei uma chacina em plena pra\u00e7a do Parque Paulista, com diversos corpos de jovens mortos a pedradas. J\u00e1 era eu um jovem quando uma amiga perdeu a irm\u00e3 tamb\u00e9m numa chacina ocorrida dentro de uma resid\u00eancia, na entrada de Nova Campinas. E at\u00e9 a fase adulta vi vizinhos que cresceram comigo tamb\u00e9m perderem suas vidas para viol\u00eancia. Era sabido o envolvimento de alguns deles com assaltos, demonstrando que a concep\u00e7\u00e3o de que \u201cbandido bom \u00e9 bandido morto\u201d sempre se fez valer no territ\u00f3rio. Mas n\u00e3o d\u00e1 para constatar que todos os mortos eram bandidos. A maioria era s\u00f3 pobre e preto mesmo. Assim, posso dizer que sou um sobrevivente.<\/p>\n<p>Todo jovem da Baixada Fluminense de certa forma \u00e9 sobrevivente de uma pol\u00edtica hostil. E eu atribuo minha \u201csalva\u00e7\u00e3o\u201d \u00e0 educa\u00e7\u00e3o. Os col\u00e9gios de forma\u00e7\u00e3o de professores existentes em Caxias eram uns dos poucos lugares que ofereciam capacita\u00e7\u00e3o profissional aos jovens de baixa renda no final da d\u00e9cada de 90. Com pais humildes, vindos da ro\u00e7a, do interior do estado, foi a educa\u00e7\u00e3o que deu uma guinada na minha vida. Fui estudar pra ser professor.<\/p>\n<h3>Um outro olhar<\/h3>\n<p>Minha paix\u00e3o por fotografia come\u00e7ou ainda na inf\u00e2ncia, ao ganhar uma c\u00e2mera manual com flash externo que queimava a maioria das fotos tiradas nos filmes de 12 poses, que era o que dava para comprar na \u00e9poca. At\u00e9 hoje guardo alguns negativos. Mais tarde, j\u00e1 na era da fotografia digital, e j\u00e1 professor da rede municipal, comprei minha primeira c\u00e2mera, de \u2018incr\u00edveis\u2019 5 Megapixels. Foi com ela que tirei as primeiras fotos ao ir para o Centro de Refer\u00eancia Patrimonial e Hist\u00f3rico de Duque de Caxias e Baixada Fluminense (CRPH) em 2010.<\/p>\n<p>O CRPH \u00e9 uma das institui\u00e7\u00f5es que gerenciam o Museu Vivo do S\u00e3o Bento (MVSB), um Ecomuseu de Percurso, o primeiro institu\u00eddo na Baixada Fluminense. O MVSB est\u00e1 localizado no segundo distrito de Duque de Caxias, no bairro S\u00e3o Bento, no territ\u00f3rio da antiga Fazenda do Igua\u00e7u, lugar de origem da ocupa\u00e7\u00e3o portuguesa na regi\u00e3o. \u00c9 o CRPH que, no \u00e2mbito da Secretaria Municipal de Educa\u00e7\u00e3o, oferece forma\u00e7\u00e3o para professores sobre a hist\u00f3ria local, seja atrav\u00e9s de grupos de estudos (GEs) nas escolas que solicitam, seja atrav\u00e9s do curso de hist\u00f3ria da Baixada. Foi a partir desses cursos que comecei a conhecer n\u00e3o s\u00f3 a hist\u00f3ria, como tamb\u00e9m as belezas da Baixada Fluminense, visitando os locais por meio de estudos de campo.<\/p>\n<figure id=\"attachment_10325\" aria-describedby=\"caption-attachment-10325\" style=\"width: 650px\" class=\"wp-caption alignnone\"><img loading=\"lazy\" decoding=\"async\" class=\"size-full wp-image-10325\" src=\"https:\/\/lurdinha.org\/site\/wp-content\/uploads\/Mage-Praia-de-Piedade-2014_Filipo-Tardim.jpg\" alt=\"Praia de Piedade, Mag\u00e9 (2014) Foto: Filipo Tardim\" width=\"650\" height=\"433\" srcset=\"https:\/\/lurdinha.org\/site\/wp-content\/uploads\/Mage-Praia-de-Piedade-2014_Filipo-Tardim.jpg 650w, https:\/\/lurdinha.org\/site\/wp-content\/uploads\/Mage-Praia-de-Piedade-2014_Filipo-Tardim-300x200.jpg 300w, https:\/\/lurdinha.org\/site\/wp-content\/uploads\/Mage-Praia-de-Piedade-2014_Filipo-Tardim-610x406.jpg 610w\" sizes=\"auto, (max-width: 650px) 100vw, 650px\" \/><figcaption id=\"caption-attachment-10325\" class=\"wp-caption-text\">Praia de Piedade, Mag\u00e9 (2014) Foto: Filipo Tardim<\/figcaption><\/figure>\n<p>&nbsp;<\/p>\n<p>Na medida em que meu trabalho foi se desenvolvendo nessa institui\u00e7\u00e3o, percebi que precisava de melhores equipamentos e comecei a investir. De 5 MP parti para uma, ainda de bolso, de 14 MP, a qual me rendeu algumas fotos que viriam a compor a exposi\u00e7\u00e3o fotogr\u00e1fica itinerante \u201cLentes da Mem\u00f3ria\u201d . Depois tive a oportunidade de adquirir uma superzoom de segunda m\u00e3o e finalmente, no final de 2013, consegui comprar minha primeira DSRL, que me proporcionou, junto aos estudos de campo do CRPH, bel\u00edssimas fotos da minha t\u00e3o amada Baixada Fluminense. A ideia da exposi\u00e7\u00e3o anteriormente mencionada era de mostrar registros fotogr\u00e1ficos que buscavam reverter a vis\u00e3o estigmatizada da Baixada como lugar da viol\u00eancia e pobreza, de modo a valorizar a identidade e cultura local. A Baixada \u00e9 linda, e temos o que mostrar!<\/p>\n<p><em><strong>*<a href=\"https:\/\/lurdinha.org\/site\/author\/filipo\/\">Filipo Tardim<\/a>, mestre em Letras pela Universidade Federal Rural do Rio de Janeiro, professor da Rede Municipal de Duque de Caxias e militante da educa\u00e7\u00e3o e meio ambiente.<\/strong><\/em><\/p>\n<p>&nbsp;<\/p>\n<p><strong>Notas:<\/strong><\/p>\n<p>1 \u2013 Criada justamente na tentativa de preservar a floresta, suas nascentes e sua fauna da especula\u00e7\u00e3o imobili\u00e1ria e extrativismo mineral. Para mais informa\u00e7\u00f5es sobre a REBIO Equitativa, recomendo o livro \u201cUnidades de conserva\u00e7\u00e3o: com um estudo dedicado \u00e0 Reserva Biol\u00f3gica Equitativa\u201d, de Samuel Maia.<\/p>\n<p>2 \u2013 Sobre o assunto, recomendo a leitura do livro \u201cDos Bar\u00f5es ao Exterm\u00ednio: uma hist\u00f3ria da viol\u00eancia na Baixada Fluminense\u201d, de Jos\u00e9 Cl\u00e1udio Souza Alves.<\/p>\n<p>&nbsp;<\/p>\n","protected":false},"excerpt":{"rendered":"<p>\u201cEssa regra da impunidade acabava por transformar Nova Igua\u00e7u num imenso \u201ccemit\u00e9rio\u201d, onde os trabalhadores&#8230;<\/p>\n","protected":false},"author":51,"featured_media":10322,"comment_status":"open","ping_status":"closed","sticky":false,"template":"","format":"standard","meta":{"footnotes":""},"categories":[3,4],"tags":[],"class_list":["post-10320","post","type-post","status-publish","format-standard","has-post-thumbnail","hentry","category-clique","category-opiniao"],"yoast_head":"<!-- This site is optimized with the Yoast SEO plugin v27.5 - https:\/\/yoast.com\/product\/yoast-seo-wordpress\/ -->\n<title>Al\u00e9m daquilo que se v\u00ea: a Baixada sob a \u00f3tica de suas belezas - Lurdinha - Duque de Caxias para Est\u00f4magos Fortes<\/title>\n<meta name=\"robots\" content=\"index, follow, max-snippet:-1, max-image-preview:large, max-video-preview:-1\" \/>\n<link rel=\"canonical\" href=\"https:\/\/lurdinha.org\/site\/alem-daquilo-que-se-ve-a-baixada-sob-a-otica-de-suas-belezas\/\" \/>\n<meta property=\"og:locale\" content=\"pt_BR\" \/>\n<meta property=\"og:type\" content=\"article\" \/>\n<meta property=\"og:title\" content=\"Al\u00e9m daquilo que se v\u00ea: a Baixada sob a \u00f3tica de suas belezas - Lurdinha - Duque de Caxias para Est\u00f4magos Fortes\" \/>\n<meta property=\"og:description\" content=\"\u201cEssa regra da impunidade acabava por transformar Nova Igua\u00e7u num imenso \u201ccemit\u00e9rio\u201d, onde os trabalhadores...\" \/>\n<meta property=\"og:url\" content=\"https:\/\/lurdinha.org\/site\/alem-daquilo-que-se-ve-a-baixada-sob-a-otica-de-suas-belezas\/\" \/>\n<meta property=\"og:site_name\" content=\"Lurdinha - Duque de Caxias para Est\u00f4magos Fortes\" \/>\n<meta property=\"article:publisher\" content=\"https:\/\/www.facebook.com\/LurdinhadeCaxias\" \/>\n<meta property=\"article:author\" content=\"https:\/\/www.facebook.com\/filipotardim\" \/>\n<meta property=\"article:published_time\" content=\"2022-05-12T16:52:46+00:00\" \/>\n<meta property=\"article:modified_time\" content=\"2022-05-12T16:54:19+00:00\" \/>\n<meta property=\"og:image\" content=\"https:\/\/lurdinha.org\/site\/wp-content\/uploads\/Duque-de-Caxias-Cachoeira-do-Garrao-2021_Filipo-Tardim.jpg\" \/>\n\t<meta property=\"og:image:width\" content=\"650\" \/>\n\t<meta property=\"og:image:height\" content=\"433\" \/>\n\t<meta property=\"og:image:type\" content=\"image\/jpeg\" \/>\n<meta name=\"author\" content=\"Filipo Tardim\" \/>\n<meta name=\"twitter:card\" content=\"summary_large_image\" \/>\n<meta name=\"twitter:label1\" content=\"Escrito por\" \/>\n\t<meta name=\"twitter:data1\" content=\"Filipo Tardim\" \/>\n\t<meta name=\"twitter:label2\" content=\"Est. tempo de leitura\" \/>\n\t<meta name=\"twitter:data2\" content=\"5 minutos\" \/>\n<script type=\"application\/ld+json\" class=\"yoast-schema-graph\">{\"@context\":\"https:\\\/\\\/schema.org\",\"@graph\":[{\"@type\":\"Article\",\"@id\":\"https:\\\/\\\/lurdinha.org\\\/site\\\/alem-daquilo-que-se-ve-a-baixada-sob-a-otica-de-suas-belezas\\\/#article\",\"isPartOf\":{\"@id\":\"https:\\\/\\\/lurdinha.org\\\/site\\\/alem-daquilo-que-se-ve-a-baixada-sob-a-otica-de-suas-belezas\\\/\"},\"author\":{\"name\":\"Filipo Tardim\",\"@id\":\"https:\\\/\\\/lurdinha.org\\\/site\\\/#\\\/schema\\\/person\\\/9e6cb9994a30b287e5ef677b616a6d4f\"},\"headline\":\"Al\u00e9m daquilo que se v\u00ea: a Baixada sob a \u00f3tica de suas belezas\",\"datePublished\":\"2022-05-12T16:52:46+00:00\",\"dateModified\":\"2022-05-12T16:54:19+00:00\",\"mainEntityOfPage\":{\"@id\":\"https:\\\/\\\/lurdinha.org\\\/site\\\/alem-daquilo-que-se-ve-a-baixada-sob-a-otica-de-suas-belezas\\\/\"},\"wordCount\":1031,\"commentCount\":0,\"publisher\":{\"@id\":\"https:\\\/\\\/lurdinha.org\\\/site\\\/#organization\"},\"image\":{\"@id\":\"https:\\\/\\\/lurdinha.org\\\/site\\\/alem-daquilo-que-se-ve-a-baixada-sob-a-otica-de-suas-belezas\\\/#primaryimage\"},\"thumbnailUrl\":\"https:\\\/\\\/lurdinha.org\\\/site\\\/wp-content\\\/uploads\\\/Duque-de-Caxias-Cachoeira-do-Garrao-2021_Filipo-Tardim.jpg\",\"articleSection\":[\"clique\",\"uma opini\u00e3o\"],\"inLanguage\":\"pt-BR\",\"potentialAction\":[{\"@type\":\"CommentAction\",\"name\":\"Comment\",\"target\":[\"https:\\\/\\\/lurdinha.org\\\/site\\\/alem-daquilo-que-se-ve-a-baixada-sob-a-otica-de-suas-belezas\\\/#respond\"]}]},{\"@type\":\"WebPage\",\"@id\":\"https:\\\/\\\/lurdinha.org\\\/site\\\/alem-daquilo-que-se-ve-a-baixada-sob-a-otica-de-suas-belezas\\\/\",\"url\":\"https:\\\/\\\/lurdinha.org\\\/site\\\/alem-daquilo-que-se-ve-a-baixada-sob-a-otica-de-suas-belezas\\\/\",\"name\":\"Al\u00e9m daquilo que se v\u00ea: a Baixada sob a \u00f3tica de suas belezas - Lurdinha - Duque de Caxias para Est\u00f4magos Fortes\",\"isPartOf\":{\"@id\":\"https:\\\/\\\/lurdinha.org\\\/site\\\/#website\"},\"primaryImageOfPage\":{\"@id\":\"https:\\\/\\\/lurdinha.org\\\/site\\\/alem-daquilo-que-se-ve-a-baixada-sob-a-otica-de-suas-belezas\\\/#primaryimage\"},\"image\":{\"@id\":\"https:\\\/\\\/lurdinha.org\\\/site\\\/alem-daquilo-que-se-ve-a-baixada-sob-a-otica-de-suas-belezas\\\/#primaryimage\"},\"thumbnailUrl\":\"https:\\\/\\\/lurdinha.org\\\/site\\\/wp-content\\\/uploads\\\/Duque-de-Caxias-Cachoeira-do-Garrao-2021_Filipo-Tardim.jpg\",\"datePublished\":\"2022-05-12T16:52:46+00:00\",\"dateModified\":\"2022-05-12T16:54:19+00:00\",\"breadcrumb\":{\"@id\":\"https:\\\/\\\/lurdinha.org\\\/site\\\/alem-daquilo-que-se-ve-a-baixada-sob-a-otica-de-suas-belezas\\\/#breadcrumb\"},\"inLanguage\":\"pt-BR\",\"potentialAction\":[{\"@type\":\"ReadAction\",\"target\":[\"https:\\\/\\\/lurdinha.org\\\/site\\\/alem-daquilo-que-se-ve-a-baixada-sob-a-otica-de-suas-belezas\\\/\"]}]},{\"@type\":\"ImageObject\",\"inLanguage\":\"pt-BR\",\"@id\":\"https:\\\/\\\/lurdinha.org\\\/site\\\/alem-daquilo-que-se-ve-a-baixada-sob-a-otica-de-suas-belezas\\\/#primaryimage\",\"url\":\"https:\\\/\\\/lurdinha.org\\\/site\\\/wp-content\\\/uploads\\\/Duque-de-Caxias-Cachoeira-do-Garrao-2021_Filipo-Tardim.jpg\",\"contentUrl\":\"https:\\\/\\\/lurdinha.org\\\/site\\\/wp-content\\\/uploads\\\/Duque-de-Caxias-Cachoeira-do-Garrao-2021_Filipo-Tardim.jpg\",\"width\":650,\"height\":433,\"caption\":\"Cachoeira do Garr\u00e3o, Duque de Caxias (2021) \u2013 Foto: Filipo Tardim\"},{\"@type\":\"BreadcrumbList\",\"@id\":\"https:\\\/\\\/lurdinha.org\\\/site\\\/alem-daquilo-que-se-ve-a-baixada-sob-a-otica-de-suas-belezas\\\/#breadcrumb\",\"itemListElement\":[{\"@type\":\"ListItem\",\"position\":1,\"name\":\"In\u00edcio\",\"item\":\"https:\\\/\\\/lurdinha.org\\\/site\\\/\"},{\"@type\":\"ListItem\",\"position\":2,\"name\":\"Al\u00e9m daquilo que se v\u00ea: a Baixada sob a \u00f3tica de suas belezas\"}]},{\"@type\":\"WebSite\",\"@id\":\"https:\\\/\\\/lurdinha.org\\\/site\\\/#website\",\"url\":\"https:\\\/\\\/lurdinha.org\\\/site\\\/\",\"name\":\"Lurdinha - Duque de Caxias para Est\u00f4magos Fortes\",\"description\":\"Site sobre Arte, Cultura, Pol\u00edtica, Sociedade e curiosidades da cidade de Duque de Caxias, RJ\",\"publisher\":{\"@id\":\"https:\\\/\\\/lurdinha.org\\\/site\\\/#organization\"},\"alternateName\":\"Lurdinha\",\"potentialAction\":[{\"@type\":\"SearchAction\",\"target\":{\"@type\":\"EntryPoint\",\"urlTemplate\":\"https:\\\/\\\/lurdinha.org\\\/site\\\/?s={search_term_string}\"},\"query-input\":{\"@type\":\"PropertyValueSpecification\",\"valueRequired\":true,\"valueName\":\"search_term_string\"}}],\"inLanguage\":\"pt-BR\"},{\"@type\":\"Organization\",\"@id\":\"https:\\\/\\\/lurdinha.org\\\/site\\\/#organization\",\"name\":\"Lurdinha de Caxias\",\"url\":\"https:\\\/\\\/lurdinha.org\\\/site\\\/\",\"logo\":{\"@type\":\"ImageObject\",\"inLanguage\":\"pt-BR\",\"@id\":\"https:\\\/\\\/lurdinha.org\\\/site\\\/#\\\/schema\\\/logo\\\/image\\\/\",\"url\":\"https:\\\/\\\/lurdinha.org\\\/site\\\/wp-content\\\/uploads\\\/logo-lurdinha.jpg\",\"contentUrl\":\"https:\\\/\\\/lurdinha.org\\\/site\\\/wp-content\\\/uploads\\\/logo-lurdinha.jpg\",\"width\":640,\"height\":60,\"caption\":\"Lurdinha de Caxias\"},\"image\":{\"@id\":\"https:\\\/\\\/lurdinha.org\\\/site\\\/#\\\/schema\\\/logo\\\/image\\\/\"},\"sameAs\":[\"https:\\\/\\\/www.facebook.com\\\/LurdinhadeCaxias\",\"https:\\\/\\\/www.instagram.com\\\/lurdinhadecaxias\"]},{\"@type\":\"Person\",\"@id\":\"https:\\\/\\\/lurdinha.org\\\/site\\\/#\\\/schema\\\/person\\\/9e6cb9994a30b287e5ef677b616a6d4f\",\"name\":\"Filipo Tardim\",\"image\":{\"@type\":\"ImageObject\",\"inLanguage\":\"pt-BR\",\"@id\":\"https:\\\/\\\/secure.gravatar.com\\\/avatar\\\/c3ce620e643873cc01217fa86fc236dcdceb2f57285b3dccf2da5c96be93d336?s=96&d=mm&r=g\",\"url\":\"https:\\\/\\\/secure.gravatar.com\\\/avatar\\\/c3ce620e643873cc01217fa86fc236dcdceb2f57285b3dccf2da5c96be93d336?s=96&d=mm&r=g\",\"contentUrl\":\"https:\\\/\\\/secure.gravatar.com\\\/avatar\\\/c3ce620e643873cc01217fa86fc236dcdceb2f57285b3dccf2da5c96be93d336?s=96&d=mm&r=g\",\"caption\":\"Filipo Tardim\"},\"sameAs\":[\"https:\\\/\\\/www.facebook.com\\\/filipotardim\"],\"url\":\"https:\\\/\\\/lurdinha.org\\\/site\\\/author\\\/filipo\\\/\"}]}<\/script>\n<!-- \/ Yoast SEO plugin. -->","yoast_head_json":{"title":"Al\u00e9m daquilo que se v\u00ea: a Baixada sob a \u00f3tica de suas belezas - Lurdinha - Duque de Caxias para Est\u00f4magos Fortes","robots":{"index":"index","follow":"follow","max-snippet":"max-snippet:-1","max-image-preview":"max-image-preview:large","max-video-preview":"max-video-preview:-1"},"canonical":"https:\/\/lurdinha.org\/site\/alem-daquilo-que-se-ve-a-baixada-sob-a-otica-de-suas-belezas\/","og_locale":"pt_BR","og_type":"article","og_title":"Al\u00e9m daquilo que se v\u00ea: a Baixada sob a \u00f3tica de suas belezas - Lurdinha - Duque de Caxias para Est\u00f4magos Fortes","og_description":"\u201cEssa regra da impunidade acabava por transformar Nova Igua\u00e7u num imenso \u201ccemit\u00e9rio\u201d, onde os trabalhadores...","og_url":"https:\/\/lurdinha.org\/site\/alem-daquilo-que-se-ve-a-baixada-sob-a-otica-de-suas-belezas\/","og_site_name":"Lurdinha - Duque de Caxias para Est\u00f4magos Fortes","article_publisher":"https:\/\/www.facebook.com\/LurdinhadeCaxias","article_author":"https:\/\/www.facebook.com\/filipotardim","article_published_time":"2022-05-12T16:52:46+00:00","article_modified_time":"2022-05-12T16:54:19+00:00","og_image":[{"width":650,"height":433,"url":"https:\/\/lurdinha.org\/site\/wp-content\/uploads\/Duque-de-Caxias-Cachoeira-do-Garrao-2021_Filipo-Tardim.jpg","type":"image\/jpeg"}],"author":"Filipo Tardim","twitter_card":"summary_large_image","twitter_misc":{"Escrito por":"Filipo Tardim","Est. tempo de leitura":"5 minutos"},"schema":{"@context":"https:\/\/schema.org","@graph":[{"@type":"Article","@id":"https:\/\/lurdinha.org\/site\/alem-daquilo-que-se-ve-a-baixada-sob-a-otica-de-suas-belezas\/#article","isPartOf":{"@id":"https:\/\/lurdinha.org\/site\/alem-daquilo-que-se-ve-a-baixada-sob-a-otica-de-suas-belezas\/"},"author":{"name":"Filipo Tardim","@id":"https:\/\/lurdinha.org\/site\/#\/schema\/person\/9e6cb9994a30b287e5ef677b616a6d4f"},"headline":"Al\u00e9m daquilo que se v\u00ea: a Baixada sob a \u00f3tica de suas belezas","datePublished":"2022-05-12T16:52:46+00:00","dateModified":"2022-05-12T16:54:19+00:00","mainEntityOfPage":{"@id":"https:\/\/lurdinha.org\/site\/alem-daquilo-que-se-ve-a-baixada-sob-a-otica-de-suas-belezas\/"},"wordCount":1031,"commentCount":0,"publisher":{"@id":"https:\/\/lurdinha.org\/site\/#organization"},"image":{"@id":"https:\/\/lurdinha.org\/site\/alem-daquilo-que-se-ve-a-baixada-sob-a-otica-de-suas-belezas\/#primaryimage"},"thumbnailUrl":"https:\/\/lurdinha.org\/site\/wp-content\/uploads\/Duque-de-Caxias-Cachoeira-do-Garrao-2021_Filipo-Tardim.jpg","articleSection":["clique","uma opini\u00e3o"],"inLanguage":"pt-BR","potentialAction":[{"@type":"CommentAction","name":"Comment","target":["https:\/\/lurdinha.org\/site\/alem-daquilo-que-se-ve-a-baixada-sob-a-otica-de-suas-belezas\/#respond"]}]},{"@type":"WebPage","@id":"https:\/\/lurdinha.org\/site\/alem-daquilo-que-se-ve-a-baixada-sob-a-otica-de-suas-belezas\/","url":"https:\/\/lurdinha.org\/site\/alem-daquilo-que-se-ve-a-baixada-sob-a-otica-de-suas-belezas\/","name":"Al\u00e9m daquilo que se v\u00ea: a Baixada sob a \u00f3tica de suas belezas - Lurdinha - Duque de Caxias para Est\u00f4magos Fortes","isPartOf":{"@id":"https:\/\/lurdinha.org\/site\/#website"},"primaryImageOfPage":{"@id":"https:\/\/lurdinha.org\/site\/alem-daquilo-que-se-ve-a-baixada-sob-a-otica-de-suas-belezas\/#primaryimage"},"image":{"@id":"https:\/\/lurdinha.org\/site\/alem-daquilo-que-se-ve-a-baixada-sob-a-otica-de-suas-belezas\/#primaryimage"},"thumbnailUrl":"https:\/\/lurdinha.org\/site\/wp-content\/uploads\/Duque-de-Caxias-Cachoeira-do-Garrao-2021_Filipo-Tardim.jpg","datePublished":"2022-05-12T16:52:46+00:00","dateModified":"2022-05-12T16:54:19+00:00","breadcrumb":{"@id":"https:\/\/lurdinha.org\/site\/alem-daquilo-que-se-ve-a-baixada-sob-a-otica-de-suas-belezas\/#breadcrumb"},"inLanguage":"pt-BR","potentialAction":[{"@type":"ReadAction","target":["https:\/\/lurdinha.org\/site\/alem-daquilo-que-se-ve-a-baixada-sob-a-otica-de-suas-belezas\/"]}]},{"@type":"ImageObject","inLanguage":"pt-BR","@id":"https:\/\/lurdinha.org\/site\/alem-daquilo-que-se-ve-a-baixada-sob-a-otica-de-suas-belezas\/#primaryimage","url":"https:\/\/lurdinha.org\/site\/wp-content\/uploads\/Duque-de-Caxias-Cachoeira-do-Garrao-2021_Filipo-Tardim.jpg","contentUrl":"https:\/\/lurdinha.org\/site\/wp-content\/uploads\/Duque-de-Caxias-Cachoeira-do-Garrao-2021_Filipo-Tardim.jpg","width":650,"height":433,"caption":"Cachoeira do Garr\u00e3o, Duque de Caxias (2021) \u2013 Foto: Filipo Tardim"},{"@type":"BreadcrumbList","@id":"https:\/\/lurdinha.org\/site\/alem-daquilo-que-se-ve-a-baixada-sob-a-otica-de-suas-belezas\/#breadcrumb","itemListElement":[{"@type":"ListItem","position":1,"name":"In\u00edcio","item":"https:\/\/lurdinha.org\/site\/"},{"@type":"ListItem","position":2,"name":"Al\u00e9m daquilo que se v\u00ea: a Baixada sob a \u00f3tica de suas belezas"}]},{"@type":"WebSite","@id":"https:\/\/lurdinha.org\/site\/#website","url":"https:\/\/lurdinha.org\/site\/","name":"Lurdinha - Duque de Caxias para Est\u00f4magos Fortes","description":"Site sobre Arte, Cultura, Pol\u00edtica, Sociedade e curiosidades da cidade de Duque de Caxias, RJ","publisher":{"@id":"https:\/\/lurdinha.org\/site\/#organization"},"alternateName":"Lurdinha","potentialAction":[{"@type":"SearchAction","target":{"@type":"EntryPoint","urlTemplate":"https:\/\/lurdinha.org\/site\/?s={search_term_string}"},"query-input":{"@type":"PropertyValueSpecification","valueRequired":true,"valueName":"search_term_string"}}],"inLanguage":"pt-BR"},{"@type":"Organization","@id":"https:\/\/lurdinha.org\/site\/#organization","name":"Lurdinha de Caxias","url":"https:\/\/lurdinha.org\/site\/","logo":{"@type":"ImageObject","inLanguage":"pt-BR","@id":"https:\/\/lurdinha.org\/site\/#\/schema\/logo\/image\/","url":"https:\/\/lurdinha.org\/site\/wp-content\/uploads\/logo-lurdinha.jpg","contentUrl":"https:\/\/lurdinha.org\/site\/wp-content\/uploads\/logo-lurdinha.jpg","width":640,"height":60,"caption":"Lurdinha de Caxias"},"image":{"@id":"https:\/\/lurdinha.org\/site\/#\/schema\/logo\/image\/"},"sameAs":["https:\/\/www.facebook.com\/LurdinhadeCaxias","https:\/\/www.instagram.com\/lurdinhadecaxias"]},{"@type":"Person","@id":"https:\/\/lurdinha.org\/site\/#\/schema\/person\/9e6cb9994a30b287e5ef677b616a6d4f","name":"Filipo Tardim","image":{"@type":"ImageObject","inLanguage":"pt-BR","@id":"https:\/\/secure.gravatar.com\/avatar\/c3ce620e643873cc01217fa86fc236dcdceb2f57285b3dccf2da5c96be93d336?s=96&d=mm&r=g","url":"https:\/\/secure.gravatar.com\/avatar\/c3ce620e643873cc01217fa86fc236dcdceb2f57285b3dccf2da5c96be93d336?s=96&d=mm&r=g","contentUrl":"https:\/\/secure.gravatar.com\/avatar\/c3ce620e643873cc01217fa86fc236dcdceb2f57285b3dccf2da5c96be93d336?s=96&d=mm&r=g","caption":"Filipo Tardim"},"sameAs":["https:\/\/www.facebook.com\/filipotardim"],"url":"https:\/\/lurdinha.org\/site\/author\/filipo\/"}]}},"views":1320,"_links":{"self":[{"href":"https:\/\/lurdinha.org\/site\/wp-json\/wp\/v2\/posts\/10320","targetHints":{"allow":["GET"]}}],"collection":[{"href":"https:\/\/lurdinha.org\/site\/wp-json\/wp\/v2\/posts"}],"about":[{"href":"https:\/\/lurdinha.org\/site\/wp-json\/wp\/v2\/types\/post"}],"author":[{"embeddable":true,"href":"https:\/\/lurdinha.org\/site\/wp-json\/wp\/v2\/users\/51"}],"replies":[{"embeddable":true,"href":"https:\/\/lurdinha.org\/site\/wp-json\/wp\/v2\/comments?post=10320"}],"version-history":[{"count":5,"href":"https:\/\/lurdinha.org\/site\/wp-json\/wp\/v2\/posts\/10320\/revisions"}],"predecessor-version":[{"id":10328,"href":"https:\/\/lurdinha.org\/site\/wp-json\/wp\/v2\/posts\/10320\/revisions\/10328"}],"wp:featuredmedia":[{"embeddable":true,"href":"https:\/\/lurdinha.org\/site\/wp-json\/wp\/v2\/media\/10322"}],"wp:attachment":[{"href":"https:\/\/lurdinha.org\/site\/wp-json\/wp\/v2\/media?parent=10320"}],"wp:term":[{"taxonomy":"category","embeddable":true,"href":"https:\/\/lurdinha.org\/site\/wp-json\/wp\/v2\/categories?post=10320"},{"taxonomy":"post_tag","embeddable":true,"href":"https:\/\/lurdinha.org\/site\/wp-json\/wp\/v2\/tags?post=10320"}],"curies":[{"name":"wp","href":"https:\/\/api.w.org\/{rel}","templated":true}]}}