{"id":10316,"date":"2022-05-11T20:35:17","date_gmt":"2022-05-11T20:35:17","guid":{"rendered":"https:\/\/lurdinha.org\/site\/?p=10316"},"modified":"2022-06-07T02:21:22","modified_gmt":"2022-06-07T02:21:22","slug":"presenca-indigena-no-rio-de-janeiro-ganha-portal-dedicado-na-internet","status":"publish","type":"post","link":"https:\/\/lurdinha.org\/site\/presenca-indigena-no-rio-de-janeiro-ganha-portal-dedicado-na-internet\/","title":{"rendered":"Presen\u00e7a Ind\u00edgena no Rio de Janeiro ganha portal dedicado na internet"},"content":{"rendered":"<p><img loading=\"lazy\" decoding=\"async\" class=\"alignleft size-full wp-image-10317\" src=\"https:\/\/lurdinha.org\/site\/wp-content\/uploads\/lancamento-portal-opierj.jpeg\" alt=\"Opierj, o Observat\u00f3rio da Presen\u00e7a Ind\u00edgena no Estado do Rio de Janeiro\" width=\"800\" height=\"1067\" srcset=\"https:\/\/lurdinha.org\/site\/wp-content\/uploads\/lancamento-portal-opierj.jpeg 800w, https:\/\/lurdinha.org\/site\/wp-content\/uploads\/lancamento-portal-opierj-225x300.jpeg 225w, https:\/\/lurdinha.org\/site\/wp-content\/uploads\/lancamento-portal-opierj-610x814.jpeg 610w, https:\/\/lurdinha.org\/site\/wp-content\/uploads\/lancamento-portal-opierj-768x1024.jpeg 768w\" sizes=\"auto, (max-width: 800px) 100vw, 800px\" \/><\/p>\n<p>No pr\u00f3ximo dia 18 de maio ser\u00e1 lan\u00e7ado na internet o portal do <strong>Opierj<\/strong>, o <strong>Observat\u00f3rio da Presen\u00e7a Ind\u00edgena no Estado do Rio de Janeiro<\/strong>.<\/p>\n<p>O Opierj \u00e9 um projeto desenvolvido pelo Programa de Estudos dos Povos Ind\u00edgenas (PRO\u00cdNDIO) na Faculdade de Educa\u00e7\u00e3o da UERJ e pelo N\u00facleo de Estudos sobre Povos Ind\u00edgenas, Interculturalidade e Educa\u00e7\u00e3o (NEPIIE) na Faculdade de Educa\u00e7\u00e3o da Baixada Fluminense (UERJ-Duque de Caxias).<\/p>\n<p>O objetivo do <strong>Portal Opierj<\/strong> \u00e9 reunir uma variedade de materiais (teses, artigos, relat\u00f3rios, materiais did\u00e1ticos, v\u00eddeos) sobre a presen\u00e7a hist\u00f3rica e contempor\u00e2nea de ind\u00edgenas no Estado do Rio de Janeiro, de forma acess\u00edvel e gratuita a todos os interessados, estudantes, professores e pesquisadores. O portal estar\u00e1 em processo de constru\u00e7\u00e3o permanente e a ideia \u00e9 tamb\u00e9m ser um espa\u00e7o aberto a colabora\u00e7\u00f5es.<\/p>\n<p>O evento de lan\u00e7amento contar\u00e1 com a apresenta\u00e7\u00e3o do site e um bate-papo com <strong>Sandra Benites<\/strong> e o\u00a0 <strong>Jos\u00e9 Bessa Freire<\/strong>.<\/p>\n<p>&nbsp;<\/p>\n<p><strong>SERVI\u00c7O<\/strong><br \/>\nLan\u00e7amento do Portal Opierj<br \/>\nDia 18\/05<br \/>\nHora: 19h30min<br \/>\nLink do evento: <a href=\"https:\/\/youtu.be\/N0l5Cp5Yb7g\" target=\"_blank\" rel=\"noopener\">https:\/\/youtu.be\/N0l5Cp5Yb7g<\/a><\/p>\n","protected":false},"excerpt":{"rendered":"<p>No pr\u00f3ximo dia 18 de maio ser\u00e1 lan\u00e7ado na internet o portal do Opierj, o&#8230;<\/p>\n","protected":false},"author":2,"featured_media":10317,"comment_status":"open","ping_status":"closed","sticky":false,"template":"","format":"standard","meta":{"footnotes":""},"categories":[8,5],"tags":[1293,1291],"class_list":["post-10316","post","type-post","status-publish","format-standard","has-post-thumbnail","hentry","category-evento","category-umaboa","tag-opierj","tag-presenca-indigena"],"yoast_head":"<!-- This site is optimized with the Yoast SEO plugin v27.5 - https:\/\/yoast.com\/product\/yoast-seo-wordpress\/ -->\n<title>Presen\u00e7a Ind\u00edgena no Rio de Janeiro ganha portal dedicado na internet - Lurdinha - Duque de Caxias para Est\u00f4magos Fortes<\/title>\n<meta name=\"robots\" content=\"index, follow, max-snippet:-1, max-image-preview:large, max-video-preview:-1\" \/>\n<link rel=\"canonical\" href=\"https:\/\/lurdinha.org\/site\/presenca-indigena-no-rio-de-janeiro-ganha-portal-dedicado-na-internet\/\" \/>\n<meta property=\"og:locale\" content=\"pt_BR\" \/>\n<meta property=\"og:type\" content=\"article\" \/>\n<meta property=\"og:title\" content=\"Presen\u00e7a Ind\u00edgena no Rio de Janeiro ganha portal dedicado na internet - Lurdinha - Duque de Caxias para Est\u00f4magos Fortes\" \/>\n<meta property=\"og:description\" content=\"No pr\u00f3ximo dia 18 de maio ser\u00e1 lan\u00e7ado na internet o portal do Opierj, o...\" \/>\n<meta property=\"og:url\" content=\"https:\/\/lurdinha.org\/site\/presenca-indigena-no-rio-de-janeiro-ganha-portal-dedicado-na-internet\/\" \/>\n<meta property=\"og:site_name\" content=\"Lurdinha - Duque de Caxias para Est\u00f4magos Fortes\" \/>\n<meta property=\"article:publisher\" content=\"https:\/\/www.facebook.com\/LurdinhadeCaxias\" \/>\n<meta property=\"article:author\" content=\"botocudo\" \/>\n<meta property=\"article:published_time\" content=\"2022-05-11T20:35:17+00:00\" \/>\n<meta property=\"article:modified_time\" content=\"2022-06-07T02:21:22+00:00\" \/>\n<meta property=\"og:image\" content=\"https:\/\/lurdinha.org\/site\/wp-content\/uploads\/lancamento-portal-opierj.jpeg\" \/>\n\t<meta property=\"og:image:width\" content=\"800\" \/>\n\t<meta property=\"og:image:height\" content=\"1067\" \/>\n\t<meta property=\"og:image:type\" content=\"image\/jpeg\" \/>\n<meta name=\"author\" content=\"heraldo hb\" \/>\n<meta name=\"twitter:card\" content=\"summary_large_image\" \/>\n<meta name=\"twitter:label1\" content=\"Escrito por\" \/>\n\t<meta name=\"twitter:data1\" content=\"heraldo hb\" \/>\n\t<meta name=\"twitter:label2\" content=\"Est. tempo de leitura\" \/>\n\t<meta name=\"twitter:data2\" content=\"1 minuto\" \/>\n<script type=\"application\/ld+json\" class=\"yoast-schema-graph\">{\"@context\":\"https:\\\/\\\/schema.org\",\"@graph\":[{\"@type\":\"Article\",\"@id\":\"https:\\\/\\\/lurdinha.org\\\/site\\\/presenca-indigena-no-rio-de-janeiro-ganha-portal-dedicado-na-internet\\\/#article\",\"isPartOf\":{\"@id\":\"https:\\\/\\\/lurdinha.org\\\/site\\\/presenca-indigena-no-rio-de-janeiro-ganha-portal-dedicado-na-internet\\\/\"},\"author\":{\"name\":\"heraldo hb\",\"@id\":\"https:\\\/\\\/lurdinha.org\\\/site\\\/#\\\/schema\\\/person\\\/b833bb6a7f82598bf0e95e4c30874251\"},\"headline\":\"Presen\u00e7a Ind\u00edgena no Rio de Janeiro ganha portal dedicado na internet\",\"datePublished\":\"2022-05-11T20:35:17+00:00\",\"dateModified\":\"2022-06-07T02:21:22+00:00\",\"mainEntityOfPage\":{\"@id\":\"https:\\\/\\\/lurdinha.org\\\/site\\\/presenca-indigena-no-rio-de-janeiro-ganha-portal-dedicado-na-internet\\\/\"},\"wordCount\":209,\"commentCount\":0,\"publisher\":{\"@id\":\"https:\\\/\\\/lurdinha.org\\\/site\\\/#organization\"},\"image\":{\"@id\":\"https:\\\/\\\/lurdinha.org\\\/site\\\/presenca-indigena-no-rio-de-janeiro-ganha-portal-dedicado-na-internet\\\/#primaryimage\"},\"thumbnailUrl\":\"https:\\\/\\\/lurdinha.org\\\/site\\\/wp-content\\\/uploads\\\/lancamento-portal-opierj.jpeg\",\"keywords\":[\"opierj\",\"presenca indigena\"],\"articleSection\":[\"evento\",\"uma boa\"],\"inLanguage\":\"pt-BR\",\"potentialAction\":[{\"@type\":\"CommentAction\",\"name\":\"Comment\",\"target\":[\"https:\\\/\\\/lurdinha.org\\\/site\\\/presenca-indigena-no-rio-de-janeiro-ganha-portal-dedicado-na-internet\\\/#respond\"]}]},{\"@type\":\"WebPage\",\"@id\":\"https:\\\/\\\/lurdinha.org\\\/site\\\/presenca-indigena-no-rio-de-janeiro-ganha-portal-dedicado-na-internet\\\/\",\"url\":\"https:\\\/\\\/lurdinha.org\\\/site\\\/presenca-indigena-no-rio-de-janeiro-ganha-portal-dedicado-na-internet\\\/\",\"name\":\"Presen\u00e7a Ind\u00edgena no Rio de Janeiro ganha portal dedicado na internet - Lurdinha - Duque de Caxias para Est\u00f4magos Fortes\",\"isPartOf\":{\"@id\":\"https:\\\/\\\/lurdinha.org\\\/site\\\/#website\"},\"primaryImageOfPage\":{\"@id\":\"https:\\\/\\\/lurdinha.org\\\/site\\\/presenca-indigena-no-rio-de-janeiro-ganha-portal-dedicado-na-internet\\\/#primaryimage\"},\"image\":{\"@id\":\"https:\\\/\\\/lurdinha.org\\\/site\\\/presenca-indigena-no-rio-de-janeiro-ganha-portal-dedicado-na-internet\\\/#primaryimage\"},\"thumbnailUrl\":\"https:\\\/\\\/lurdinha.org\\\/site\\\/wp-content\\\/uploads\\\/lancamento-portal-opierj.jpeg\",\"datePublished\":\"2022-05-11T20:35:17+00:00\",\"dateModified\":\"2022-06-07T02:21:22+00:00\",\"breadcrumb\":{\"@id\":\"https:\\\/\\\/lurdinha.org\\\/site\\\/presenca-indigena-no-rio-de-janeiro-ganha-portal-dedicado-na-internet\\\/#breadcrumb\"},\"inLanguage\":\"pt-BR\",\"potentialAction\":[{\"@type\":\"ReadAction\",\"target\":[\"https:\\\/\\\/lurdinha.org\\\/site\\\/presenca-indigena-no-rio-de-janeiro-ganha-portal-dedicado-na-internet\\\/\"]}]},{\"@type\":\"ImageObject\",\"inLanguage\":\"pt-BR\",\"@id\":\"https:\\\/\\\/lurdinha.org\\\/site\\\/presenca-indigena-no-rio-de-janeiro-ganha-portal-dedicado-na-internet\\\/#primaryimage\",\"url\":\"https:\\\/\\\/lurdinha.org\\\/site\\\/wp-content\\\/uploads\\\/lancamento-portal-opierj.jpeg\",\"contentUrl\":\"https:\\\/\\\/lurdinha.org\\\/site\\\/wp-content\\\/uploads\\\/lancamento-portal-opierj.jpeg\",\"width\":800,\"height\":1067,\"caption\":\"Opierj, o Observat\u00f3rio da Presen\u00e7a Ind\u00edgena no Estado do Rio de Janeiro\"},{\"@type\":\"BreadcrumbList\",\"@id\":\"https:\\\/\\\/lurdinha.org\\\/site\\\/presenca-indigena-no-rio-de-janeiro-ganha-portal-dedicado-na-internet\\\/#breadcrumb\",\"itemListElement\":[{\"@type\":\"ListItem\",\"position\":1,\"name\":\"In\u00edcio\",\"item\":\"https:\\\/\\\/lurdinha.org\\\/site\\\/\"},{\"@type\":\"ListItem\",\"position\":2,\"name\":\"Presen\u00e7a Ind\u00edgena no Rio de Janeiro ganha portal dedicado na internet\"}]},{\"@type\":\"WebSite\",\"@id\":\"https:\\\/\\\/lurdinha.org\\\/site\\\/#website\",\"url\":\"https:\\\/\\\/lurdinha.org\\\/site\\\/\",\"name\":\"Lurdinha - Duque de Caxias para Est\u00f4magos Fortes\",\"description\":\"Site sobre Arte, Cultura, Pol\u00edtica, Sociedade e curiosidades da cidade de Duque de Caxias, RJ\",\"publisher\":{\"@id\":\"https:\\\/\\\/lurdinha.org\\\/site\\\/#organization\"},\"alternateName\":\"Lurdinha\",\"potentialAction\":[{\"@type\":\"SearchAction\",\"target\":{\"@type\":\"EntryPoint\",\"urlTemplate\":\"https:\\\/\\\/lurdinha.org\\\/site\\\/?s={search_term_string}\"},\"query-input\":{\"@type\":\"PropertyValueSpecification\",\"valueRequired\":true,\"valueName\":\"search_term_string\"}}],\"inLanguage\":\"pt-BR\"},{\"@type\":\"Organization\",\"@id\":\"https:\\\/\\\/lurdinha.org\\\/site\\\/#organization\",\"name\":\"Lurdinha de Caxias\",\"url\":\"https:\\\/\\\/lurdinha.org\\\/site\\\/\",\"logo\":{\"@type\":\"ImageObject\",\"inLanguage\":\"pt-BR\",\"@id\":\"https:\\\/\\\/lurdinha.org\\\/site\\\/#\\\/schema\\\/logo\\\/image\\\/\",\"url\":\"https:\\\/\\\/lurdinha.org\\\/site\\\/wp-content\\\/uploads\\\/logo-lurdinha.jpg\",\"contentUrl\":\"https:\\\/\\\/lurdinha.org\\\/site\\\/wp-content\\\/uploads\\\/logo-lurdinha.jpg\",\"width\":640,\"height\":60,\"caption\":\"Lurdinha de Caxias\"},\"image\":{\"@id\":\"https:\\\/\\\/lurdinha.org\\\/site\\\/#\\\/schema\\\/logo\\\/image\\\/\"},\"sameAs\":[\"https:\\\/\\\/www.facebook.com\\\/LurdinhadeCaxias\",\"https:\\\/\\\/www.instagram.com\\\/lurdinhadecaxias\"]},{\"@type\":\"Person\",\"@id\":\"https:\\\/\\\/lurdinha.org\\\/site\\\/#\\\/schema\\\/person\\\/b833bb6a7f82598bf0e95e4c30874251\",\"name\":\"heraldo hb\",\"image\":{\"@type\":\"ImageObject\",\"inLanguage\":\"pt-BR\",\"@id\":\"https:\\\/\\\/secure.gravatar.com\\\/avatar\\\/5de9fe99c72cb6885bbdaa24b1c5738b0f673d265de18720fae7463d5f47b48d?s=96&d=mm&r=g\",\"url\":\"https:\\\/\\\/secure.gravatar.com\\\/avatar\\\/5de9fe99c72cb6885bbdaa24b1c5738b0f673d265de18720fae7463d5f47b48d?s=96&d=mm&r=g\",\"contentUrl\":\"https:\\\/\\\/secure.gravatar.com\\\/avatar\\\/5de9fe99c72cb6885bbdaa24b1c5738b0f673d265de18720fae7463d5f47b48d?s=96&d=mm&r=g\",\"caption\":\"heraldo hb\"},\"description\":\"Cineasta, animador cultural, escritor e educador nascido no s\u00e9culo XX\",\"sameAs\":[\"http:\\\/\\\/wwww.relinkare.org\",\"botocudo\",\"heraldohb\",\"relinkare\"],\"url\":\"https:\\\/\\\/lurdinha.org\\\/site\\\/author\\\/heraldohb\\\/\"}]}<\/script>\n<!-- \/ Yoast SEO plugin. -->","yoast_head_json":{"title":"Presen\u00e7a Ind\u00edgena no Rio de Janeiro ganha portal dedicado na internet - Lurdinha - Duque de Caxias para Est\u00f4magos Fortes","robots":{"index":"index","follow":"follow","max-snippet":"max-snippet:-1","max-image-preview":"max-image-preview:large","max-video-preview":"max-video-preview:-1"},"canonical":"https:\/\/lurdinha.org\/site\/presenca-indigena-no-rio-de-janeiro-ganha-portal-dedicado-na-internet\/","og_locale":"pt_BR","og_type":"article","og_title":"Presen\u00e7a Ind\u00edgena no Rio de Janeiro ganha portal dedicado na internet - Lurdinha - Duque de Caxias para Est\u00f4magos Fortes","og_description":"No pr\u00f3ximo dia 18 de maio ser\u00e1 lan\u00e7ado na internet o portal do Opierj, o...","og_url":"https:\/\/lurdinha.org\/site\/presenca-indigena-no-rio-de-janeiro-ganha-portal-dedicado-na-internet\/","og_site_name":"Lurdinha - Duque de Caxias para Est\u00f4magos Fortes","article_publisher":"https:\/\/www.facebook.com\/LurdinhadeCaxias","article_author":"botocudo","article_published_time":"2022-05-11T20:35:17+00:00","article_modified_time":"2022-06-07T02:21:22+00:00","og_image":[{"width":800,"height":1067,"url":"https:\/\/lurdinha.org\/site\/wp-content\/uploads\/lancamento-portal-opierj.jpeg","type":"image\/jpeg"}],"author":"heraldo hb","twitter_card":"summary_large_image","twitter_misc":{"Escrito por":"heraldo hb","Est. tempo de leitura":"1 minuto"},"schema":{"@context":"https:\/\/schema.org","@graph":[{"@type":"Article","@id":"https:\/\/lurdinha.org\/site\/presenca-indigena-no-rio-de-janeiro-ganha-portal-dedicado-na-internet\/#article","isPartOf":{"@id":"https:\/\/lurdinha.org\/site\/presenca-indigena-no-rio-de-janeiro-ganha-portal-dedicado-na-internet\/"},"author":{"name":"heraldo hb","@id":"https:\/\/lurdinha.org\/site\/#\/schema\/person\/b833bb6a7f82598bf0e95e4c30874251"},"headline":"Presen\u00e7a Ind\u00edgena no Rio de Janeiro ganha portal dedicado na internet","datePublished":"2022-05-11T20:35:17+00:00","dateModified":"2022-06-07T02:21:22+00:00","mainEntityOfPage":{"@id":"https:\/\/lurdinha.org\/site\/presenca-indigena-no-rio-de-janeiro-ganha-portal-dedicado-na-internet\/"},"wordCount":209,"commentCount":0,"publisher":{"@id":"https:\/\/lurdinha.org\/site\/#organization"},"image":{"@id":"https:\/\/lurdinha.org\/site\/presenca-indigena-no-rio-de-janeiro-ganha-portal-dedicado-na-internet\/#primaryimage"},"thumbnailUrl":"https:\/\/lurdinha.org\/site\/wp-content\/uploads\/lancamento-portal-opierj.jpeg","keywords":["opierj","presenca indigena"],"articleSection":["evento","uma boa"],"inLanguage":"pt-BR","potentialAction":[{"@type":"CommentAction","name":"Comment","target":["https:\/\/lurdinha.org\/site\/presenca-indigena-no-rio-de-janeiro-ganha-portal-dedicado-na-internet\/#respond"]}]},{"@type":"WebPage","@id":"https:\/\/lurdinha.org\/site\/presenca-indigena-no-rio-de-janeiro-ganha-portal-dedicado-na-internet\/","url":"https:\/\/lurdinha.org\/site\/presenca-indigena-no-rio-de-janeiro-ganha-portal-dedicado-na-internet\/","name":"Presen\u00e7a Ind\u00edgena no Rio de Janeiro ganha portal dedicado na internet - Lurdinha - Duque de Caxias para Est\u00f4magos Fortes","isPartOf":{"@id":"https:\/\/lurdinha.org\/site\/#website"},"primaryImageOfPage":{"@id":"https:\/\/lurdinha.org\/site\/presenca-indigena-no-rio-de-janeiro-ganha-portal-dedicado-na-internet\/#primaryimage"},"image":{"@id":"https:\/\/lurdinha.org\/site\/presenca-indigena-no-rio-de-janeiro-ganha-portal-dedicado-na-internet\/#primaryimage"},"thumbnailUrl":"https:\/\/lurdinha.org\/site\/wp-content\/uploads\/lancamento-portal-opierj.jpeg","datePublished":"2022-05-11T20:35:17+00:00","dateModified":"2022-06-07T02:21:22+00:00","breadcrumb":{"@id":"https:\/\/lurdinha.org\/site\/presenca-indigena-no-rio-de-janeiro-ganha-portal-dedicado-na-internet\/#breadcrumb"},"inLanguage":"pt-BR","potentialAction":[{"@type":"ReadAction","target":["https:\/\/lurdinha.org\/site\/presenca-indigena-no-rio-de-janeiro-ganha-portal-dedicado-na-internet\/"]}]},{"@type":"ImageObject","inLanguage":"pt-BR","@id":"https:\/\/lurdinha.org\/site\/presenca-indigena-no-rio-de-janeiro-ganha-portal-dedicado-na-internet\/#primaryimage","url":"https:\/\/lurdinha.org\/site\/wp-content\/uploads\/lancamento-portal-opierj.jpeg","contentUrl":"https:\/\/lurdinha.org\/site\/wp-content\/uploads\/lancamento-portal-opierj.jpeg","width":800,"height":1067,"caption":"Opierj, o Observat\u00f3rio da Presen\u00e7a Ind\u00edgena no Estado do Rio de Janeiro"},{"@type":"BreadcrumbList","@id":"https:\/\/lurdinha.org\/site\/presenca-indigena-no-rio-de-janeiro-ganha-portal-dedicado-na-internet\/#breadcrumb","itemListElement":[{"@type":"ListItem","position":1,"name":"In\u00edcio","item":"https:\/\/lurdinha.org\/site\/"},{"@type":"ListItem","position":2,"name":"Presen\u00e7a Ind\u00edgena no Rio de Janeiro ganha portal dedicado na internet"}]},{"@type":"WebSite","@id":"https:\/\/lurdinha.org\/site\/#website","url":"https:\/\/lurdinha.org\/site\/","name":"Lurdinha - Duque de Caxias para Est\u00f4magos Fortes","description":"Site sobre Arte, Cultura, Pol\u00edtica, Sociedade e curiosidades da cidade de Duque de Caxias, RJ","publisher":{"@id":"https:\/\/lurdinha.org\/site\/#organization"},"alternateName":"Lurdinha","potentialAction":[{"@type":"SearchAction","target":{"@type":"EntryPoint","urlTemplate":"https:\/\/lurdinha.org\/site\/?s={search_term_string}"},"query-input":{"@type":"PropertyValueSpecification","valueRequired":true,"valueName":"search_term_string"}}],"inLanguage":"pt-BR"},{"@type":"Organization","@id":"https:\/\/lurdinha.org\/site\/#organization","name":"Lurdinha de Caxias","url":"https:\/\/lurdinha.org\/site\/","logo":{"@type":"ImageObject","inLanguage":"pt-BR","@id":"https:\/\/lurdinha.org\/site\/#\/schema\/logo\/image\/","url":"https:\/\/lurdinha.org\/site\/wp-content\/uploads\/logo-lurdinha.jpg","contentUrl":"https:\/\/lurdinha.org\/site\/wp-content\/uploads\/logo-lurdinha.jpg","width":640,"height":60,"caption":"Lurdinha de Caxias"},"image":{"@id":"https:\/\/lurdinha.org\/site\/#\/schema\/logo\/image\/"},"sameAs":["https:\/\/www.facebook.com\/LurdinhadeCaxias","https:\/\/www.instagram.com\/lurdinhadecaxias"]},{"@type":"Person","@id":"https:\/\/lurdinha.org\/site\/#\/schema\/person\/b833bb6a7f82598bf0e95e4c30874251","name":"heraldo hb","image":{"@type":"ImageObject","inLanguage":"pt-BR","@id":"https:\/\/secure.gravatar.com\/avatar\/5de9fe99c72cb6885bbdaa24b1c5738b0f673d265de18720fae7463d5f47b48d?s=96&d=mm&r=g","url":"https:\/\/secure.gravatar.com\/avatar\/5de9fe99c72cb6885bbdaa24b1c5738b0f673d265de18720fae7463d5f47b48d?s=96&d=mm&r=g","contentUrl":"https:\/\/secure.gravatar.com\/avatar\/5de9fe99c72cb6885bbdaa24b1c5738b0f673d265de18720fae7463d5f47b48d?s=96&d=mm&r=g","caption":"heraldo hb"},"description":"Cineasta, animador cultural, escritor e educador nascido no s\u00e9culo XX","sameAs":["http:\/\/wwww.relinkare.org","botocudo","heraldohb","relinkare"],"url":"https:\/\/lurdinha.org\/site\/author\/heraldohb\/"}]}},"views":1190,"_links":{"self":[{"href":"https:\/\/lurdinha.org\/site\/wp-json\/wp\/v2\/posts\/10316","targetHints":{"allow":["GET"]}}],"collection":[{"href":"https:\/\/lurdinha.org\/site\/wp-json\/wp\/v2\/posts"}],"about":[{"href":"https:\/\/lurdinha.org\/site\/wp-json\/wp\/v2\/types\/post"}],"author":[{"embeddable":true,"href":"https:\/\/lurdinha.org\/site\/wp-json\/wp\/v2\/users\/2"}],"replies":[{"embeddable":true,"href":"https:\/\/lurdinha.org\/site\/wp-json\/wp\/v2\/comments?post=10316"}],"version-history":[{"count":2,"href":"https:\/\/lurdinha.org\/site\/wp-json\/wp\/v2\/posts\/10316\/revisions"}],"predecessor-version":[{"id":10319,"href":"https:\/\/lurdinha.org\/site\/wp-json\/wp\/v2\/posts\/10316\/revisions\/10319"}],"wp:featuredmedia":[{"embeddable":true,"href":"https:\/\/lurdinha.org\/site\/wp-json\/wp\/v2\/media\/10317"}],"wp:attachment":[{"href":"https:\/\/lurdinha.org\/site\/wp-json\/wp\/v2\/media?parent=10316"}],"wp:term":[{"taxonomy":"category","embeddable":true,"href":"https:\/\/lurdinha.org\/site\/wp-json\/wp\/v2\/categories?post=10316"},{"taxonomy":"post_tag","embeddable":true,"href":"https:\/\/lurdinha.org\/site\/wp-json\/wp\/v2\/tags?post=10316"}],"curies":[{"name":"wp","href":"https:\/\/api.w.org\/{rel}","templated":true}]}}