{"id":10312,"date":"2022-05-11T15:35:47","date_gmt":"2022-05-11T15:35:47","guid":{"rendered":"https:\/\/lurdinha.org\/site\/?p=10312"},"modified":"2022-05-11T15:36:48","modified_gmt":"2022-05-11T15:36:48","slug":"vem-ai-o-forum-rio-2022","status":"publish","type":"post","link":"https:\/\/lurdinha.org\/site\/vem-ai-o-forum-rio-2022\/","title":{"rendered":"Vem a\u00ed o F\u00f3rum Rio 2022"},"content":{"rendered":"<p><img loading=\"lazy\" decoding=\"async\" class=\"size-full wp-image-10313 alignnone\" src=\"https:\/\/lurdinha.org\/site\/wp-content\/uploads\/forumrio22.jpeg\" alt=\"F\u00f3rum Rio 2022\" width=\"600\" height=\"750\" srcset=\"https:\/\/lurdinha.org\/site\/wp-content\/uploads\/forumrio22.jpeg 600w, https:\/\/lurdinha.org\/site\/wp-content\/uploads\/forumrio22-240x300.jpeg 240w\" sizes=\"auto, (max-width: 600px) 100vw, 600px\" \/><\/p>\n<p>A <strong>Casa Fluminense<\/strong> te convida para o <strong>F\u00f3rum Rio 2022<\/strong> e o lan\u00e7amento da nova vers\u00e3o da <strong>Agenda Rio 2030<\/strong> . No contexto de retomada e reconstru\u00e7\u00e3o, queremos ampliar a pauta de justi\u00e7a econ\u00f4mica, racial, de g\u00eanero e clim\u00e1tica na metr\u00f3pole do Rio.<\/p>\n<p>Pela primeira vez ocupando o Museu de Arte do Rio, teremos dois dias de programa\u00e7\u00e3o com pain\u00e9is de debate, performances e exposi\u00e7\u00f5es art\u00edsticas, palco m\u00fasica e lan\u00e7amento da Agenda Rio 2030.<\/p>\n<p>A entrada \u00e9 gratuita e ser\u00e1 um prazer contar com sua presen\u00e7a!<\/p>\n<p>Cadastre-se e confira a programa\u00e7\u00e3o completa em <a href=\"http:\/\/www.forumrio.org\" target=\"_blank\" rel=\"noopener\">forumrio.org<\/a><\/p>\n<p>\ud83d\udccd MAR &#8211; Museu de Arte do Rio &#8211; audit\u00f3rio, hall (5\u00ba andar) e pilotis<br \/>\n\u23f0 20 e 21.05 :: das 14h &#8211; 22h<br \/>\n\u2705 Entrada gratuita<\/p>\n","protected":false},"excerpt":{"rendered":"<p>A Casa Fluminense te convida para o F\u00f3rum Rio 2022 e o lan\u00e7amento da nova&#8230;<\/p>\n","protected":false},"author":16,"featured_media":10313,"comment_status":"open","ping_status":"closed","sticky":false,"template":"","format":"standard","meta":{"footnotes":""},"categories":[8,5],"tags":[],"class_list":["post-10312","post","type-post","status-publish","format-standard","has-post-thumbnail","hentry","category-evento","category-umaboa"],"yoast_head":"<!-- This site is optimized with the Yoast SEO plugin v27.5 - https:\/\/yoast.com\/product\/yoast-seo-wordpress\/ -->\n<title>Vem a\u00ed o F\u00f3rum Rio 2022 - Lurdinha - Duque de Caxias para Est\u00f4magos Fortes<\/title>\n<meta name=\"robots\" content=\"index, follow, max-snippet:-1, max-image-preview:large, max-video-preview:-1\" \/>\n<link rel=\"canonical\" href=\"https:\/\/lurdinha.org\/site\/vem-ai-o-forum-rio-2022\/\" \/>\n<meta property=\"og:locale\" content=\"pt_BR\" \/>\n<meta property=\"og:type\" content=\"article\" \/>\n<meta property=\"og:title\" content=\"Vem a\u00ed o F\u00f3rum Rio 2022 - Lurdinha - Duque de Caxias para Est\u00f4magos Fortes\" \/>\n<meta property=\"og:description\" content=\"A Casa Fluminense te convida para o F\u00f3rum Rio 2022 e o lan\u00e7amento da nova...\" \/>\n<meta property=\"og:url\" content=\"https:\/\/lurdinha.org\/site\/vem-ai-o-forum-rio-2022\/\" \/>\n<meta property=\"og:site_name\" content=\"Lurdinha - Duque de Caxias para Est\u00f4magos Fortes\" \/>\n<meta property=\"article:publisher\" content=\"https:\/\/www.facebook.com\/LurdinhadeCaxias\" \/>\n<meta property=\"article:author\" content=\"henrique.silveira.319\" \/>\n<meta property=\"article:published_time\" content=\"2022-05-11T15:35:47+00:00\" \/>\n<meta property=\"article:modified_time\" content=\"2022-05-11T15:36:48+00:00\" \/>\n<meta property=\"og:image\" content=\"https:\/\/lurdinha.org\/site\/wp-content\/uploads\/forumrio22.jpeg\" \/>\n\t<meta property=\"og:image:width\" content=\"600\" \/>\n\t<meta property=\"og:image:height\" content=\"750\" \/>\n\t<meta property=\"og:image:type\" content=\"image\/jpeg\" \/>\n<meta name=\"author\" content=\"Henrique Silveira\" \/>\n<meta name=\"twitter:card\" content=\"summary_large_image\" \/>\n<meta name=\"twitter:label1\" content=\"Escrito por\" \/>\n\t<meta name=\"twitter:data1\" content=\"Henrique Silveira\" \/>\n\t<meta name=\"twitter:label2\" content=\"Est. tempo de leitura\" \/>\n\t<meta name=\"twitter:data2\" content=\"1 minuto\" \/>\n<script type=\"application\/ld+json\" class=\"yoast-schema-graph\">{\"@context\":\"https:\\\/\\\/schema.org\",\"@graph\":[{\"@type\":\"Article\",\"@id\":\"https:\\\/\\\/lurdinha.org\\\/site\\\/vem-ai-o-forum-rio-2022\\\/#article\",\"isPartOf\":{\"@id\":\"https:\\\/\\\/lurdinha.org\\\/site\\\/vem-ai-o-forum-rio-2022\\\/\"},\"author\":{\"name\":\"Henrique Silveira\",\"@id\":\"https:\\\/\\\/lurdinha.org\\\/site\\\/#\\\/schema\\\/person\\\/b7f36739e477fd3809ed9f880d85ba89\"},\"headline\":\"Vem a\u00ed o F\u00f3rum Rio 2022\",\"datePublished\":\"2022-05-11T15:35:47+00:00\",\"dateModified\":\"2022-05-11T15:36:48+00:00\",\"mainEntityOfPage\":{\"@id\":\"https:\\\/\\\/lurdinha.org\\\/site\\\/vem-ai-o-forum-rio-2022\\\/\"},\"wordCount\":134,\"commentCount\":0,\"publisher\":{\"@id\":\"https:\\\/\\\/lurdinha.org\\\/site\\\/#organization\"},\"image\":{\"@id\":\"https:\\\/\\\/lurdinha.org\\\/site\\\/vem-ai-o-forum-rio-2022\\\/#primaryimage\"},\"thumbnailUrl\":\"https:\\\/\\\/lurdinha.org\\\/site\\\/wp-content\\\/uploads\\\/forumrio22.jpeg\",\"articleSection\":[\"evento\",\"uma boa\"],\"inLanguage\":\"pt-BR\",\"potentialAction\":[{\"@type\":\"CommentAction\",\"name\":\"Comment\",\"target\":[\"https:\\\/\\\/lurdinha.org\\\/site\\\/vem-ai-o-forum-rio-2022\\\/#respond\"]}]},{\"@type\":\"WebPage\",\"@id\":\"https:\\\/\\\/lurdinha.org\\\/site\\\/vem-ai-o-forum-rio-2022\\\/\",\"url\":\"https:\\\/\\\/lurdinha.org\\\/site\\\/vem-ai-o-forum-rio-2022\\\/\",\"name\":\"Vem a\u00ed o F\u00f3rum Rio 2022 - Lurdinha - Duque de Caxias para Est\u00f4magos Fortes\",\"isPartOf\":{\"@id\":\"https:\\\/\\\/lurdinha.org\\\/site\\\/#website\"},\"primaryImageOfPage\":{\"@id\":\"https:\\\/\\\/lurdinha.org\\\/site\\\/vem-ai-o-forum-rio-2022\\\/#primaryimage\"},\"image\":{\"@id\":\"https:\\\/\\\/lurdinha.org\\\/site\\\/vem-ai-o-forum-rio-2022\\\/#primaryimage\"},\"thumbnailUrl\":\"https:\\\/\\\/lurdinha.org\\\/site\\\/wp-content\\\/uploads\\\/forumrio22.jpeg\",\"datePublished\":\"2022-05-11T15:35:47+00:00\",\"dateModified\":\"2022-05-11T15:36:48+00:00\",\"breadcrumb\":{\"@id\":\"https:\\\/\\\/lurdinha.org\\\/site\\\/vem-ai-o-forum-rio-2022\\\/#breadcrumb\"},\"inLanguage\":\"pt-BR\",\"potentialAction\":[{\"@type\":\"ReadAction\",\"target\":[\"https:\\\/\\\/lurdinha.org\\\/site\\\/vem-ai-o-forum-rio-2022\\\/\"]}]},{\"@type\":\"ImageObject\",\"inLanguage\":\"pt-BR\",\"@id\":\"https:\\\/\\\/lurdinha.org\\\/site\\\/vem-ai-o-forum-rio-2022\\\/#primaryimage\",\"url\":\"https:\\\/\\\/lurdinha.org\\\/site\\\/wp-content\\\/uploads\\\/forumrio22.jpeg\",\"contentUrl\":\"https:\\\/\\\/lurdinha.org\\\/site\\\/wp-content\\\/uploads\\\/forumrio22.jpeg\",\"width\":600,\"height\":750,\"caption\":\"F\u00f3rum Rio 2022\"},{\"@type\":\"BreadcrumbList\",\"@id\":\"https:\\\/\\\/lurdinha.org\\\/site\\\/vem-ai-o-forum-rio-2022\\\/#breadcrumb\",\"itemListElement\":[{\"@type\":\"ListItem\",\"position\":1,\"name\":\"In\u00edcio\",\"item\":\"https:\\\/\\\/lurdinha.org\\\/site\\\/\"},{\"@type\":\"ListItem\",\"position\":2,\"name\":\"Vem a\u00ed o F\u00f3rum Rio 2022\"}]},{\"@type\":\"WebSite\",\"@id\":\"https:\\\/\\\/lurdinha.org\\\/site\\\/#website\",\"url\":\"https:\\\/\\\/lurdinha.org\\\/site\\\/\",\"name\":\"Lurdinha - Duque de Caxias para Est\u00f4magos Fortes\",\"description\":\"Site sobre Arte, Cultura, Pol\u00edtica, Sociedade e curiosidades da cidade de Duque de Caxias, RJ\",\"publisher\":{\"@id\":\"https:\\\/\\\/lurdinha.org\\\/site\\\/#organization\"},\"alternateName\":\"Lurdinha\",\"potentialAction\":[{\"@type\":\"SearchAction\",\"target\":{\"@type\":\"EntryPoint\",\"urlTemplate\":\"https:\\\/\\\/lurdinha.org\\\/site\\\/?s={search_term_string}\"},\"query-input\":{\"@type\":\"PropertyValueSpecification\",\"valueRequired\":true,\"valueName\":\"search_term_string\"}}],\"inLanguage\":\"pt-BR\"},{\"@type\":\"Organization\",\"@id\":\"https:\\\/\\\/lurdinha.org\\\/site\\\/#organization\",\"name\":\"Lurdinha de Caxias\",\"url\":\"https:\\\/\\\/lurdinha.org\\\/site\\\/\",\"logo\":{\"@type\":\"ImageObject\",\"inLanguage\":\"pt-BR\",\"@id\":\"https:\\\/\\\/lurdinha.org\\\/site\\\/#\\\/schema\\\/logo\\\/image\\\/\",\"url\":\"https:\\\/\\\/lurdinha.org\\\/site\\\/wp-content\\\/uploads\\\/logo-lurdinha.jpg\",\"contentUrl\":\"https:\\\/\\\/lurdinha.org\\\/site\\\/wp-content\\\/uploads\\\/logo-lurdinha.jpg\",\"width\":640,\"height\":60,\"caption\":\"Lurdinha de Caxias\"},\"image\":{\"@id\":\"https:\\\/\\\/lurdinha.org\\\/site\\\/#\\\/schema\\\/logo\\\/image\\\/\"},\"sameAs\":[\"https:\\\/\\\/www.facebook.com\\\/LurdinhadeCaxias\",\"https:\\\/\\\/www.instagram.com\\\/lurdinhadecaxias\"]},{\"@type\":\"Person\",\"@id\":\"https:\\\/\\\/lurdinha.org\\\/site\\\/#\\\/schema\\\/person\\\/b7f36739e477fd3809ed9f880d85ba89\",\"name\":\"Henrique Silveira\",\"image\":{\"@type\":\"ImageObject\",\"inLanguage\":\"pt-BR\",\"@id\":\"https:\\\/\\\/secure.gravatar.com\\\/avatar\\\/65ed9674651bf1e369939454eea465de6a6b2c680f11e9374ce65b4952afaefc?s=96&d=mm&r=g\",\"url\":\"https:\\\/\\\/secure.gravatar.com\\\/avatar\\\/65ed9674651bf1e369939454eea465de6a6b2c680f11e9374ce65b4952afaefc?s=96&d=mm&r=g\",\"contentUrl\":\"https:\\\/\\\/secure.gravatar.com\\\/avatar\\\/65ed9674651bf1e369939454eea465de6a6b2c680f11e9374ce65b4952afaefc?s=96&d=mm&r=g\",\"caption\":\"Henrique Silveira\"},\"description\":\"Henrique Silveira \u00e9 ge\u00f3grafo, cofundador da Casa Fluminense e autor do livro \u201cRio por Inteiro: reflex\u00f5es sobre a cidade metropolitana\u201d.\",\"sameAs\":[\"henrique.silveira.319\"],\"url\":\"https:\\\/\\\/lurdinha.org\\\/site\\\/author\\\/henriquesilveira\\\/\"}]}<\/script>\n<!-- \/ Yoast SEO plugin. -->","yoast_head_json":{"title":"Vem a\u00ed o F\u00f3rum Rio 2022 - Lurdinha - Duque de Caxias para Est\u00f4magos Fortes","robots":{"index":"index","follow":"follow","max-snippet":"max-snippet:-1","max-image-preview":"max-image-preview:large","max-video-preview":"max-video-preview:-1"},"canonical":"https:\/\/lurdinha.org\/site\/vem-ai-o-forum-rio-2022\/","og_locale":"pt_BR","og_type":"article","og_title":"Vem a\u00ed o F\u00f3rum Rio 2022 - Lurdinha - Duque de Caxias para Est\u00f4magos Fortes","og_description":"A Casa Fluminense te convida para o F\u00f3rum Rio 2022 e o lan\u00e7amento da nova...","og_url":"https:\/\/lurdinha.org\/site\/vem-ai-o-forum-rio-2022\/","og_site_name":"Lurdinha - Duque de Caxias para Est\u00f4magos Fortes","article_publisher":"https:\/\/www.facebook.com\/LurdinhadeCaxias","article_author":"henrique.silveira.319","article_published_time":"2022-05-11T15:35:47+00:00","article_modified_time":"2022-05-11T15:36:48+00:00","og_image":[{"width":600,"height":750,"url":"https:\/\/lurdinha.org\/site\/wp-content\/uploads\/forumrio22.jpeg","type":"image\/jpeg"}],"author":"Henrique Silveira","twitter_card":"summary_large_image","twitter_misc":{"Escrito por":"Henrique Silveira","Est. tempo de leitura":"1 minuto"},"schema":{"@context":"https:\/\/schema.org","@graph":[{"@type":"Article","@id":"https:\/\/lurdinha.org\/site\/vem-ai-o-forum-rio-2022\/#article","isPartOf":{"@id":"https:\/\/lurdinha.org\/site\/vem-ai-o-forum-rio-2022\/"},"author":{"name":"Henrique Silveira","@id":"https:\/\/lurdinha.org\/site\/#\/schema\/person\/b7f36739e477fd3809ed9f880d85ba89"},"headline":"Vem a\u00ed o F\u00f3rum Rio 2022","datePublished":"2022-05-11T15:35:47+00:00","dateModified":"2022-05-11T15:36:48+00:00","mainEntityOfPage":{"@id":"https:\/\/lurdinha.org\/site\/vem-ai-o-forum-rio-2022\/"},"wordCount":134,"commentCount":0,"publisher":{"@id":"https:\/\/lurdinha.org\/site\/#organization"},"image":{"@id":"https:\/\/lurdinha.org\/site\/vem-ai-o-forum-rio-2022\/#primaryimage"},"thumbnailUrl":"https:\/\/lurdinha.org\/site\/wp-content\/uploads\/forumrio22.jpeg","articleSection":["evento","uma boa"],"inLanguage":"pt-BR","potentialAction":[{"@type":"CommentAction","name":"Comment","target":["https:\/\/lurdinha.org\/site\/vem-ai-o-forum-rio-2022\/#respond"]}]},{"@type":"WebPage","@id":"https:\/\/lurdinha.org\/site\/vem-ai-o-forum-rio-2022\/","url":"https:\/\/lurdinha.org\/site\/vem-ai-o-forum-rio-2022\/","name":"Vem a\u00ed o F\u00f3rum Rio 2022 - Lurdinha - Duque de Caxias para Est\u00f4magos Fortes","isPartOf":{"@id":"https:\/\/lurdinha.org\/site\/#website"},"primaryImageOfPage":{"@id":"https:\/\/lurdinha.org\/site\/vem-ai-o-forum-rio-2022\/#primaryimage"},"image":{"@id":"https:\/\/lurdinha.org\/site\/vem-ai-o-forum-rio-2022\/#primaryimage"},"thumbnailUrl":"https:\/\/lurdinha.org\/site\/wp-content\/uploads\/forumrio22.jpeg","datePublished":"2022-05-11T15:35:47+00:00","dateModified":"2022-05-11T15:36:48+00:00","breadcrumb":{"@id":"https:\/\/lurdinha.org\/site\/vem-ai-o-forum-rio-2022\/#breadcrumb"},"inLanguage":"pt-BR","potentialAction":[{"@type":"ReadAction","target":["https:\/\/lurdinha.org\/site\/vem-ai-o-forum-rio-2022\/"]}]},{"@type":"ImageObject","inLanguage":"pt-BR","@id":"https:\/\/lurdinha.org\/site\/vem-ai-o-forum-rio-2022\/#primaryimage","url":"https:\/\/lurdinha.org\/site\/wp-content\/uploads\/forumrio22.jpeg","contentUrl":"https:\/\/lurdinha.org\/site\/wp-content\/uploads\/forumrio22.jpeg","width":600,"height":750,"caption":"F\u00f3rum Rio 2022"},{"@type":"BreadcrumbList","@id":"https:\/\/lurdinha.org\/site\/vem-ai-o-forum-rio-2022\/#breadcrumb","itemListElement":[{"@type":"ListItem","position":1,"name":"In\u00edcio","item":"https:\/\/lurdinha.org\/site\/"},{"@type":"ListItem","position":2,"name":"Vem a\u00ed o F\u00f3rum Rio 2022"}]},{"@type":"WebSite","@id":"https:\/\/lurdinha.org\/site\/#website","url":"https:\/\/lurdinha.org\/site\/","name":"Lurdinha - Duque de Caxias para Est\u00f4magos Fortes","description":"Site sobre Arte, Cultura, Pol\u00edtica, Sociedade e curiosidades da cidade de Duque de Caxias, RJ","publisher":{"@id":"https:\/\/lurdinha.org\/site\/#organization"},"alternateName":"Lurdinha","potentialAction":[{"@type":"SearchAction","target":{"@type":"EntryPoint","urlTemplate":"https:\/\/lurdinha.org\/site\/?s={search_term_string}"},"query-input":{"@type":"PropertyValueSpecification","valueRequired":true,"valueName":"search_term_string"}}],"inLanguage":"pt-BR"},{"@type":"Organization","@id":"https:\/\/lurdinha.org\/site\/#organization","name":"Lurdinha de Caxias","url":"https:\/\/lurdinha.org\/site\/","logo":{"@type":"ImageObject","inLanguage":"pt-BR","@id":"https:\/\/lurdinha.org\/site\/#\/schema\/logo\/image\/","url":"https:\/\/lurdinha.org\/site\/wp-content\/uploads\/logo-lurdinha.jpg","contentUrl":"https:\/\/lurdinha.org\/site\/wp-content\/uploads\/logo-lurdinha.jpg","width":640,"height":60,"caption":"Lurdinha de Caxias"},"image":{"@id":"https:\/\/lurdinha.org\/site\/#\/schema\/logo\/image\/"},"sameAs":["https:\/\/www.facebook.com\/LurdinhadeCaxias","https:\/\/www.instagram.com\/lurdinhadecaxias"]},{"@type":"Person","@id":"https:\/\/lurdinha.org\/site\/#\/schema\/person\/b7f36739e477fd3809ed9f880d85ba89","name":"Henrique Silveira","image":{"@type":"ImageObject","inLanguage":"pt-BR","@id":"https:\/\/secure.gravatar.com\/avatar\/65ed9674651bf1e369939454eea465de6a6b2c680f11e9374ce65b4952afaefc?s=96&d=mm&r=g","url":"https:\/\/secure.gravatar.com\/avatar\/65ed9674651bf1e369939454eea465de6a6b2c680f11e9374ce65b4952afaefc?s=96&d=mm&r=g","contentUrl":"https:\/\/secure.gravatar.com\/avatar\/65ed9674651bf1e369939454eea465de6a6b2c680f11e9374ce65b4952afaefc?s=96&d=mm&r=g","caption":"Henrique Silveira"},"description":"Henrique Silveira \u00e9 ge\u00f3grafo, cofundador da Casa Fluminense e autor do livro \u201cRio por Inteiro: reflex\u00f5es sobre a cidade metropolitana\u201d.","sameAs":["henrique.silveira.319"],"url":"https:\/\/lurdinha.org\/site\/author\/henriquesilveira\/"}]}},"views":5007,"_links":{"self":[{"href":"https:\/\/lurdinha.org\/site\/wp-json\/wp\/v2\/posts\/10312","targetHints":{"allow":["GET"]}}],"collection":[{"href":"https:\/\/lurdinha.org\/site\/wp-json\/wp\/v2\/posts"}],"about":[{"href":"https:\/\/lurdinha.org\/site\/wp-json\/wp\/v2\/types\/post"}],"author":[{"embeddable":true,"href":"https:\/\/lurdinha.org\/site\/wp-json\/wp\/v2\/users\/16"}],"replies":[{"embeddable":true,"href":"https:\/\/lurdinha.org\/site\/wp-json\/wp\/v2\/comments?post=10312"}],"version-history":[{"count":2,"href":"https:\/\/lurdinha.org\/site\/wp-json\/wp\/v2\/posts\/10312\/revisions"}],"predecessor-version":[{"id":10315,"href":"https:\/\/lurdinha.org\/site\/wp-json\/wp\/v2\/posts\/10312\/revisions\/10315"}],"wp:featuredmedia":[{"embeddable":true,"href":"https:\/\/lurdinha.org\/site\/wp-json\/wp\/v2\/media\/10313"}],"wp:attachment":[{"href":"https:\/\/lurdinha.org\/site\/wp-json\/wp\/v2\/media?parent=10312"}],"wp:term":[{"taxonomy":"category","embeddable":true,"href":"https:\/\/lurdinha.org\/site\/wp-json\/wp\/v2\/categories?post=10312"},{"taxonomy":"post_tag","embeddable":true,"href":"https:\/\/lurdinha.org\/site\/wp-json\/wp\/v2\/tags?post=10312"}],"curies":[{"name":"wp","href":"https:\/\/api.w.org\/{rel}","templated":true}]}}