{"id":10279,"date":"2022-04-28T01:05:18","date_gmt":"2022-04-28T01:05:18","guid":{"rendered":"https:\/\/lurdinha.org\/site\/?p=10279"},"modified":"2022-04-28T01:13:49","modified_gmt":"2022-04-28T01:13:49","slug":"um-forte-vento-que-fazia-tudo-girar","status":"publish","type":"post","link":"https:\/\/lurdinha.org\/site\/um-forte-vento-que-fazia-tudo-girar\/","title":{"rendered":"Um forte vento que fazia tudo girar"},"content":{"rendered":"<p>Alguns dos meus 2,750 seguidores\/amigos me perguntaram nas ruas da Vila S\u00e3o Jos\u00e9 hist\u00f3rica e de sangue azul. &#8220;E a\u00ed Poeta? Custou mas chegou.!&#8221; Se referiam \u00e1 vit\u00f3ria inesquec\u00edvel da Acad\u00eamicos do Grande Rio. Tenho amigos l\u00e1. Ruan Paiva, Monica, Marisa &#8220;Furac\u00e3o&#8221;, Marcelo da rua 5, Dudu do Pantanal&#8230;Gosto de v\u00ea-los felizes.<br \/>\nCheguei em Duque de Caxias com 7 anos. Era apenas uma crian\u00e7a entrando com minha fam\u00edlia na t\u00e3o pol\u00eamica &#8220;Caxias dos matadores!&#8221; Das primeiras p\u00e1ginas do jornal O Dia. E eu cheguei pra rua 20 casa 8, na minha pequenina Vila S\u00e3o Jos\u00e9. Justamente a 50 metros da ch\u00e1cara onde vivia o famoso Dr.Ten\u00f3rio Cavalcanti, Homem da Capa Preta.<br \/>\n\u00c0 \u00e9poca tinha a Cartolinhas de Caxias famosa e de grandes compositores como Helio Cabral e a sua eterna &#8220;Benfeitores do Universo&#8221; regravado at\u00e9 por Z\u00e9lia Duncan. N\u00e3o sei porque mas nos anos 60 me apaixonei pelos temas afros de um revolucion\u00e1rio de nome Fernando Pamplona. Da\u00ed meu amor pelo Sangueiro. At\u00e9 hoje.<br \/>\nAnos e anos depois, lembro do saudoso Wallace Soares falando no restaurante The Linx, de Ipanema, do tanto de dinheiro que ele estava gastando com a nova escola de Duque de Caxias, fruto da fus\u00e3o de v\u00e1rias e que, segundo ele, ser\u00eda a grande Escola do Rio de Janeiro. Grande Rio. Acad\u00eamicos do Grande Rio. Trinta anos entre bons momentos e escorreg\u00f5es. Jo\u00e3ozinho Trinta, La\u00edla&#8230; muitos craques passaram por l\u00e1. Ultimamente ela vinha batendo na trave. \u00c9 que a Tradi\u00e7\u00e3o da Mangueira e o Profissionalismo da Beija Flor criavam problemas. Ano passado foi assim. At\u00e9 que com o fim da praga mundial, a Covid,os b\u00fazios foram jogados e o caminho aberto. No pante\u00e3o afro um Orix\u00e1 mal entendido, linguisticamente mal traduzido, Exu, foi apresentado na Avenida, e me lembrou o Salgueiro de Pamplona. Um forte vento que fazia tudo girar. Garra. samba sem refr\u00e3o, a Grande Rio foi 10. E esclareceu tudo.<br \/>\nEspero que esse vento leve pra longe a incompreens\u00e3o, a intoler\u00e2ncia religiosa que vandaliza altares, chuta Nossa Senhora, fecha centros de Umbanda e Candombl\u00e9, principalmente nas Comunidades com a coniv\u00eancia de \u00f3rg\u00e3os que deveriam ser competentes. Diabo \u00e9 quem deixa o irm\u00e3o passar fome. Diabo \u00e9 quem passa e v\u00ea um irm\u00e3o v\u00edtima de ladr\u00f5es ca\u00eddo, ferido e n\u00e3o socorre. Como Jesus contou na par\u00e1bola do bom Samaritano.<br \/>\nDiabo \u00e9 quem n\u00e3o ama o seu pr\u00f3ximo. Assim disse o Filho de Deus que veio com uma \u00fanica f\u00f3rmula; AMOR.<br \/>\nVida longa, caminhos eternamente abertos pra Acad\u00eamicos do Grande Rio, da minha Duque de Caxias.<br \/>\nDo menino retirante da seca que cresceu e aprendeu o B A = B\u00c1.<\/p>\n<p>(C.A.)<\/p>\n<p><img loading=\"lazy\" decoding=\"async\" class=\"alignleft size-full wp-image-10283\" src=\"https:\/\/lurdinha.org\/site\/wp-content\/uploads\/exu-ator-granderio2022.jpg\" alt=\"\" width=\"900\" height=\"506\" srcset=\"https:\/\/lurdinha.org\/site\/wp-content\/uploads\/exu-ator-granderio2022.jpg 900w, https:\/\/lurdinha.org\/site\/wp-content\/uploads\/exu-ator-granderio2022-300x169.jpg 300w, https:\/\/lurdinha.org\/site\/wp-content\/uploads\/exu-ator-granderio2022-610x343.jpg 610w, https:\/\/lurdinha.org\/site\/wp-content\/uploads\/exu-ator-granderio2022-768x432.jpg 768w\" sizes=\"auto, (max-width: 900px) 100vw, 900px\" \/><\/p>\n","protected":false},"excerpt":{"rendered":"<p>Alguns dos meus 2,750 seguidores\/amigos me perguntaram nas ruas da Vila S\u00e3o Jos\u00e9 hist\u00f3rica e&#8230;<\/p>\n","protected":false},"author":61,"featured_media":10283,"comment_status":"open","ping_status":"closed","sticky":false,"template":"","format":"standard","meta":{"footnotes":""},"categories":[9],"tags":[12,17,329,1281,11,1284,330,1278],"class_list":["post-10279","post","type-post","status-publish","format-standard","has-post-thumbnail","hentry","category-historia","tag-baixada-fluminense","tag-carnaval","tag-carnaval-caxiense","tag-claudio-aragao","tag-duque-de-caxias","tag-fala-majete","tag-grande-rio","tag-vila-sao-jose"],"yoast_head":"<!-- This site is optimized with the Yoast SEO plugin v27.5 - https:\/\/yoast.com\/product\/yoast-seo-wordpress\/ -->\n<title>Um forte vento que fazia tudo girar - Lurdinha - Duque de Caxias para Est\u00f4magos Fortes<\/title>\n<meta name=\"robots\" content=\"index, follow, max-snippet:-1, max-image-preview:large, max-video-preview:-1\" \/>\n<link rel=\"canonical\" href=\"https:\/\/lurdinha.org\/site\/um-forte-vento-que-fazia-tudo-girar\/\" \/>\n<meta property=\"og:locale\" content=\"pt_BR\" \/>\n<meta property=\"og:type\" content=\"article\" \/>\n<meta property=\"og:title\" content=\"Um forte vento que fazia tudo girar - Lurdinha - Duque de Caxias para Est\u00f4magos Fortes\" \/>\n<meta property=\"og:description\" content=\"Alguns dos meus 2,750 seguidores\/amigos me perguntaram nas ruas da Vila S\u00e3o Jos\u00e9 hist\u00f3rica e...\" \/>\n<meta property=\"og:url\" content=\"https:\/\/lurdinha.org\/site\/um-forte-vento-que-fazia-tudo-girar\/\" \/>\n<meta property=\"og:site_name\" content=\"Lurdinha - Duque de Caxias para Est\u00f4magos Fortes\" \/>\n<meta property=\"article:publisher\" content=\"https:\/\/www.facebook.com\/LurdinhadeCaxias\" \/>\n<meta property=\"article:author\" content=\"https:\/\/www.facebook.com\/claudio.aragao.560\" \/>\n<meta property=\"article:published_time\" content=\"2022-04-28T01:05:18+00:00\" \/>\n<meta property=\"article:modified_time\" content=\"2022-04-28T01:13:49+00:00\" \/>\n<meta property=\"og:image\" content=\"https:\/\/lurdinha.org\/site\/wp-content\/uploads\/exu-ator-granderio2022.jpg\" \/>\n\t<meta property=\"og:image:width\" content=\"900\" \/>\n\t<meta property=\"og:image:height\" content=\"506\" \/>\n\t<meta property=\"og:image:type\" content=\"image\/jpeg\" \/>\n<meta name=\"author\" content=\"Cl\u00e1udio Arag\u00e3o\" \/>\n<meta name=\"twitter:card\" content=\"summary_large_image\" \/>\n<meta name=\"twitter:label1\" content=\"Escrito por\" \/>\n\t<meta name=\"twitter:data1\" content=\"Cl\u00e1udio Arag\u00e3o\" \/>\n\t<meta name=\"twitter:label2\" content=\"Est. tempo de leitura\" \/>\n\t<meta name=\"twitter:data2\" content=\"2 minutos\" \/>\n<script type=\"application\/ld+json\" class=\"yoast-schema-graph\">{\"@context\":\"https:\\\/\\\/schema.org\",\"@graph\":[{\"@type\":\"Article\",\"@id\":\"https:\\\/\\\/lurdinha.org\\\/site\\\/um-forte-vento-que-fazia-tudo-girar\\\/#article\",\"isPartOf\":{\"@id\":\"https:\\\/\\\/lurdinha.org\\\/site\\\/um-forte-vento-que-fazia-tudo-girar\\\/\"},\"author\":{\"name\":\"Cl\u00e1udio Arag\u00e3o\",\"@id\":\"https:\\\/\\\/lurdinha.org\\\/site\\\/#\\\/schema\\\/person\\\/f6c487a1a7c1d5f3eeea9ba82346129d\"},\"headline\":\"Um forte vento que fazia tudo girar\",\"datePublished\":\"2022-04-28T01:05:18+00:00\",\"dateModified\":\"2022-04-28T01:13:49+00:00\",\"mainEntityOfPage\":{\"@id\":\"https:\\\/\\\/lurdinha.org\\\/site\\\/um-forte-vento-que-fazia-tudo-girar\\\/\"},\"wordCount\":476,\"commentCount\":0,\"publisher\":{\"@id\":\"https:\\\/\\\/lurdinha.org\\\/site\\\/#organization\"},\"image\":{\"@id\":\"https:\\\/\\\/lurdinha.org\\\/site\\\/um-forte-vento-que-fazia-tudo-girar\\\/#primaryimage\"},\"thumbnailUrl\":\"https:\\\/\\\/lurdinha.org\\\/site\\\/wp-content\\\/uploads\\\/exu-ator-granderio2022.jpg\",\"keywords\":[\"baixada-fluminense\",\"carnaval\",\"Carnaval caxiense\",\"claudio aragao\",\"duque-de-caxias\",\"fala majete\",\"Grande Rio\",\"vila sao jose\"],\"articleSection\":[\"hist\u00f3ria\"],\"inLanguage\":\"pt-BR\",\"potentialAction\":[{\"@type\":\"CommentAction\",\"name\":\"Comment\",\"target\":[\"https:\\\/\\\/lurdinha.org\\\/site\\\/um-forte-vento-que-fazia-tudo-girar\\\/#respond\"]}]},{\"@type\":\"WebPage\",\"@id\":\"https:\\\/\\\/lurdinha.org\\\/site\\\/um-forte-vento-que-fazia-tudo-girar\\\/\",\"url\":\"https:\\\/\\\/lurdinha.org\\\/site\\\/um-forte-vento-que-fazia-tudo-girar\\\/\",\"name\":\"Um forte vento que fazia tudo girar - Lurdinha - Duque de Caxias para Est\u00f4magos Fortes\",\"isPartOf\":{\"@id\":\"https:\\\/\\\/lurdinha.org\\\/site\\\/#website\"},\"primaryImageOfPage\":{\"@id\":\"https:\\\/\\\/lurdinha.org\\\/site\\\/um-forte-vento-que-fazia-tudo-girar\\\/#primaryimage\"},\"image\":{\"@id\":\"https:\\\/\\\/lurdinha.org\\\/site\\\/um-forte-vento-que-fazia-tudo-girar\\\/#primaryimage\"},\"thumbnailUrl\":\"https:\\\/\\\/lurdinha.org\\\/site\\\/wp-content\\\/uploads\\\/exu-ator-granderio2022.jpg\",\"datePublished\":\"2022-04-28T01:05:18+00:00\",\"dateModified\":\"2022-04-28T01:13:49+00:00\",\"breadcrumb\":{\"@id\":\"https:\\\/\\\/lurdinha.org\\\/site\\\/um-forte-vento-que-fazia-tudo-girar\\\/#breadcrumb\"},\"inLanguage\":\"pt-BR\",\"potentialAction\":[{\"@type\":\"ReadAction\",\"target\":[\"https:\\\/\\\/lurdinha.org\\\/site\\\/um-forte-vento-que-fazia-tudo-girar\\\/\"]}]},{\"@type\":\"ImageObject\",\"inLanguage\":\"pt-BR\",\"@id\":\"https:\\\/\\\/lurdinha.org\\\/site\\\/um-forte-vento-que-fazia-tudo-girar\\\/#primaryimage\",\"url\":\"https:\\\/\\\/lurdinha.org\\\/site\\\/wp-content\\\/uploads\\\/exu-ator-granderio2022.jpg\",\"contentUrl\":\"https:\\\/\\\/lurdinha.org\\\/site\\\/wp-content\\\/uploads\\\/exu-ator-granderio2022.jpg\",\"width\":900,\"height\":506},{\"@type\":\"BreadcrumbList\",\"@id\":\"https:\\\/\\\/lurdinha.org\\\/site\\\/um-forte-vento-que-fazia-tudo-girar\\\/#breadcrumb\",\"itemListElement\":[{\"@type\":\"ListItem\",\"position\":1,\"name\":\"In\u00edcio\",\"item\":\"https:\\\/\\\/lurdinha.org\\\/site\\\/\"},{\"@type\":\"ListItem\",\"position\":2,\"name\":\"Um forte vento que fazia tudo girar\"}]},{\"@type\":\"WebSite\",\"@id\":\"https:\\\/\\\/lurdinha.org\\\/site\\\/#website\",\"url\":\"https:\\\/\\\/lurdinha.org\\\/site\\\/\",\"name\":\"Lurdinha - Duque de Caxias para Est\u00f4magos Fortes\",\"description\":\"Site sobre Arte, Cultura, Pol\u00edtica, Sociedade e curiosidades da cidade de Duque de Caxias, RJ\",\"publisher\":{\"@id\":\"https:\\\/\\\/lurdinha.org\\\/site\\\/#organization\"},\"alternateName\":\"Lurdinha\",\"potentialAction\":[{\"@type\":\"SearchAction\",\"target\":{\"@type\":\"EntryPoint\",\"urlTemplate\":\"https:\\\/\\\/lurdinha.org\\\/site\\\/?s={search_term_string}\"},\"query-input\":{\"@type\":\"PropertyValueSpecification\",\"valueRequired\":true,\"valueName\":\"search_term_string\"}}],\"inLanguage\":\"pt-BR\"},{\"@type\":\"Organization\",\"@id\":\"https:\\\/\\\/lurdinha.org\\\/site\\\/#organization\",\"name\":\"Lurdinha de Caxias\",\"url\":\"https:\\\/\\\/lurdinha.org\\\/site\\\/\",\"logo\":{\"@type\":\"ImageObject\",\"inLanguage\":\"pt-BR\",\"@id\":\"https:\\\/\\\/lurdinha.org\\\/site\\\/#\\\/schema\\\/logo\\\/image\\\/\",\"url\":\"https:\\\/\\\/lurdinha.org\\\/site\\\/wp-content\\\/uploads\\\/logo-lurdinha.jpg\",\"contentUrl\":\"https:\\\/\\\/lurdinha.org\\\/site\\\/wp-content\\\/uploads\\\/logo-lurdinha.jpg\",\"width\":640,\"height\":60,\"caption\":\"Lurdinha de Caxias\"},\"image\":{\"@id\":\"https:\\\/\\\/lurdinha.org\\\/site\\\/#\\\/schema\\\/logo\\\/image\\\/\"},\"sameAs\":[\"https:\\\/\\\/www.facebook.com\\\/LurdinhadeCaxias\",\"https:\\\/\\\/www.instagram.com\\\/lurdinhadecaxias\"]},{\"@type\":\"Person\",\"@id\":\"https:\\\/\\\/lurdinha.org\\\/site\\\/#\\\/schema\\\/person\\\/f6c487a1a7c1d5f3eeea9ba82346129d\",\"name\":\"Cl\u00e1udio Arag\u00e3o\",\"image\":{\"@type\":\"ImageObject\",\"inLanguage\":\"pt-BR\",\"@id\":\"https:\\\/\\\/secure.gravatar.com\\\/avatar\\\/c7942157adfd04dc45485d03bc42f72e1afdf42fabba08ddeba3d343f8a5e41e?s=96&d=mm&r=g\",\"url\":\"https:\\\/\\\/secure.gravatar.com\\\/avatar\\\/c7942157adfd04dc45485d03bc42f72e1afdf42fabba08ddeba3d343f8a5e41e?s=96&d=mm&r=g\",\"contentUrl\":\"https:\\\/\\\/secure.gravatar.com\\\/avatar\\\/c7942157adfd04dc45485d03bc42f72e1afdf42fabba08ddeba3d343f8a5e41e?s=96&d=mm&r=g\",\"caption\":\"Cl\u00e1udio Arag\u00e3o\"},\"description\":\"Escritor com mais de 15 livros publicados\",\"sameAs\":[\"https:\\\/\\\/www.facebook.com\\\/Dias-de-vila-s\u00e3o-jos\u00e9-250746165124223\",\"https:\\\/\\\/www.facebook.com\\\/claudio.aragao.560\"],\"url\":\"https:\\\/\\\/lurdinha.org\\\/site\\\/author\\\/claudioaragao\\\/\"}]}<\/script>\n<!-- \/ Yoast SEO plugin. -->","yoast_head_json":{"title":"Um forte vento que fazia tudo girar - Lurdinha - Duque de Caxias para Est\u00f4magos Fortes","robots":{"index":"index","follow":"follow","max-snippet":"max-snippet:-1","max-image-preview":"max-image-preview:large","max-video-preview":"max-video-preview:-1"},"canonical":"https:\/\/lurdinha.org\/site\/um-forte-vento-que-fazia-tudo-girar\/","og_locale":"pt_BR","og_type":"article","og_title":"Um forte vento que fazia tudo girar - Lurdinha - Duque de Caxias para Est\u00f4magos Fortes","og_description":"Alguns dos meus 2,750 seguidores\/amigos me perguntaram nas ruas da Vila S\u00e3o Jos\u00e9 hist\u00f3rica e...","og_url":"https:\/\/lurdinha.org\/site\/um-forte-vento-que-fazia-tudo-girar\/","og_site_name":"Lurdinha - Duque de Caxias para Est\u00f4magos Fortes","article_publisher":"https:\/\/www.facebook.com\/LurdinhadeCaxias","article_author":"https:\/\/www.facebook.com\/claudio.aragao.560","article_published_time":"2022-04-28T01:05:18+00:00","article_modified_time":"2022-04-28T01:13:49+00:00","og_image":[{"width":900,"height":506,"url":"https:\/\/lurdinha.org\/site\/wp-content\/uploads\/exu-ator-granderio2022.jpg","type":"image\/jpeg"}],"author":"Cl\u00e1udio Arag\u00e3o","twitter_card":"summary_large_image","twitter_misc":{"Escrito por":"Cl\u00e1udio Arag\u00e3o","Est. tempo de leitura":"2 minutos"},"schema":{"@context":"https:\/\/schema.org","@graph":[{"@type":"Article","@id":"https:\/\/lurdinha.org\/site\/um-forte-vento-que-fazia-tudo-girar\/#article","isPartOf":{"@id":"https:\/\/lurdinha.org\/site\/um-forte-vento-que-fazia-tudo-girar\/"},"author":{"name":"Cl\u00e1udio Arag\u00e3o","@id":"https:\/\/lurdinha.org\/site\/#\/schema\/person\/f6c487a1a7c1d5f3eeea9ba82346129d"},"headline":"Um forte vento que fazia tudo girar","datePublished":"2022-04-28T01:05:18+00:00","dateModified":"2022-04-28T01:13:49+00:00","mainEntityOfPage":{"@id":"https:\/\/lurdinha.org\/site\/um-forte-vento-que-fazia-tudo-girar\/"},"wordCount":476,"commentCount":0,"publisher":{"@id":"https:\/\/lurdinha.org\/site\/#organization"},"image":{"@id":"https:\/\/lurdinha.org\/site\/um-forte-vento-que-fazia-tudo-girar\/#primaryimage"},"thumbnailUrl":"https:\/\/lurdinha.org\/site\/wp-content\/uploads\/exu-ator-granderio2022.jpg","keywords":["baixada-fluminense","carnaval","Carnaval caxiense","claudio aragao","duque-de-caxias","fala majete","Grande Rio","vila sao jose"],"articleSection":["hist\u00f3ria"],"inLanguage":"pt-BR","potentialAction":[{"@type":"CommentAction","name":"Comment","target":["https:\/\/lurdinha.org\/site\/um-forte-vento-que-fazia-tudo-girar\/#respond"]}]},{"@type":"WebPage","@id":"https:\/\/lurdinha.org\/site\/um-forte-vento-que-fazia-tudo-girar\/","url":"https:\/\/lurdinha.org\/site\/um-forte-vento-que-fazia-tudo-girar\/","name":"Um forte vento que fazia tudo girar - Lurdinha - Duque de Caxias para Est\u00f4magos Fortes","isPartOf":{"@id":"https:\/\/lurdinha.org\/site\/#website"},"primaryImageOfPage":{"@id":"https:\/\/lurdinha.org\/site\/um-forte-vento-que-fazia-tudo-girar\/#primaryimage"},"image":{"@id":"https:\/\/lurdinha.org\/site\/um-forte-vento-que-fazia-tudo-girar\/#primaryimage"},"thumbnailUrl":"https:\/\/lurdinha.org\/site\/wp-content\/uploads\/exu-ator-granderio2022.jpg","datePublished":"2022-04-28T01:05:18+00:00","dateModified":"2022-04-28T01:13:49+00:00","breadcrumb":{"@id":"https:\/\/lurdinha.org\/site\/um-forte-vento-que-fazia-tudo-girar\/#breadcrumb"},"inLanguage":"pt-BR","potentialAction":[{"@type":"ReadAction","target":["https:\/\/lurdinha.org\/site\/um-forte-vento-que-fazia-tudo-girar\/"]}]},{"@type":"ImageObject","inLanguage":"pt-BR","@id":"https:\/\/lurdinha.org\/site\/um-forte-vento-que-fazia-tudo-girar\/#primaryimage","url":"https:\/\/lurdinha.org\/site\/wp-content\/uploads\/exu-ator-granderio2022.jpg","contentUrl":"https:\/\/lurdinha.org\/site\/wp-content\/uploads\/exu-ator-granderio2022.jpg","width":900,"height":506},{"@type":"BreadcrumbList","@id":"https:\/\/lurdinha.org\/site\/um-forte-vento-que-fazia-tudo-girar\/#breadcrumb","itemListElement":[{"@type":"ListItem","position":1,"name":"In\u00edcio","item":"https:\/\/lurdinha.org\/site\/"},{"@type":"ListItem","position":2,"name":"Um forte vento que fazia tudo girar"}]},{"@type":"WebSite","@id":"https:\/\/lurdinha.org\/site\/#website","url":"https:\/\/lurdinha.org\/site\/","name":"Lurdinha - Duque de Caxias para Est\u00f4magos Fortes","description":"Site sobre Arte, Cultura, Pol\u00edtica, Sociedade e curiosidades da cidade de Duque de Caxias, RJ","publisher":{"@id":"https:\/\/lurdinha.org\/site\/#organization"},"alternateName":"Lurdinha","potentialAction":[{"@type":"SearchAction","target":{"@type":"EntryPoint","urlTemplate":"https:\/\/lurdinha.org\/site\/?s={search_term_string}"},"query-input":{"@type":"PropertyValueSpecification","valueRequired":true,"valueName":"search_term_string"}}],"inLanguage":"pt-BR"},{"@type":"Organization","@id":"https:\/\/lurdinha.org\/site\/#organization","name":"Lurdinha de Caxias","url":"https:\/\/lurdinha.org\/site\/","logo":{"@type":"ImageObject","inLanguage":"pt-BR","@id":"https:\/\/lurdinha.org\/site\/#\/schema\/logo\/image\/","url":"https:\/\/lurdinha.org\/site\/wp-content\/uploads\/logo-lurdinha.jpg","contentUrl":"https:\/\/lurdinha.org\/site\/wp-content\/uploads\/logo-lurdinha.jpg","width":640,"height":60,"caption":"Lurdinha de Caxias"},"image":{"@id":"https:\/\/lurdinha.org\/site\/#\/schema\/logo\/image\/"},"sameAs":["https:\/\/www.facebook.com\/LurdinhadeCaxias","https:\/\/www.instagram.com\/lurdinhadecaxias"]},{"@type":"Person","@id":"https:\/\/lurdinha.org\/site\/#\/schema\/person\/f6c487a1a7c1d5f3eeea9ba82346129d","name":"Cl\u00e1udio Arag\u00e3o","image":{"@type":"ImageObject","inLanguage":"pt-BR","@id":"https:\/\/secure.gravatar.com\/avatar\/c7942157adfd04dc45485d03bc42f72e1afdf42fabba08ddeba3d343f8a5e41e?s=96&d=mm&r=g","url":"https:\/\/secure.gravatar.com\/avatar\/c7942157adfd04dc45485d03bc42f72e1afdf42fabba08ddeba3d343f8a5e41e?s=96&d=mm&r=g","contentUrl":"https:\/\/secure.gravatar.com\/avatar\/c7942157adfd04dc45485d03bc42f72e1afdf42fabba08ddeba3d343f8a5e41e?s=96&d=mm&r=g","caption":"Cl\u00e1udio Arag\u00e3o"},"description":"Escritor com mais de 15 livros publicados","sameAs":["https:\/\/www.facebook.com\/Dias-de-vila-s\u00e3o-jos\u00e9-250746165124223","https:\/\/www.facebook.com\/claudio.aragao.560"],"url":"https:\/\/lurdinha.org\/site\/author\/claudioaragao\/"}]}},"views":1538,"_links":{"self":[{"href":"https:\/\/lurdinha.org\/site\/wp-json\/wp\/v2\/posts\/10279","targetHints":{"allow":["GET"]}}],"collection":[{"href":"https:\/\/lurdinha.org\/site\/wp-json\/wp\/v2\/posts"}],"about":[{"href":"https:\/\/lurdinha.org\/site\/wp-json\/wp\/v2\/types\/post"}],"author":[{"embeddable":true,"href":"https:\/\/lurdinha.org\/site\/wp-json\/wp\/v2\/users\/61"}],"replies":[{"embeddable":true,"href":"https:\/\/lurdinha.org\/site\/wp-json\/wp\/v2\/comments?post=10279"}],"version-history":[{"count":2,"href":"https:\/\/lurdinha.org\/site\/wp-json\/wp\/v2\/posts\/10279\/revisions"}],"predecessor-version":[{"id":10284,"href":"https:\/\/lurdinha.org\/site\/wp-json\/wp\/v2\/posts\/10279\/revisions\/10284"}],"wp:featuredmedia":[{"embeddable":true,"href":"https:\/\/lurdinha.org\/site\/wp-json\/wp\/v2\/media\/10283"}],"wp:attachment":[{"href":"https:\/\/lurdinha.org\/site\/wp-json\/wp\/v2\/media?parent=10279"}],"wp:term":[{"taxonomy":"category","embeddable":true,"href":"https:\/\/lurdinha.org\/site\/wp-json\/wp\/v2\/categories?post=10279"},{"taxonomy":"post_tag","embeddable":true,"href":"https:\/\/lurdinha.org\/site\/wp-json\/wp\/v2\/tags?post=10279"}],"curies":[{"name":"wp","href":"https:\/\/api.w.org\/{rel}","templated":true}]}}