{"id":10256,"date":"2022-04-14T14:16:40","date_gmt":"2022-04-14T14:16:40","guid":{"rendered":"https:\/\/lurdinha.org\/site\/?p=10256"},"modified":"2022-04-14T14:18:18","modified_gmt":"2022-04-14T14:18:18","slug":"dia-mundial-da-criatividade-sera-celebrado-em-caxias-com-extensa-programacao","status":"publish","type":"post","link":"https:\/\/lurdinha.org\/site\/dia-mundial-da-criatividade-sera-celebrado-em-caxias-com-extensa-programacao\/","title":{"rendered":"Dia Mundial da Criatividade ser\u00e1 celebrado em Caxias com extensa programa\u00e7\u00e3o"},"content":{"rendered":"<p><img loading=\"lazy\" decoding=\"async\" class=\"alignleft size-full wp-image-10258\" src=\"https:\/\/lurdinha.org\/site\/wp-content\/uploads\/wcd_caxias.jpg\" alt=\"Dia Mundial da Criatividade ser\u00e1 comemorado em Caxias\" width=\"892\" height=\"892\" srcset=\"https:\/\/lurdinha.org\/site\/wp-content\/uploads\/wcd_caxias.jpg 892w, https:\/\/lurdinha.org\/site\/wp-content\/uploads\/wcd_caxias-300x300.jpg 300w, https:\/\/lurdinha.org\/site\/wp-content\/uploads\/wcd_caxias-610x610.jpg 610w, https:\/\/lurdinha.org\/site\/wp-content\/uploads\/wcd_caxias-150x150.jpg 150w, https:\/\/lurdinha.org\/site\/wp-content\/uploads\/wcd_caxias-768x768.jpg 768w, https:\/\/lurdinha.org\/site\/wp-content\/uploads\/wcd_caxias-550x550.jpg 550w, https:\/\/lurdinha.org\/site\/wp-content\/uploads\/wcd_caxias-120x120.jpg 120w\" sizes=\"auto, (max-width: 892px) 100vw, 892px\" \/><\/p>\n<p>O <strong>Dia Mundial da Criatividade<\/strong> ser\u00e1 comemorado em Caxias no pr\u00f3ximo dia 21 com programa\u00e7\u00e3o em grande estilo no Gomeia Galp\u00e3o Criativo.<\/p>\n<p>A data \u00e9 um evento global que celebra uma data institu\u00edda pela ONU e j\u00e1 se tornou o maior festival colaborativo sobre criatividade do mundo, acontecendo este ano em mais de 100 cidades pelo Brasil.<\/p>\n<p>Em Caxias, a quinta edi\u00e7\u00e3o do WCD vai trazer um dia inteiro de oficinas e diversas atra\u00e7\u00f5es art\u00edsticas. No encerramento ter\u00e1 uma edi\u00e7\u00e3o especial do <strong>Sarau Dazamiga<\/strong> e a festa <strong>Celebrar a Vida<\/strong>, tocada pelo coletivo <b>Cria D. Caxias.<\/b><\/p>\n<p>A programa\u00e7\u00e3o completa pode ser consultada neste endere\u00e7o: <a href=\"http:\/\/abre.ai\/wcdduquedecaxias\" target=\"_blank\" rel=\"noopener\">abre.ai\/wcdduquedecaxias<\/a><\/p>\n<p><strong>SERVI\u00c7O<\/strong><\/p>\n<p><strong>Dia Mundial da Criatividade<br \/>\n<\/strong>Dia 21\/04\/22<br \/>\nHor\u00e1rio: de 09h30min \u00e0s 20h<br \/>\nLocal: Gomeia Galp\u00e3o Criativo<br \/>\nEndere\u00e7o: Rua Dr. Lauro Neiva, 21, Centro, Duque de Caxias, RJ<\/p>\n<p>@worldcreativityday #gomeiagalpaocriativo #criadcaxias #baixadafluminense #duquedecaxiasrj # worldcreativityday #diamundialdacriatividade #culturabaixada #culturacaxias<\/p>\n<p><img loading=\"lazy\" decoding=\"async\" class=\"alignnone size-full\" src=\"https:\/\/gomeia.com.br\/wp-content\/uploads\/2022\/04\/wcd_caxias_programacao1.jpg\" width=\"892\" height=\"892\" \/><\/p>\n<p><img loading=\"lazy\" decoding=\"async\" class=\"alignnone size-full\" src=\"https:\/\/gomeia.com.br\/wp-content\/uploads\/2022\/04\/wcd_caxias_programacao2.jpg\" width=\"892\" height=\"892\" \/><\/p>\n","protected":false},"excerpt":{"rendered":"<p>O Dia Mundial da Criatividade ser\u00e1 comemorado em Caxias no pr\u00f3ximo dia 21 com programa\u00e7\u00e3o&#8230;<\/p>\n","protected":false},"author":2,"featured_media":10258,"comment_status":"open","ping_status":"closed","sticky":false,"template":"","format":"standard","meta":{"footnotes":""},"categories":[8,5],"tags":[],"class_list":["post-10256","post","type-post","status-publish","format-standard","has-post-thumbnail","hentry","category-evento","category-umaboa"],"yoast_head":"<!-- This site is optimized with the Yoast SEO plugin v27.5 - https:\/\/yoast.com\/product\/yoast-seo-wordpress\/ -->\n<title>Dia Mundial da Criatividade ser\u00e1 celebrado em Caxias com extensa programa\u00e7\u00e3o - Lurdinha - Duque de Caxias para Est\u00f4magos Fortes<\/title>\n<meta name=\"robots\" content=\"index, follow, max-snippet:-1, max-image-preview:large, max-video-preview:-1\" \/>\n<link rel=\"canonical\" href=\"https:\/\/lurdinha.org\/site\/dia-mundial-da-criatividade-sera-celebrado-em-caxias-com-extensa-programacao\/\" \/>\n<meta property=\"og:locale\" content=\"pt_BR\" \/>\n<meta property=\"og:type\" content=\"article\" \/>\n<meta property=\"og:title\" content=\"Dia Mundial da Criatividade ser\u00e1 celebrado em Caxias com extensa programa\u00e7\u00e3o - Lurdinha - Duque de Caxias para Est\u00f4magos Fortes\" \/>\n<meta property=\"og:description\" content=\"O Dia Mundial da Criatividade ser\u00e1 comemorado em Caxias no pr\u00f3ximo dia 21 com programa\u00e7\u00e3o...\" \/>\n<meta property=\"og:url\" content=\"https:\/\/lurdinha.org\/site\/dia-mundial-da-criatividade-sera-celebrado-em-caxias-com-extensa-programacao\/\" \/>\n<meta property=\"og:site_name\" content=\"Lurdinha - Duque de Caxias para Est\u00f4magos Fortes\" \/>\n<meta property=\"article:publisher\" content=\"https:\/\/www.facebook.com\/LurdinhadeCaxias\" \/>\n<meta property=\"article:author\" content=\"botocudo\" \/>\n<meta property=\"article:published_time\" content=\"2022-04-14T14:16:40+00:00\" \/>\n<meta property=\"article:modified_time\" content=\"2022-04-14T14:18:18+00:00\" \/>\n<meta property=\"og:image\" content=\"https:\/\/lurdinha.org\/site\/wp-content\/uploads\/wcd_caxias.jpg\" \/>\n\t<meta property=\"og:image:width\" content=\"892\" \/>\n\t<meta property=\"og:image:height\" content=\"892\" \/>\n\t<meta property=\"og:image:type\" content=\"image\/jpeg\" \/>\n<meta name=\"author\" content=\"heraldo hb\" \/>\n<meta name=\"twitter:card\" content=\"summary_large_image\" \/>\n<meta name=\"twitter:label1\" content=\"Escrito por\" \/>\n\t<meta name=\"twitter:data1\" content=\"heraldo hb\" \/>\n\t<meta name=\"twitter:label2\" content=\"Est. tempo de leitura\" \/>\n\t<meta name=\"twitter:data2\" content=\"1 minuto\" \/>\n<script type=\"application\/ld+json\" class=\"yoast-schema-graph\">{\"@context\":\"https:\\\/\\\/schema.org\",\"@graph\":[{\"@type\":\"Article\",\"@id\":\"https:\\\/\\\/lurdinha.org\\\/site\\\/dia-mundial-da-criatividade-sera-celebrado-em-caxias-com-extensa-programacao\\\/#article\",\"isPartOf\":{\"@id\":\"https:\\\/\\\/lurdinha.org\\\/site\\\/dia-mundial-da-criatividade-sera-celebrado-em-caxias-com-extensa-programacao\\\/\"},\"author\":{\"name\":\"heraldo hb\",\"@id\":\"https:\\\/\\\/lurdinha.org\\\/site\\\/#\\\/schema\\\/person\\\/b833bb6a7f82598bf0e95e4c30874251\"},\"headline\":\"Dia Mundial da Criatividade ser\u00e1 celebrado em Caxias com extensa programa\u00e7\u00e3o\",\"datePublished\":\"2022-04-14T14:16:40+00:00\",\"dateModified\":\"2022-04-14T14:18:18+00:00\",\"mainEntityOfPage\":{\"@id\":\"https:\\\/\\\/lurdinha.org\\\/site\\\/dia-mundial-da-criatividade-sera-celebrado-em-caxias-com-extensa-programacao\\\/\"},\"wordCount\":165,\"commentCount\":0,\"publisher\":{\"@id\":\"https:\\\/\\\/lurdinha.org\\\/site\\\/#organization\"},\"image\":{\"@id\":\"https:\\\/\\\/lurdinha.org\\\/site\\\/dia-mundial-da-criatividade-sera-celebrado-em-caxias-com-extensa-programacao\\\/#primaryimage\"},\"thumbnailUrl\":\"https:\\\/\\\/lurdinha.org\\\/site\\\/wp-content\\\/uploads\\\/wcd_caxias.jpg\",\"articleSection\":[\"evento\",\"uma boa\"],\"inLanguage\":\"pt-BR\",\"potentialAction\":[{\"@type\":\"CommentAction\",\"name\":\"Comment\",\"target\":[\"https:\\\/\\\/lurdinha.org\\\/site\\\/dia-mundial-da-criatividade-sera-celebrado-em-caxias-com-extensa-programacao\\\/#respond\"]}]},{\"@type\":\"WebPage\",\"@id\":\"https:\\\/\\\/lurdinha.org\\\/site\\\/dia-mundial-da-criatividade-sera-celebrado-em-caxias-com-extensa-programacao\\\/\",\"url\":\"https:\\\/\\\/lurdinha.org\\\/site\\\/dia-mundial-da-criatividade-sera-celebrado-em-caxias-com-extensa-programacao\\\/\",\"name\":\"Dia Mundial da Criatividade ser\u00e1 celebrado em Caxias com extensa programa\u00e7\u00e3o - Lurdinha - Duque de Caxias para Est\u00f4magos Fortes\",\"isPartOf\":{\"@id\":\"https:\\\/\\\/lurdinha.org\\\/site\\\/#website\"},\"primaryImageOfPage\":{\"@id\":\"https:\\\/\\\/lurdinha.org\\\/site\\\/dia-mundial-da-criatividade-sera-celebrado-em-caxias-com-extensa-programacao\\\/#primaryimage\"},\"image\":{\"@id\":\"https:\\\/\\\/lurdinha.org\\\/site\\\/dia-mundial-da-criatividade-sera-celebrado-em-caxias-com-extensa-programacao\\\/#primaryimage\"},\"thumbnailUrl\":\"https:\\\/\\\/lurdinha.org\\\/site\\\/wp-content\\\/uploads\\\/wcd_caxias.jpg\",\"datePublished\":\"2022-04-14T14:16:40+00:00\",\"dateModified\":\"2022-04-14T14:18:18+00:00\",\"breadcrumb\":{\"@id\":\"https:\\\/\\\/lurdinha.org\\\/site\\\/dia-mundial-da-criatividade-sera-celebrado-em-caxias-com-extensa-programacao\\\/#breadcrumb\"},\"inLanguage\":\"pt-BR\",\"potentialAction\":[{\"@type\":\"ReadAction\",\"target\":[\"https:\\\/\\\/lurdinha.org\\\/site\\\/dia-mundial-da-criatividade-sera-celebrado-em-caxias-com-extensa-programacao\\\/\"]}]},{\"@type\":\"ImageObject\",\"inLanguage\":\"pt-BR\",\"@id\":\"https:\\\/\\\/lurdinha.org\\\/site\\\/dia-mundial-da-criatividade-sera-celebrado-em-caxias-com-extensa-programacao\\\/#primaryimage\",\"url\":\"https:\\\/\\\/lurdinha.org\\\/site\\\/wp-content\\\/uploads\\\/wcd_caxias.jpg\",\"contentUrl\":\"https:\\\/\\\/lurdinha.org\\\/site\\\/wp-content\\\/uploads\\\/wcd_caxias.jpg\",\"width\":892,\"height\":892,\"caption\":\"Dia Mundial da Criatividade ser\u00e1 comemorado em Caxias\"},{\"@type\":\"BreadcrumbList\",\"@id\":\"https:\\\/\\\/lurdinha.org\\\/site\\\/dia-mundial-da-criatividade-sera-celebrado-em-caxias-com-extensa-programacao\\\/#breadcrumb\",\"itemListElement\":[{\"@type\":\"ListItem\",\"position\":1,\"name\":\"In\u00edcio\",\"item\":\"https:\\\/\\\/lurdinha.org\\\/site\\\/\"},{\"@type\":\"ListItem\",\"position\":2,\"name\":\"Dia Mundial da Criatividade ser\u00e1 celebrado em Caxias com extensa programa\u00e7\u00e3o\"}]},{\"@type\":\"WebSite\",\"@id\":\"https:\\\/\\\/lurdinha.org\\\/site\\\/#website\",\"url\":\"https:\\\/\\\/lurdinha.org\\\/site\\\/\",\"name\":\"Lurdinha - Duque de Caxias para Est\u00f4magos Fortes\",\"description\":\"Site sobre Arte, Cultura, Pol\u00edtica, Sociedade e curiosidades da cidade de Duque de Caxias, RJ\",\"publisher\":{\"@id\":\"https:\\\/\\\/lurdinha.org\\\/site\\\/#organization\"},\"alternateName\":\"Lurdinha\",\"potentialAction\":[{\"@type\":\"SearchAction\",\"target\":{\"@type\":\"EntryPoint\",\"urlTemplate\":\"https:\\\/\\\/lurdinha.org\\\/site\\\/?s={search_term_string}\"},\"query-input\":{\"@type\":\"PropertyValueSpecification\",\"valueRequired\":true,\"valueName\":\"search_term_string\"}}],\"inLanguage\":\"pt-BR\"},{\"@type\":\"Organization\",\"@id\":\"https:\\\/\\\/lurdinha.org\\\/site\\\/#organization\",\"name\":\"Lurdinha de Caxias\",\"url\":\"https:\\\/\\\/lurdinha.org\\\/site\\\/\",\"logo\":{\"@type\":\"ImageObject\",\"inLanguage\":\"pt-BR\",\"@id\":\"https:\\\/\\\/lurdinha.org\\\/site\\\/#\\\/schema\\\/logo\\\/image\\\/\",\"url\":\"https:\\\/\\\/lurdinha.org\\\/site\\\/wp-content\\\/uploads\\\/logo-lurdinha.jpg\",\"contentUrl\":\"https:\\\/\\\/lurdinha.org\\\/site\\\/wp-content\\\/uploads\\\/logo-lurdinha.jpg\",\"width\":640,\"height\":60,\"caption\":\"Lurdinha de Caxias\"},\"image\":{\"@id\":\"https:\\\/\\\/lurdinha.org\\\/site\\\/#\\\/schema\\\/logo\\\/image\\\/\"},\"sameAs\":[\"https:\\\/\\\/www.facebook.com\\\/LurdinhadeCaxias\",\"https:\\\/\\\/www.instagram.com\\\/lurdinhadecaxias\"]},{\"@type\":\"Person\",\"@id\":\"https:\\\/\\\/lurdinha.org\\\/site\\\/#\\\/schema\\\/person\\\/b833bb6a7f82598bf0e95e4c30874251\",\"name\":\"heraldo hb\",\"image\":{\"@type\":\"ImageObject\",\"inLanguage\":\"pt-BR\",\"@id\":\"https:\\\/\\\/secure.gravatar.com\\\/avatar\\\/5de9fe99c72cb6885bbdaa24b1c5738b0f673d265de18720fae7463d5f47b48d?s=96&d=mm&r=g\",\"url\":\"https:\\\/\\\/secure.gravatar.com\\\/avatar\\\/5de9fe99c72cb6885bbdaa24b1c5738b0f673d265de18720fae7463d5f47b48d?s=96&d=mm&r=g\",\"contentUrl\":\"https:\\\/\\\/secure.gravatar.com\\\/avatar\\\/5de9fe99c72cb6885bbdaa24b1c5738b0f673d265de18720fae7463d5f47b48d?s=96&d=mm&r=g\",\"caption\":\"heraldo hb\"},\"description\":\"Cineasta, animador cultural, escritor e educador nascido no s\u00e9culo XX\",\"sameAs\":[\"http:\\\/\\\/wwww.relinkare.org\",\"botocudo\",\"heraldohb\",\"relinkare\"],\"url\":\"https:\\\/\\\/lurdinha.org\\\/site\\\/author\\\/heraldohb\\\/\"}]}<\/script>\n<!-- \/ Yoast SEO plugin. -->","yoast_head_json":{"title":"Dia Mundial da Criatividade ser\u00e1 celebrado em Caxias com extensa programa\u00e7\u00e3o - Lurdinha - Duque de Caxias para Est\u00f4magos Fortes","robots":{"index":"index","follow":"follow","max-snippet":"max-snippet:-1","max-image-preview":"max-image-preview:large","max-video-preview":"max-video-preview:-1"},"canonical":"https:\/\/lurdinha.org\/site\/dia-mundial-da-criatividade-sera-celebrado-em-caxias-com-extensa-programacao\/","og_locale":"pt_BR","og_type":"article","og_title":"Dia Mundial da Criatividade ser\u00e1 celebrado em Caxias com extensa programa\u00e7\u00e3o - Lurdinha - Duque de Caxias para Est\u00f4magos Fortes","og_description":"O Dia Mundial da Criatividade ser\u00e1 comemorado em Caxias no pr\u00f3ximo dia 21 com programa\u00e7\u00e3o...","og_url":"https:\/\/lurdinha.org\/site\/dia-mundial-da-criatividade-sera-celebrado-em-caxias-com-extensa-programacao\/","og_site_name":"Lurdinha - Duque de Caxias para Est\u00f4magos Fortes","article_publisher":"https:\/\/www.facebook.com\/LurdinhadeCaxias","article_author":"botocudo","article_published_time":"2022-04-14T14:16:40+00:00","article_modified_time":"2022-04-14T14:18:18+00:00","og_image":[{"width":892,"height":892,"url":"https:\/\/lurdinha.org\/site\/wp-content\/uploads\/wcd_caxias.jpg","type":"image\/jpeg"}],"author":"heraldo hb","twitter_card":"summary_large_image","twitter_misc":{"Escrito por":"heraldo hb","Est. tempo de leitura":"1 minuto"},"schema":{"@context":"https:\/\/schema.org","@graph":[{"@type":"Article","@id":"https:\/\/lurdinha.org\/site\/dia-mundial-da-criatividade-sera-celebrado-em-caxias-com-extensa-programacao\/#article","isPartOf":{"@id":"https:\/\/lurdinha.org\/site\/dia-mundial-da-criatividade-sera-celebrado-em-caxias-com-extensa-programacao\/"},"author":{"name":"heraldo hb","@id":"https:\/\/lurdinha.org\/site\/#\/schema\/person\/b833bb6a7f82598bf0e95e4c30874251"},"headline":"Dia Mundial da Criatividade ser\u00e1 celebrado em Caxias com extensa programa\u00e7\u00e3o","datePublished":"2022-04-14T14:16:40+00:00","dateModified":"2022-04-14T14:18:18+00:00","mainEntityOfPage":{"@id":"https:\/\/lurdinha.org\/site\/dia-mundial-da-criatividade-sera-celebrado-em-caxias-com-extensa-programacao\/"},"wordCount":165,"commentCount":0,"publisher":{"@id":"https:\/\/lurdinha.org\/site\/#organization"},"image":{"@id":"https:\/\/lurdinha.org\/site\/dia-mundial-da-criatividade-sera-celebrado-em-caxias-com-extensa-programacao\/#primaryimage"},"thumbnailUrl":"https:\/\/lurdinha.org\/site\/wp-content\/uploads\/wcd_caxias.jpg","articleSection":["evento","uma boa"],"inLanguage":"pt-BR","potentialAction":[{"@type":"CommentAction","name":"Comment","target":["https:\/\/lurdinha.org\/site\/dia-mundial-da-criatividade-sera-celebrado-em-caxias-com-extensa-programacao\/#respond"]}]},{"@type":"WebPage","@id":"https:\/\/lurdinha.org\/site\/dia-mundial-da-criatividade-sera-celebrado-em-caxias-com-extensa-programacao\/","url":"https:\/\/lurdinha.org\/site\/dia-mundial-da-criatividade-sera-celebrado-em-caxias-com-extensa-programacao\/","name":"Dia Mundial da Criatividade ser\u00e1 celebrado em Caxias com extensa programa\u00e7\u00e3o - Lurdinha - Duque de Caxias para Est\u00f4magos Fortes","isPartOf":{"@id":"https:\/\/lurdinha.org\/site\/#website"},"primaryImageOfPage":{"@id":"https:\/\/lurdinha.org\/site\/dia-mundial-da-criatividade-sera-celebrado-em-caxias-com-extensa-programacao\/#primaryimage"},"image":{"@id":"https:\/\/lurdinha.org\/site\/dia-mundial-da-criatividade-sera-celebrado-em-caxias-com-extensa-programacao\/#primaryimage"},"thumbnailUrl":"https:\/\/lurdinha.org\/site\/wp-content\/uploads\/wcd_caxias.jpg","datePublished":"2022-04-14T14:16:40+00:00","dateModified":"2022-04-14T14:18:18+00:00","breadcrumb":{"@id":"https:\/\/lurdinha.org\/site\/dia-mundial-da-criatividade-sera-celebrado-em-caxias-com-extensa-programacao\/#breadcrumb"},"inLanguage":"pt-BR","potentialAction":[{"@type":"ReadAction","target":["https:\/\/lurdinha.org\/site\/dia-mundial-da-criatividade-sera-celebrado-em-caxias-com-extensa-programacao\/"]}]},{"@type":"ImageObject","inLanguage":"pt-BR","@id":"https:\/\/lurdinha.org\/site\/dia-mundial-da-criatividade-sera-celebrado-em-caxias-com-extensa-programacao\/#primaryimage","url":"https:\/\/lurdinha.org\/site\/wp-content\/uploads\/wcd_caxias.jpg","contentUrl":"https:\/\/lurdinha.org\/site\/wp-content\/uploads\/wcd_caxias.jpg","width":892,"height":892,"caption":"Dia Mundial da Criatividade ser\u00e1 comemorado em Caxias"},{"@type":"BreadcrumbList","@id":"https:\/\/lurdinha.org\/site\/dia-mundial-da-criatividade-sera-celebrado-em-caxias-com-extensa-programacao\/#breadcrumb","itemListElement":[{"@type":"ListItem","position":1,"name":"In\u00edcio","item":"https:\/\/lurdinha.org\/site\/"},{"@type":"ListItem","position":2,"name":"Dia Mundial da Criatividade ser\u00e1 celebrado em Caxias com extensa programa\u00e7\u00e3o"}]},{"@type":"WebSite","@id":"https:\/\/lurdinha.org\/site\/#website","url":"https:\/\/lurdinha.org\/site\/","name":"Lurdinha - Duque de Caxias para Est\u00f4magos Fortes","description":"Site sobre Arte, Cultura, Pol\u00edtica, Sociedade e curiosidades da cidade de Duque de Caxias, RJ","publisher":{"@id":"https:\/\/lurdinha.org\/site\/#organization"},"alternateName":"Lurdinha","potentialAction":[{"@type":"SearchAction","target":{"@type":"EntryPoint","urlTemplate":"https:\/\/lurdinha.org\/site\/?s={search_term_string}"},"query-input":{"@type":"PropertyValueSpecification","valueRequired":true,"valueName":"search_term_string"}}],"inLanguage":"pt-BR"},{"@type":"Organization","@id":"https:\/\/lurdinha.org\/site\/#organization","name":"Lurdinha de Caxias","url":"https:\/\/lurdinha.org\/site\/","logo":{"@type":"ImageObject","inLanguage":"pt-BR","@id":"https:\/\/lurdinha.org\/site\/#\/schema\/logo\/image\/","url":"https:\/\/lurdinha.org\/site\/wp-content\/uploads\/logo-lurdinha.jpg","contentUrl":"https:\/\/lurdinha.org\/site\/wp-content\/uploads\/logo-lurdinha.jpg","width":640,"height":60,"caption":"Lurdinha de Caxias"},"image":{"@id":"https:\/\/lurdinha.org\/site\/#\/schema\/logo\/image\/"},"sameAs":["https:\/\/www.facebook.com\/LurdinhadeCaxias","https:\/\/www.instagram.com\/lurdinhadecaxias"]},{"@type":"Person","@id":"https:\/\/lurdinha.org\/site\/#\/schema\/person\/b833bb6a7f82598bf0e95e4c30874251","name":"heraldo hb","image":{"@type":"ImageObject","inLanguage":"pt-BR","@id":"https:\/\/secure.gravatar.com\/avatar\/5de9fe99c72cb6885bbdaa24b1c5738b0f673d265de18720fae7463d5f47b48d?s=96&d=mm&r=g","url":"https:\/\/secure.gravatar.com\/avatar\/5de9fe99c72cb6885bbdaa24b1c5738b0f673d265de18720fae7463d5f47b48d?s=96&d=mm&r=g","contentUrl":"https:\/\/secure.gravatar.com\/avatar\/5de9fe99c72cb6885bbdaa24b1c5738b0f673d265de18720fae7463d5f47b48d?s=96&d=mm&r=g","caption":"heraldo hb"},"description":"Cineasta, animador cultural, escritor e educador nascido no s\u00e9culo XX","sameAs":["http:\/\/wwww.relinkare.org","botocudo","heraldohb","relinkare"],"url":"https:\/\/lurdinha.org\/site\/author\/heraldohb\/"}]}},"views":1279,"_links":{"self":[{"href":"https:\/\/lurdinha.org\/site\/wp-json\/wp\/v2\/posts\/10256","targetHints":{"allow":["GET"]}}],"collection":[{"href":"https:\/\/lurdinha.org\/site\/wp-json\/wp\/v2\/posts"}],"about":[{"href":"https:\/\/lurdinha.org\/site\/wp-json\/wp\/v2\/types\/post"}],"author":[{"embeddable":true,"href":"https:\/\/lurdinha.org\/site\/wp-json\/wp\/v2\/users\/2"}],"replies":[{"embeddable":true,"href":"https:\/\/lurdinha.org\/site\/wp-json\/wp\/v2\/comments?post=10256"}],"version-history":[{"count":3,"href":"https:\/\/lurdinha.org\/site\/wp-json\/wp\/v2\/posts\/10256\/revisions"}],"predecessor-version":[{"id":10260,"href":"https:\/\/lurdinha.org\/site\/wp-json\/wp\/v2\/posts\/10256\/revisions\/10260"}],"wp:featuredmedia":[{"embeddable":true,"href":"https:\/\/lurdinha.org\/site\/wp-json\/wp\/v2\/media\/10258"}],"wp:attachment":[{"href":"https:\/\/lurdinha.org\/site\/wp-json\/wp\/v2\/media?parent=10256"}],"wp:term":[{"taxonomy":"category","embeddable":true,"href":"https:\/\/lurdinha.org\/site\/wp-json\/wp\/v2\/categories?post=10256"},{"taxonomy":"post_tag","embeddable":true,"href":"https:\/\/lurdinha.org\/site\/wp-json\/wp\/v2\/tags?post=10256"}],"curies":[{"name":"wp","href":"https:\/\/api.w.org\/{rel}","templated":true}]}}