{"id":10112,"date":"2022-03-08T16:01:52","date_gmt":"2022-03-08T16:01:52","guid":{"rendered":"https:\/\/lurdinha.org\/site\/?p=10112"},"modified":"2022-03-08T16:02:46","modified_gmt":"2022-03-08T16:02:46","slug":"inscricoes-abertas-para-a-6-edicao-do-curso-de-politicas-publicas-da-casa-fluminense","status":"publish","type":"post","link":"https:\/\/lurdinha.org\/site\/inscricoes-abertas-para-a-6-edicao-do-curso-de-politicas-publicas-da-casa-fluminense\/","title":{"rendered":"Inscri\u00e7\u00f5es abertas para a 6\u00b0 edi\u00e7\u00e3o do Curso de Pol\u00edticas P\u00fablicas da Casa Fluminense"},"content":{"rendered":"<p><img loading=\"lazy\" decoding=\"async\" class=\"alignnone size-full wp-image-10113\" src=\"https:\/\/lurdinha.org\/site\/wp-content\/uploads\/Curso-politicas-publicas-CasaFluminense.jpg\" alt=\"\" width=\"640\" height=\"640\" srcset=\"https:\/\/lurdinha.org\/site\/wp-content\/uploads\/Curso-politicas-publicas-CasaFluminense.jpg 640w, https:\/\/lurdinha.org\/site\/wp-content\/uploads\/Curso-politicas-publicas-CasaFluminense-300x300.jpg 300w, https:\/\/lurdinha.org\/site\/wp-content\/uploads\/Curso-politicas-publicas-CasaFluminense-610x610.jpg 610w, https:\/\/lurdinha.org\/site\/wp-content\/uploads\/Curso-politicas-publicas-CasaFluminense-150x150.jpg 150w, https:\/\/lurdinha.org\/site\/wp-content\/uploads\/Curso-politicas-publicas-CasaFluminense-550x550.jpg 550w, https:\/\/lurdinha.org\/site\/wp-content\/uploads\/Curso-politicas-publicas-CasaFluminense-120x120.jpg 120w\" sizes=\"auto, (max-width: 640px) 100vw, 640px\" \/><\/p>\n<p><span class=\"d2edcug0 hpfvmrgz qv66sw1b c1et5uql b0tq1wua a8c37x1j fe6kdd0r mau55g9w c8b282yb keod5gw0 nxhoafnm aigsh9s9 d9wwppkn hrzyx87i jq4qci2q a3bd9o3v b1v8xokw oo9gr5id hzawbc8m\" dir=\"auto\">Inscri\u00e7\u00f5es abertas para a 6\u00b0 edi\u00e7\u00e3o do<strong> Curso de Pol\u00edticas P\u00fablicas da Casa Fluminense<\/strong>. Mais de 200 lideran\u00e7as sociais da metr\u00f3pole j\u00e1 fizeram o curso! Todas as informa\u00e7\u00f5es est\u00e3o no site da Casa Fluminense (<strong><a href=\"http:\/\/www.casafluminense.org.br\" target=\"_blank\" rel=\"noopener\">www.casafluminense.org.br<\/a><\/strong>). Divulgue pra aquela lideran\u00e7a que ampliar seus conhecimentos em pol\u00edticas p\u00fablicas! <\/span><\/p>\n<p><span class=\"d2edcug0 hpfvmrgz qv66sw1b c1et5uql b0tq1wua a8c37x1j fe6kdd0r mau55g9w c8b282yb keod5gw0 nxhoafnm aigsh9s9 d9wwppkn hrzyx87i jq4qci2q a3bd9o3v b1v8xokw oo9gr5id hzawbc8m\" dir=\"auto\">Corre pois as inscri\u00e7\u00f5es v\u00e3o at\u00e9 o dia 14\/03.<\/span><\/p>\n<div class=\"notranslate\" style=\"all: initial;\"><\/div>\n","protected":false},"excerpt":{"rendered":"<p>Inscri\u00e7\u00f5es abertas para a 6\u00b0 edi\u00e7\u00e3o do Curso de Pol\u00edticas P\u00fablicas da Casa Fluminense. Mais&#8230;<\/p>\n","protected":false},"author":16,"featured_media":10113,"comment_status":"open","ping_status":"closed","sticky":false,"template":"","format":"standard","meta":{"footnotes":""},"categories":[5],"tags":[],"class_list":["post-10112","post","type-post","status-publish","format-standard","has-post-thumbnail","hentry","category-umaboa"],"yoast_head":"<!-- This site is optimized with the Yoast SEO plugin v27.5 - https:\/\/yoast.com\/product\/yoast-seo-wordpress\/ -->\n<title>Inscri\u00e7\u00f5es abertas para a 6\u00b0 edi\u00e7\u00e3o do Curso de Pol\u00edticas P\u00fablicas da Casa Fluminense - Lurdinha - Duque de Caxias para Est\u00f4magos Fortes<\/title>\n<meta name=\"robots\" content=\"index, follow, max-snippet:-1, max-image-preview:large, max-video-preview:-1\" \/>\n<link rel=\"canonical\" href=\"https:\/\/lurdinha.org\/site\/inscricoes-abertas-para-a-6-edicao-do-curso-de-politicas-publicas-da-casa-fluminense\/\" \/>\n<meta property=\"og:locale\" content=\"pt_BR\" \/>\n<meta property=\"og:type\" content=\"article\" \/>\n<meta property=\"og:title\" content=\"Inscri\u00e7\u00f5es abertas para a 6\u00b0 edi\u00e7\u00e3o do Curso de Pol\u00edticas P\u00fablicas da Casa Fluminense - Lurdinha - Duque de Caxias para Est\u00f4magos Fortes\" \/>\n<meta property=\"og:description\" content=\"Inscri\u00e7\u00f5es abertas para a 6\u00b0 edi\u00e7\u00e3o do Curso de Pol\u00edticas P\u00fablicas da Casa Fluminense. Mais...\" \/>\n<meta property=\"og:url\" content=\"https:\/\/lurdinha.org\/site\/inscricoes-abertas-para-a-6-edicao-do-curso-de-politicas-publicas-da-casa-fluminense\/\" \/>\n<meta property=\"og:site_name\" content=\"Lurdinha - Duque de Caxias para Est\u00f4magos Fortes\" \/>\n<meta property=\"article:publisher\" content=\"https:\/\/www.facebook.com\/LurdinhadeCaxias\" \/>\n<meta property=\"article:author\" content=\"henrique.silveira.319\" \/>\n<meta property=\"article:published_time\" content=\"2022-03-08T16:01:52+00:00\" \/>\n<meta property=\"article:modified_time\" content=\"2022-03-08T16:02:46+00:00\" \/>\n<meta property=\"og:image\" content=\"https:\/\/lurdinha.org\/site\/wp-content\/uploads\/Curso-politicas-publicas-CasaFluminense.jpg\" \/>\n\t<meta property=\"og:image:width\" content=\"640\" \/>\n\t<meta property=\"og:image:height\" content=\"640\" \/>\n\t<meta property=\"og:image:type\" content=\"image\/jpeg\" \/>\n<meta name=\"author\" content=\"Henrique Silveira\" \/>\n<meta name=\"twitter:card\" content=\"summary_large_image\" \/>\n<meta name=\"twitter:label1\" content=\"Escrito por\" \/>\n\t<meta name=\"twitter:data1\" content=\"Henrique Silveira\" \/>\n<script type=\"application\/ld+json\" class=\"yoast-schema-graph\">{\"@context\":\"https:\\\/\\\/schema.org\",\"@graph\":[{\"@type\":\"Article\",\"@id\":\"https:\\\/\\\/lurdinha.org\\\/site\\\/inscricoes-abertas-para-a-6-edicao-do-curso-de-politicas-publicas-da-casa-fluminense\\\/#article\",\"isPartOf\":{\"@id\":\"https:\\\/\\\/lurdinha.org\\\/site\\\/inscricoes-abertas-para-a-6-edicao-do-curso-de-politicas-publicas-da-casa-fluminense\\\/\"},\"author\":{\"name\":\"Henrique Silveira\",\"@id\":\"https:\\\/\\\/lurdinha.org\\\/site\\\/#\\\/schema\\\/person\\\/b7f36739e477fd3809ed9f880d85ba89\"},\"headline\":\"Inscri\u00e7\u00f5es abertas para a 6\u00b0 edi\u00e7\u00e3o do Curso de Pol\u00edticas P\u00fablicas da Casa Fluminense\",\"datePublished\":\"2022-03-08T16:01:52+00:00\",\"dateModified\":\"2022-03-08T16:02:46+00:00\",\"mainEntityOfPage\":{\"@id\":\"https:\\\/\\\/lurdinha.org\\\/site\\\/inscricoes-abertas-para-a-6-edicao-do-curso-de-politicas-publicas-da-casa-fluminense\\\/\"},\"wordCount\":85,\"commentCount\":0,\"publisher\":{\"@id\":\"https:\\\/\\\/lurdinha.org\\\/site\\\/#organization\"},\"image\":{\"@id\":\"https:\\\/\\\/lurdinha.org\\\/site\\\/inscricoes-abertas-para-a-6-edicao-do-curso-de-politicas-publicas-da-casa-fluminense\\\/#primaryimage\"},\"thumbnailUrl\":\"https:\\\/\\\/lurdinha.org\\\/site\\\/wp-content\\\/uploads\\\/Curso-politicas-publicas-CasaFluminense.jpg\",\"articleSection\":[\"uma boa\"],\"inLanguage\":\"pt-BR\",\"potentialAction\":[{\"@type\":\"CommentAction\",\"name\":\"Comment\",\"target\":[\"https:\\\/\\\/lurdinha.org\\\/site\\\/inscricoes-abertas-para-a-6-edicao-do-curso-de-politicas-publicas-da-casa-fluminense\\\/#respond\"]}]},{\"@type\":\"WebPage\",\"@id\":\"https:\\\/\\\/lurdinha.org\\\/site\\\/inscricoes-abertas-para-a-6-edicao-do-curso-de-politicas-publicas-da-casa-fluminense\\\/\",\"url\":\"https:\\\/\\\/lurdinha.org\\\/site\\\/inscricoes-abertas-para-a-6-edicao-do-curso-de-politicas-publicas-da-casa-fluminense\\\/\",\"name\":\"Inscri\u00e7\u00f5es abertas para a 6\u00b0 edi\u00e7\u00e3o do Curso de Pol\u00edticas P\u00fablicas da Casa Fluminense - Lurdinha - Duque de Caxias para Est\u00f4magos Fortes\",\"isPartOf\":{\"@id\":\"https:\\\/\\\/lurdinha.org\\\/site\\\/#website\"},\"primaryImageOfPage\":{\"@id\":\"https:\\\/\\\/lurdinha.org\\\/site\\\/inscricoes-abertas-para-a-6-edicao-do-curso-de-politicas-publicas-da-casa-fluminense\\\/#primaryimage\"},\"image\":{\"@id\":\"https:\\\/\\\/lurdinha.org\\\/site\\\/inscricoes-abertas-para-a-6-edicao-do-curso-de-politicas-publicas-da-casa-fluminense\\\/#primaryimage\"},\"thumbnailUrl\":\"https:\\\/\\\/lurdinha.org\\\/site\\\/wp-content\\\/uploads\\\/Curso-politicas-publicas-CasaFluminense.jpg\",\"datePublished\":\"2022-03-08T16:01:52+00:00\",\"dateModified\":\"2022-03-08T16:02:46+00:00\",\"breadcrumb\":{\"@id\":\"https:\\\/\\\/lurdinha.org\\\/site\\\/inscricoes-abertas-para-a-6-edicao-do-curso-de-politicas-publicas-da-casa-fluminense\\\/#breadcrumb\"},\"inLanguage\":\"pt-BR\",\"potentialAction\":[{\"@type\":\"ReadAction\",\"target\":[\"https:\\\/\\\/lurdinha.org\\\/site\\\/inscricoes-abertas-para-a-6-edicao-do-curso-de-politicas-publicas-da-casa-fluminense\\\/\"]}]},{\"@type\":\"ImageObject\",\"inLanguage\":\"pt-BR\",\"@id\":\"https:\\\/\\\/lurdinha.org\\\/site\\\/inscricoes-abertas-para-a-6-edicao-do-curso-de-politicas-publicas-da-casa-fluminense\\\/#primaryimage\",\"url\":\"https:\\\/\\\/lurdinha.org\\\/site\\\/wp-content\\\/uploads\\\/Curso-politicas-publicas-CasaFluminense.jpg\",\"contentUrl\":\"https:\\\/\\\/lurdinha.org\\\/site\\\/wp-content\\\/uploads\\\/Curso-politicas-publicas-CasaFluminense.jpg\",\"width\":640,\"height\":640},{\"@type\":\"BreadcrumbList\",\"@id\":\"https:\\\/\\\/lurdinha.org\\\/site\\\/inscricoes-abertas-para-a-6-edicao-do-curso-de-politicas-publicas-da-casa-fluminense\\\/#breadcrumb\",\"itemListElement\":[{\"@type\":\"ListItem\",\"position\":1,\"name\":\"In\u00edcio\",\"item\":\"https:\\\/\\\/lurdinha.org\\\/site\\\/\"},{\"@type\":\"ListItem\",\"position\":2,\"name\":\"Inscri\u00e7\u00f5es abertas para a 6\u00b0 edi\u00e7\u00e3o do Curso de Pol\u00edticas P\u00fablicas da Casa Fluminense\"}]},{\"@type\":\"WebSite\",\"@id\":\"https:\\\/\\\/lurdinha.org\\\/site\\\/#website\",\"url\":\"https:\\\/\\\/lurdinha.org\\\/site\\\/\",\"name\":\"Lurdinha - Duque de Caxias para Est\u00f4magos Fortes\",\"description\":\"Site sobre Arte, Cultura, Pol\u00edtica, Sociedade e curiosidades da cidade de Duque de Caxias, RJ\",\"publisher\":{\"@id\":\"https:\\\/\\\/lurdinha.org\\\/site\\\/#organization\"},\"alternateName\":\"Lurdinha\",\"potentialAction\":[{\"@type\":\"SearchAction\",\"target\":{\"@type\":\"EntryPoint\",\"urlTemplate\":\"https:\\\/\\\/lurdinha.org\\\/site\\\/?s={search_term_string}\"},\"query-input\":{\"@type\":\"PropertyValueSpecification\",\"valueRequired\":true,\"valueName\":\"search_term_string\"}}],\"inLanguage\":\"pt-BR\"},{\"@type\":\"Organization\",\"@id\":\"https:\\\/\\\/lurdinha.org\\\/site\\\/#organization\",\"name\":\"Lurdinha de Caxias\",\"url\":\"https:\\\/\\\/lurdinha.org\\\/site\\\/\",\"logo\":{\"@type\":\"ImageObject\",\"inLanguage\":\"pt-BR\",\"@id\":\"https:\\\/\\\/lurdinha.org\\\/site\\\/#\\\/schema\\\/logo\\\/image\\\/\",\"url\":\"https:\\\/\\\/lurdinha.org\\\/site\\\/wp-content\\\/uploads\\\/logo-lurdinha.jpg\",\"contentUrl\":\"https:\\\/\\\/lurdinha.org\\\/site\\\/wp-content\\\/uploads\\\/logo-lurdinha.jpg\",\"width\":640,\"height\":60,\"caption\":\"Lurdinha de Caxias\"},\"image\":{\"@id\":\"https:\\\/\\\/lurdinha.org\\\/site\\\/#\\\/schema\\\/logo\\\/image\\\/\"},\"sameAs\":[\"https:\\\/\\\/www.facebook.com\\\/LurdinhadeCaxias\",\"https:\\\/\\\/www.instagram.com\\\/lurdinhadecaxias\"]},{\"@type\":\"Person\",\"@id\":\"https:\\\/\\\/lurdinha.org\\\/site\\\/#\\\/schema\\\/person\\\/b7f36739e477fd3809ed9f880d85ba89\",\"name\":\"Henrique Silveira\",\"image\":{\"@type\":\"ImageObject\",\"inLanguage\":\"pt-BR\",\"@id\":\"https:\\\/\\\/secure.gravatar.com\\\/avatar\\\/65ed9674651bf1e369939454eea465de6a6b2c680f11e9374ce65b4952afaefc?s=96&d=mm&r=g\",\"url\":\"https:\\\/\\\/secure.gravatar.com\\\/avatar\\\/65ed9674651bf1e369939454eea465de6a6b2c680f11e9374ce65b4952afaefc?s=96&d=mm&r=g\",\"contentUrl\":\"https:\\\/\\\/secure.gravatar.com\\\/avatar\\\/65ed9674651bf1e369939454eea465de6a6b2c680f11e9374ce65b4952afaefc?s=96&d=mm&r=g\",\"caption\":\"Henrique Silveira\"},\"description\":\"Henrique Silveira \u00e9 ge\u00f3grafo, cofundador da Casa Fluminense e autor do livro \u201cRio por Inteiro: reflex\u00f5es sobre a cidade metropolitana\u201d.\",\"sameAs\":[\"henrique.silveira.319\"],\"url\":\"https:\\\/\\\/lurdinha.org\\\/site\\\/author\\\/henriquesilveira\\\/\"}]}<\/script>\n<!-- \/ Yoast SEO plugin. -->","yoast_head_json":{"title":"Inscri\u00e7\u00f5es abertas para a 6\u00b0 edi\u00e7\u00e3o do Curso de Pol\u00edticas P\u00fablicas da Casa Fluminense - Lurdinha - Duque de Caxias para Est\u00f4magos Fortes","robots":{"index":"index","follow":"follow","max-snippet":"max-snippet:-1","max-image-preview":"max-image-preview:large","max-video-preview":"max-video-preview:-1"},"canonical":"https:\/\/lurdinha.org\/site\/inscricoes-abertas-para-a-6-edicao-do-curso-de-politicas-publicas-da-casa-fluminense\/","og_locale":"pt_BR","og_type":"article","og_title":"Inscri\u00e7\u00f5es abertas para a 6\u00b0 edi\u00e7\u00e3o do Curso de Pol\u00edticas P\u00fablicas da Casa Fluminense - Lurdinha - Duque de Caxias para Est\u00f4magos Fortes","og_description":"Inscri\u00e7\u00f5es abertas para a 6\u00b0 edi\u00e7\u00e3o do Curso de Pol\u00edticas P\u00fablicas da Casa Fluminense. Mais...","og_url":"https:\/\/lurdinha.org\/site\/inscricoes-abertas-para-a-6-edicao-do-curso-de-politicas-publicas-da-casa-fluminense\/","og_site_name":"Lurdinha - Duque de Caxias para Est\u00f4magos Fortes","article_publisher":"https:\/\/www.facebook.com\/LurdinhadeCaxias","article_author":"henrique.silveira.319","article_published_time":"2022-03-08T16:01:52+00:00","article_modified_time":"2022-03-08T16:02:46+00:00","og_image":[{"width":640,"height":640,"url":"https:\/\/lurdinha.org\/site\/wp-content\/uploads\/Curso-politicas-publicas-CasaFluminense.jpg","type":"image\/jpeg"}],"author":"Henrique Silveira","twitter_card":"summary_large_image","twitter_misc":{"Escrito por":"Henrique Silveira"},"schema":{"@context":"https:\/\/schema.org","@graph":[{"@type":"Article","@id":"https:\/\/lurdinha.org\/site\/inscricoes-abertas-para-a-6-edicao-do-curso-de-politicas-publicas-da-casa-fluminense\/#article","isPartOf":{"@id":"https:\/\/lurdinha.org\/site\/inscricoes-abertas-para-a-6-edicao-do-curso-de-politicas-publicas-da-casa-fluminense\/"},"author":{"name":"Henrique Silveira","@id":"https:\/\/lurdinha.org\/site\/#\/schema\/person\/b7f36739e477fd3809ed9f880d85ba89"},"headline":"Inscri\u00e7\u00f5es abertas para a 6\u00b0 edi\u00e7\u00e3o do Curso de Pol\u00edticas P\u00fablicas da Casa Fluminense","datePublished":"2022-03-08T16:01:52+00:00","dateModified":"2022-03-08T16:02:46+00:00","mainEntityOfPage":{"@id":"https:\/\/lurdinha.org\/site\/inscricoes-abertas-para-a-6-edicao-do-curso-de-politicas-publicas-da-casa-fluminense\/"},"wordCount":85,"commentCount":0,"publisher":{"@id":"https:\/\/lurdinha.org\/site\/#organization"},"image":{"@id":"https:\/\/lurdinha.org\/site\/inscricoes-abertas-para-a-6-edicao-do-curso-de-politicas-publicas-da-casa-fluminense\/#primaryimage"},"thumbnailUrl":"https:\/\/lurdinha.org\/site\/wp-content\/uploads\/Curso-politicas-publicas-CasaFluminense.jpg","articleSection":["uma boa"],"inLanguage":"pt-BR","potentialAction":[{"@type":"CommentAction","name":"Comment","target":["https:\/\/lurdinha.org\/site\/inscricoes-abertas-para-a-6-edicao-do-curso-de-politicas-publicas-da-casa-fluminense\/#respond"]}]},{"@type":"WebPage","@id":"https:\/\/lurdinha.org\/site\/inscricoes-abertas-para-a-6-edicao-do-curso-de-politicas-publicas-da-casa-fluminense\/","url":"https:\/\/lurdinha.org\/site\/inscricoes-abertas-para-a-6-edicao-do-curso-de-politicas-publicas-da-casa-fluminense\/","name":"Inscri\u00e7\u00f5es abertas para a 6\u00b0 edi\u00e7\u00e3o do Curso de Pol\u00edticas P\u00fablicas da Casa Fluminense - Lurdinha - Duque de Caxias para Est\u00f4magos Fortes","isPartOf":{"@id":"https:\/\/lurdinha.org\/site\/#website"},"primaryImageOfPage":{"@id":"https:\/\/lurdinha.org\/site\/inscricoes-abertas-para-a-6-edicao-do-curso-de-politicas-publicas-da-casa-fluminense\/#primaryimage"},"image":{"@id":"https:\/\/lurdinha.org\/site\/inscricoes-abertas-para-a-6-edicao-do-curso-de-politicas-publicas-da-casa-fluminense\/#primaryimage"},"thumbnailUrl":"https:\/\/lurdinha.org\/site\/wp-content\/uploads\/Curso-politicas-publicas-CasaFluminense.jpg","datePublished":"2022-03-08T16:01:52+00:00","dateModified":"2022-03-08T16:02:46+00:00","breadcrumb":{"@id":"https:\/\/lurdinha.org\/site\/inscricoes-abertas-para-a-6-edicao-do-curso-de-politicas-publicas-da-casa-fluminense\/#breadcrumb"},"inLanguage":"pt-BR","potentialAction":[{"@type":"ReadAction","target":["https:\/\/lurdinha.org\/site\/inscricoes-abertas-para-a-6-edicao-do-curso-de-politicas-publicas-da-casa-fluminense\/"]}]},{"@type":"ImageObject","inLanguage":"pt-BR","@id":"https:\/\/lurdinha.org\/site\/inscricoes-abertas-para-a-6-edicao-do-curso-de-politicas-publicas-da-casa-fluminense\/#primaryimage","url":"https:\/\/lurdinha.org\/site\/wp-content\/uploads\/Curso-politicas-publicas-CasaFluminense.jpg","contentUrl":"https:\/\/lurdinha.org\/site\/wp-content\/uploads\/Curso-politicas-publicas-CasaFluminense.jpg","width":640,"height":640},{"@type":"BreadcrumbList","@id":"https:\/\/lurdinha.org\/site\/inscricoes-abertas-para-a-6-edicao-do-curso-de-politicas-publicas-da-casa-fluminense\/#breadcrumb","itemListElement":[{"@type":"ListItem","position":1,"name":"In\u00edcio","item":"https:\/\/lurdinha.org\/site\/"},{"@type":"ListItem","position":2,"name":"Inscri\u00e7\u00f5es abertas para a 6\u00b0 edi\u00e7\u00e3o do Curso de Pol\u00edticas P\u00fablicas da Casa Fluminense"}]},{"@type":"WebSite","@id":"https:\/\/lurdinha.org\/site\/#website","url":"https:\/\/lurdinha.org\/site\/","name":"Lurdinha - Duque de Caxias para Est\u00f4magos Fortes","description":"Site sobre Arte, Cultura, Pol\u00edtica, Sociedade e curiosidades da cidade de Duque de Caxias, RJ","publisher":{"@id":"https:\/\/lurdinha.org\/site\/#organization"},"alternateName":"Lurdinha","potentialAction":[{"@type":"SearchAction","target":{"@type":"EntryPoint","urlTemplate":"https:\/\/lurdinha.org\/site\/?s={search_term_string}"},"query-input":{"@type":"PropertyValueSpecification","valueRequired":true,"valueName":"search_term_string"}}],"inLanguage":"pt-BR"},{"@type":"Organization","@id":"https:\/\/lurdinha.org\/site\/#organization","name":"Lurdinha de Caxias","url":"https:\/\/lurdinha.org\/site\/","logo":{"@type":"ImageObject","inLanguage":"pt-BR","@id":"https:\/\/lurdinha.org\/site\/#\/schema\/logo\/image\/","url":"https:\/\/lurdinha.org\/site\/wp-content\/uploads\/logo-lurdinha.jpg","contentUrl":"https:\/\/lurdinha.org\/site\/wp-content\/uploads\/logo-lurdinha.jpg","width":640,"height":60,"caption":"Lurdinha de Caxias"},"image":{"@id":"https:\/\/lurdinha.org\/site\/#\/schema\/logo\/image\/"},"sameAs":["https:\/\/www.facebook.com\/LurdinhadeCaxias","https:\/\/www.instagram.com\/lurdinhadecaxias"]},{"@type":"Person","@id":"https:\/\/lurdinha.org\/site\/#\/schema\/person\/b7f36739e477fd3809ed9f880d85ba89","name":"Henrique Silveira","image":{"@type":"ImageObject","inLanguage":"pt-BR","@id":"https:\/\/secure.gravatar.com\/avatar\/65ed9674651bf1e369939454eea465de6a6b2c680f11e9374ce65b4952afaefc?s=96&d=mm&r=g","url":"https:\/\/secure.gravatar.com\/avatar\/65ed9674651bf1e369939454eea465de6a6b2c680f11e9374ce65b4952afaefc?s=96&d=mm&r=g","contentUrl":"https:\/\/secure.gravatar.com\/avatar\/65ed9674651bf1e369939454eea465de6a6b2c680f11e9374ce65b4952afaefc?s=96&d=mm&r=g","caption":"Henrique Silveira"},"description":"Henrique Silveira \u00e9 ge\u00f3grafo, cofundador da Casa Fluminense e autor do livro \u201cRio por Inteiro: reflex\u00f5es sobre a cidade metropolitana\u201d.","sameAs":["henrique.silveira.319"],"url":"https:\/\/lurdinha.org\/site\/author\/henriquesilveira\/"}]}},"views":1000,"_links":{"self":[{"href":"https:\/\/lurdinha.org\/site\/wp-json\/wp\/v2\/posts\/10112","targetHints":{"allow":["GET"]}}],"collection":[{"href":"https:\/\/lurdinha.org\/site\/wp-json\/wp\/v2\/posts"}],"about":[{"href":"https:\/\/lurdinha.org\/site\/wp-json\/wp\/v2\/types\/post"}],"author":[{"embeddable":true,"href":"https:\/\/lurdinha.org\/site\/wp-json\/wp\/v2\/users\/16"}],"replies":[{"embeddable":true,"href":"https:\/\/lurdinha.org\/site\/wp-json\/wp\/v2\/comments?post=10112"}],"version-history":[{"count":1,"href":"https:\/\/lurdinha.org\/site\/wp-json\/wp\/v2\/posts\/10112\/revisions"}],"predecessor-version":[{"id":10114,"href":"https:\/\/lurdinha.org\/site\/wp-json\/wp\/v2\/posts\/10112\/revisions\/10114"}],"wp:featuredmedia":[{"embeddable":true,"href":"https:\/\/lurdinha.org\/site\/wp-json\/wp\/v2\/media\/10113"}],"wp:attachment":[{"href":"https:\/\/lurdinha.org\/site\/wp-json\/wp\/v2\/media?parent=10112"}],"wp:term":[{"taxonomy":"category","embeddable":true,"href":"https:\/\/lurdinha.org\/site\/wp-json\/wp\/v2\/categories?post=10112"},{"taxonomy":"post_tag","embeddable":true,"href":"https:\/\/lurdinha.org\/site\/wp-json\/wp\/v2\/tags?post=10112"}],"curies":[{"name":"wp","href":"https:\/\/api.w.org\/{rel}","templated":true}]}}