{"id":10008,"date":"2021-09-15T22:07:05","date_gmt":"2021-09-15T22:07:05","guid":{"rendered":"https:\/\/lurdinha.org\/site\/?p=10008"},"modified":"2022-02-21T20:11:46","modified_gmt":"2022-02-21T20:11:46","slug":"seguem-abertas-as-inscricoes-para-a-segunda-edicao-do-lab-pega-a-visao","status":"publish","type":"post","link":"https:\/\/lurdinha.org\/site\/seguem-abertas-as-inscricoes-para-a-segunda-edicao-do-lab-pega-a-visao\/","title":{"rendered":"Seguem abertas as inscri\u00e7\u00f5es para a segunda edi\u00e7\u00e3o do Lab Pega a Vis\u00e3o"},"content":{"rendered":"<p align=\"center\"><em><span style=\"color: #000000;\"><span style=\"font-family: Arial;\"><span style=\"font-size: small;\">Gomeia Galp\u00e3o Criativo, de Duque de Caxias, na Baixada Fluminense, prop\u00f5e o percurso de oficinas e encontros dirigido a lideran\u00e7as e agentes comunit\u00e1rios integrando cultura, comunica\u00e7\u00e3o e direitos humanos para o desenvolvimento territorial da cidade<\/span><\/span><\/span><\/em><\/p>\n<p><img loading=\"lazy\" decoding=\"async\" class=\"alignnone size-full wp-image-10011\" src=\"https:\/\/lurdinha.org\/site\/wp-content\/uploads\/labpegavisao2-inscricoesabertas-1.jpg\" alt=\"Lab Pega a Vis\u00e3o 2\" width=\"1200\" height=\"464\" srcset=\"https:\/\/lurdinha.org\/site\/wp-content\/uploads\/labpegavisao2-inscricoesabertas-1.jpg 1200w, https:\/\/lurdinha.org\/site\/wp-content\/uploads\/labpegavisao2-inscricoesabertas-1-300x116.jpg 300w, https:\/\/lurdinha.org\/site\/wp-content\/uploads\/labpegavisao2-inscricoesabertas-1-610x236.jpg 610w, https:\/\/lurdinha.org\/site\/wp-content\/uploads\/labpegavisao2-inscricoesabertas-1-768x297.jpg 768w\" sizes=\"auto, (max-width: 1200px) 100vw, 1200px\" \/><\/p>\n<p><span style=\"color: #000000;\"><span style=\"font-family: Arial;\"><span style=\"font-size: small;\">As inscri\u00e7\u00f5es para o Lab Pega Vis\u00e3o 2, em sua vers\u00e3o online devido aos protocolos sanit\u00e1rios impostos pela pandemia mundial do Covid-19, seguem abertas pelo site <a href=\"https:\/\/gomeia.com.br\"><strong>gomeia.com.br<\/strong> <\/a>at\u00e9 a pr\u00f3xima quarta, dia 22. A realiza\u00e7\u00e3o, em sua segunda edi\u00e7\u00e3o, \u00e9 do <strong>Gomeia Galp\u00e3o Criativo<\/strong> atrav\u00e9s dos recursos da Lei Aldir Blanc no \u00e2mbito do edital Retomada Cultural, pelo estado do Rio de Janeiro.\u00a0<\/span><\/span><\/span><\/p>\n<p align=\"justify\"><span style=\"color: #000000;\"><span style=\"font-family: Arial;\"><span style=\"font-size: small;\">A iniciativa conta com a parceria da APPH-Clio, a <\/span><\/span><\/span><span style=\"color: #000000;\"><span style=\"font-family: Arial;\"><span style=\"font-size: small;\">Associa\u00e7\u00e3o de Professores e Pesquisadores de Hist\u00f3ria, de Duque de Caxias<\/span><\/span><\/span><span style=\"color: #000000;\"><span style=\"font-family: Arial;\"><span style=\"font-size: small;\">. Todo o projeto tem acesso gratuito pela plataforma Zoom e algumas atividades ter\u00e3o sua exibi\u00e7\u00e3o no canal do Gomeia Galp\u00e3o Criativo no YouTube.\u00a0<\/span><\/span><\/span><\/p>\n<p align=\"justify\"><span style=\"color: #000000;\"><span style=\"font-family: Arial;\"><span style=\"font-size: small;\">A trilha metodol\u00f3gica prev\u00ea quatro eixos tem\u00e1ticos e, em cada um deles, uma lideran\u00e7a comunit\u00e1ria de Duque de Caxias e um oficineiro &#8211; refer\u00eancia naquela \u00e1rea &#8211; conduzir\u00e3o todo o processo que ser\u00e1 finalizado em novembro, ap\u00f3s a apresenta\u00e7\u00e3o e a avalia\u00e7\u00e3o, em coletivo, dos resultados desenvolvidos em cada segmento.<\/span><\/span><\/span><\/p>\n<p align=\"justify\"><span style=\"color: #000000;\"><span style=\"font-family: Arial;\"><span style=\"font-size: small;\">De acordo com um dos idealizadores do projeto, Eduardo Prates, \u201c<em>o objetivo maior dessa edi\u00e7\u00e3o \u00e9 fortalecer redes de mobiliza\u00e7\u00e3o comunit\u00e1ria que j\u00e1 existem, tocadas por lideran\u00e7as significativas que v\u00eam fazendo diferen\u00e7a na regi\u00e3o<\/em>\u201d.<\/span><\/span><\/span><\/p>\n<p align=\"justify\"><span style=\"color: #000000;\"><span style=\"font-family: Arial;\"><span style=\"font-size: small;\">O primeiro encontro foi aberto ao p\u00fablico e aconteceu no \u00faltimo s\u00e1bado, dia 4 de setembro, com o professor e historiador Alexandre Marques, a partir do disparador &#8220;Duque de Caxias: Um Brasil inteiro numa cidade&#8221; e tamb\u00e9m contou com a apresenta\u00e7\u00e3o e a participa\u00e7\u00e3o de boa parte da equipe do Lab.<\/span><\/span><\/span><\/p>\n<p><strong><span style=\"color: #000000;\"><span style=\"font-family: Arial;\"><span style=\"font-size: small;\">As linguagens propostas em seus eixos ser\u00e3o assim divididos e conduzidos:<\/span><\/span><\/span><\/strong><\/p>\n<p align=\"justify\"><span style=\"color: #000000;\"><span style=\"font-family: Arial;\"><span style=\"font-size: small;\"><b>Comunica\u00e7\u00e3o na Cultura Urbana<\/b><\/span><\/span><\/span> <span style=\"color: #000000;\"><span style=\"font-family: Arial;\"><span style=\"font-size: small;\">liderado por Lu Brasil, mestra em Educa\u00e7\u00e3o, Cultura e Comunica\u00e7\u00e3o em Periferias Urbanas pela UERJ. Grafiteira, videomaker, agente cultural, professora de graffiti, moradora da Vila Oper\u00e1ria, no primeiro distrito de Duque de Caxias. Como oficineira desse eixo, a iniciativa apresenta Carla Felizardo, ativista, grafiteira e integrante do coletivo AmoCrew\u00a0<\/span><\/span><\/span><\/p>\n<p align=\"justify\"><span style=\"color: #000000;\"><span style=\"font-family: Arial;\"><span style=\"font-size: small;\"><b>Comunica\u00e7\u00e3o Comunit\u00e1ria<\/b><\/span><\/span><\/span> <span style=\"color: #000000;\"><span style=\"font-family: Arial;\"><span style=\"font-size: small;\">coordenado por Osmar Paulino, ge\u00f3grafo formado pela UFRJ e mestrando em Cultura e Territorialidades pela UFF. Professor da rede privada de ensino em Duque de Caxias, fundador e produtor executivo do FAIM &#8211; Festival de Artes em Imbari\u00ea. Lana Souza ir\u00e1 atuar como oficineira desse segmento estimulando a produ\u00e7\u00e3o dos participantes atrav\u00e9s de sua experi\u00eancia como jornalista de forma\u00e7\u00e3o e comunicadora popular. Atualmente ela cuida da administra\u00e7\u00e3o do Coletivo Papo Reto, que atua no Rio de Janeiro pautando direitos humanos nas favelas a partir da Comunica\u00e7\u00e3o e Educa\u00e7\u00e3o.\u00a0<\/span><\/span><\/span><\/p>\n<p align=\"justify\"><span style=\"color: #000000;\"><span style=\"font-family: Arial;\"><span style=\"font-size: small;\"><b>Livro e Leitura como Direitos<\/b><\/span><\/span><\/span> <span style=\"color: #000000;\"><span style=\"font-family: Arial;\"><span style=\"font-size: small;\">conduzido por Maria do Carmo da Silva Miranda mais conhecida como &#8220;Maria Chocolate&#8221;, fundadora e mediadora de Leitura do Centro Cultural Comunit\u00e1rio Chocobim Biblioteca Comunit\u00e1ria MANNS, conselheira de Cultura de Duque de Caxias, fundadora do Bloco Embalo de Saracuruna e integrante da Rede Tecendo Uma Rede de Leitura, RNBC (Rede Nacional de Bibliotecas Comunit\u00e1rias). <\/span><\/span><\/span><span style=\"color: #000000;\"><span style=\"font-family: Arial;\"><span style=\"font-size: small;\">Ao seu lado, o oficineiro Jess\u00e9 Andarilho, escritor, roteirista, criador do projeto e da biblioteca Marginow que tamb\u00e9m acompanhar\u00e1 o desenvolvimento de todas as a\u00e7\u00f5es<\/span><\/span><\/span><\/p>\n<p align=\"justify\"><span style=\"color: #000000;\"><span style=\"font-family: Arial;\"><span style=\"font-size: small;\"><b>Juventude, Cultura e Direitos<\/b><\/span><\/span><\/span>\u00a0<span style=\"color: #000000;\"><span style=\"font-family: Arial;\"><span style=\"font-size: small;\">com o acompanhamento de Juliana Maia, que atua como produtora cultural no munic\u00edpio de Duque de Caxias desde 2018 e coordena o projeto Fam\u00edlia Lanatanpa, que interv\u00e9m de forma sustent\u00e1vel e cultural dentro do territ\u00f3rio. Esse eixo tamb\u00e9m ter\u00e1 a contribui\u00e7\u00e3o de Josinaldo Medeiros, cineasta e comunicador, criador do canal Na Favela Audiovisual.<\/span><\/span><\/span><\/p>\n<p align=\"justify\"><span style=\"color: #000000;\">\u00a0\u00a0\u00a0\u00a0 \u00a0\u00a0\u00a0 \u00a0\u00a0\u00a0 <\/span><\/p>\n<p align=\"justify\"><span style=\"color: #000000;\">\u201c<\/span><span style=\"color: #000000;\"><span style=\"font-family: Arial;\"><span style=\"font-size: small;\"><em>Diferentemente do primeiro Lab, esse ano o projeto ganha a \u00eanfase de ser volante &#8211; n\u00e3o s\u00f3 porque acontece online mas porque agrega em sua condu\u00e7\u00e3o protagonistas de territ\u00f3rios distintos da cidade, desenvolvendo obras, a\u00e7\u00f5es e propostas de uma Duque de Caxias a partir de quem nela vive, ama e produz em pleno 2021. E assim, a partir da cidade, a vontade \u00e9 reinventar o Brasil: o macro no micro<\/em>\u201d, aponta Dani Francisco, uma das idealizadoras do Lab 1, realizado em 2017.<\/span><\/span><\/span><\/p>\n<p align=\"justify\"><span style=\"color: #000000;\"><span style=\"font-family: Arial;\"><span style=\"font-size: small;\">O produtor Heraldo HB ressalta a import\u00e2ncia da metodologia usada em todo o percurso, calcada em encontros e media\u00e7\u00f5es que visam aprofundar diagn\u00f3sticos locais e poss\u00edveis interven\u00e7\u00f5es. \u201c<em>Ao fim do processo, a sugest\u00e3o \u00e9 que os grupos apresentem a\u00e7\u00f5es concretas para os territ\u00f3rios, ligadas aos eixos propostos<\/em>\u201d, diz HB.<\/span><\/span><\/span><\/p>\n<p align=\"justify\"><span style=\"color: #000000;\"><span style=\"font-family: Arial;\"><span style=\"font-size: small;\">Para Aline Oliveira, uma das produtoras do Lab 2, \u201c<em>a iniciativa est\u00e1 bastante afinada com o momento em que a Baixada Fluminense tem vivido de amadurecimento e amplia\u00e7\u00e3o das redes socioculturais locais<\/em>\u201d.\u00a0<\/span><\/span><\/span><\/p>\n<p align=\"justify\"><span style=\"color: #000000;\"><span style=\"font-family: Arial;\"><span style=\"font-size: small;\">O Governo Federal, o Governo do Estado do Rio de Janeiro, a Secretaria de Cultura e Economia Criativa do Rio de Janeiro, atrav\u00e9s da Lei Aldir Blanc viabilizaram o <\/span><\/span><\/span><span style=\"color: #000000;\"><span style=\"font-family: Arial;\"><span style=\"font-size: small;\"><b>Lab Pega a Vis\u00e3o 2 &#8211; Ela da BF<\/b><\/span><\/span><\/span> <span style=\"color: #000000;\"><span style=\"font-family: Arial;\"><span style=\"font-size: small;\">atrav\u00e9s do edital p\u00fablico Retomada Cultural.\u00a0\u00a0<\/span><\/span><\/span><\/p>\n<p align=\"justify\"><span style=\"color: #000000;\"><span style=\"font-family: Arial;\"><span style=\"font-size: small;\"><b>:: Programa\u00e7\u00e3o detalhada ::<\/b><\/span><\/span><\/span><\/p>\n<p align=\"justify\"><span style=\"color: #000000;\"><span style=\"font-family: Arial;\"><span style=\"font-size: small;\"><b>|Eixo 1|<\/b><\/span><\/span><\/span><\/p>\n<p align=\"justify\"><span style=\"color: #000000;\"><span style=\"font-family: Arial;\"><span style=\"font-size: small;\"><b>Comunica\u00e7\u00e3o na Cultura Urbana<\/b><\/span><\/span><\/span><\/p>\n<p align=\"justify\"><span style=\"color: #000000;\"><span style=\"font-family: Arial;\"><span style=\"font-size: small;\">Com Lu Brasil e Carla Felizardo<\/span><\/span><\/span><\/p>\n<p align=\"justify\"><span style=\"color: #000000;\"><span style=\"font-family: Arial;\"><span style=\"font-size: small;\">16, 23 e 30 de setembro<\/span><\/span><\/span><\/p>\n<p align=\"justify\"><span style=\"color: #000000;\"><span style=\"font-family: Arial;\"><span style=\"font-size: small;\">18h \u00e0s 21h<\/span><\/span><\/span><\/p>\n<p>&nbsp;<\/p>\n<p align=\"justify\"><span style=\"color: #000000;\"><span style=\"font-family: Arial;\"><span style=\"font-size: small;\"><b>|Eixo 2|<\/b><\/span><\/span><\/span><\/p>\n<p align=\"justify\"><span style=\"color: #000000;\"><span style=\"font-family: Arial;\"><span style=\"font-size: small;\"><b>Comunica\u00e7\u00e3o Comunit\u00e1ria\u00a0<\/b><\/span><\/span><\/span><\/p>\n<p align=\"justify\"><span style=\"color: #000000;\"><span style=\"font-family: Arial;\"><span style=\"font-size: small;\">Com Osmar Paulino e Lana Souza<\/span><\/span><\/span><\/p>\n<p align=\"justify\"><span style=\"color: #000000;\"><span style=\"font-family: Arial;\"><span style=\"font-size: small;\">20 e 27 de setembro, 04 de outubro<\/span><\/span><\/span><\/p>\n<p align=\"justify\"><span style=\"color: #000000;\"><span style=\"font-family: Arial;\"><span style=\"font-size: small;\">14h \u00e0s 17h<\/span><\/span><\/span><\/p>\n<p>&nbsp;<\/p>\n<p align=\"justify\"><span style=\"color: #000000;\"><span style=\"font-family: Arial;\"><span style=\"font-size: small;\"><b>|Eixo 3|<\/b><\/span><\/span><\/span><\/p>\n<p align=\"justify\"><span style=\"color: #000000;\"><span style=\"font-family: Arial;\"><span style=\"font-size: small;\"><b>Livro e Leitura como Direitos<\/b><\/span><\/span><\/span><\/p>\n<p align=\"justify\"><span style=\"color: #000000;\"><span style=\"font-family: Arial;\"><span style=\"font-size: small;\">Com Maria Chocolate e Jess\u00e9 Andarilho<\/span><\/span><\/span><\/p>\n<p align=\"justify\"><span style=\"color: #000000;\"><span style=\"font-family: Arial;\"><span style=\"font-size: small;\">18 de setembro\u00a0<\/span><\/span><\/span><\/p>\n<p align=\"justify\"><span style=\"color: #000000;\"><span style=\"font-family: Arial;\"><span style=\"font-size: small;\">9h \u00e0s 12h<\/span><\/span><\/span><\/p>\n<p align=\"justify\"><span style=\"color: #000000;\"><span style=\"font-family: Arial;\"><span style=\"font-size: small;\">22 de setembro<\/span><\/span><\/span><\/p>\n<p align=\"justify\"><span style=\"color: #000000;\"><span style=\"font-family: Arial;\"><span style=\"font-size: small;\">14h \u00e0s 17h\u00a0<\/span><\/span><\/span><\/p>\n<p align=\"justify\"><span style=\"color: #000000;\"><span style=\"font-family: Arial;\"><span style=\"font-size: small;\">02 de outubro<\/span><\/span><\/span><\/p>\n<p align=\"justify\"><span style=\"color: #000000;\"><span style=\"font-family: Arial;\"><span style=\"font-size: small;\">09 \u00e0s 12h<\/span><\/span><\/span><\/p>\n<p>&nbsp;<\/p>\n<p align=\"justify\"><span style=\"color: #000000;\"><span style=\"font-family: Arial;\"><span style=\"font-size: small;\"><b>|Eixo 4|<\/b><\/span><\/span><\/span><\/p>\n<p align=\"justify\"><span style=\"color: #000000;\"><span style=\"font-family: Arial;\"><span style=\"font-size: small;\"><b>Juventude, Cultura e Direitos<\/b><\/span><\/span><\/span><\/p>\n<p align=\"justify\"><span style=\"color: #000000;\"><span style=\"font-family: Arial;\"><span style=\"font-size: small;\">Com Juliana Maia e Josinaldo Medeiros<\/span><\/span><\/span><\/p>\n<p align=\"justify\"><span style=\"color: #000000;\"><span style=\"font-family: Arial;\"><span style=\"font-size: small;\">29 de setembro, 06 de outubro e 08 de outubro\u00a0<\/span><\/span><\/span><\/p>\n<p align=\"justify\"><span style=\"color: #000000;\"><span style=\"font-family: Arial;\"><span style=\"font-size: small;\">14h30 as 17h30<\/span><\/span><\/span><\/p>\n<p align=\"justify\"><span style=\"color: #000000;\"><span style=\"font-family: Arial;\"><span style=\"font-size: small;\"><b>:: Lab Pega a Vis\u00e3o 2 nas redes ::<\/b><\/span><\/span><\/span><\/p>\n<p align=\"justify\"><a href=\"https:\/\/linktr.ee\/gomeiagalpaocriativo\"><span style=\"color: #1155cc;\"><span style=\"font-family: Arial;\"><span style=\"font-size: small;\"><u>https:\/\/linktr.ee\/gomeiagalpaocriativo<\/u><\/span><\/span><\/span><\/a><\/p>\n<p>&nbsp;<\/p>\n<p align=\"justify\"><span style=\"color: #000000;\"><span style=\"font-family: Arial;\"><span style=\"font-size: small;\"><b>:: Servi\u00e7o ::\u00a0<\/b><\/span><\/span><\/span><\/p>\n<p align=\"justify\"><span style=\"color: #000000;\"><span style=\"font-family: Arial;\"><span style=\"font-size: small;\">Encontros pela plataforma Zoom com acesso inteiramente gratuito<\/span><\/span><\/span><\/p>\n<p align=\"justify\"><span style=\"color: #000000;\"><span style=\"font-family: Arial;\"><span style=\"font-size: small;\">Inscri\u00e7\u00f5es no site <a href=\"http:\/\/www.gomeia.com.br\/\">www.gomeia.com.br<\/a><\/span><\/span><\/span> <span style=\"color: #000000;\"><span style=\"font-family: Arial;\"><span style=\"font-size: small;\">at\u00e9 19 de setembro de 2021<\/span><\/span><\/span><\/p>\n<p align=\"justify\"><span style=\"color: #000000;\"><span style=\"font-family: Arial;\"><span style=\"font-size: small;\">Outras informa\u00e7\u00f5es: 21 97601.6700 &gt; Heraldo HB, 21 98461.1284 &gt; Dani Francisco ou pelo email gomeiagalpao@gmail.com<\/span><\/span><\/span><\/p>\n","protected":false},"excerpt":{"rendered":"<p>Gomeia Galp\u00e3o Criativo, de Duque de Caxias, na Baixada Fluminense, prop\u00f5e o percurso de oficinas&#8230;<\/p>\n","protected":false},"author":5,"featured_media":10011,"comment_status":"open","ping_status":"closed","sticky":false,"template":"","format":"standard","meta":{"footnotes":""},"categories":[8,5],"tags":[848,1270],"class_list":["post-10008","post","type-post","status-publish","format-standard","has-post-thumbnail","hentry","category-evento","category-umaboa","tag-gomeia-galpao-criativo","tag-lab-pega-a-visao"],"yoast_head":"<!-- This site is optimized with the Yoast SEO plugin v27.5 - https:\/\/yoast.com\/product\/yoast-seo-wordpress\/ -->\n<title>Seguem abertas as inscri\u00e7\u00f5es para a segunda edi\u00e7\u00e3o do Lab Pega a Vis\u00e3o - Lurdinha - Duque de Caxias para Est\u00f4magos Fortes<\/title>\n<meta name=\"robots\" content=\"index, follow, max-snippet:-1, max-image-preview:large, max-video-preview:-1\" \/>\n<link rel=\"canonical\" href=\"https:\/\/lurdinha.org\/site\/seguem-abertas-as-inscricoes-para-a-segunda-edicao-do-lab-pega-a-visao\/\" \/>\n<meta property=\"og:locale\" content=\"pt_BR\" \/>\n<meta property=\"og:type\" content=\"article\" \/>\n<meta property=\"og:title\" content=\"Seguem abertas as inscri\u00e7\u00f5es para a segunda edi\u00e7\u00e3o do Lab Pega a Vis\u00e3o - Lurdinha - Duque de Caxias para Est\u00f4magos Fortes\" \/>\n<meta property=\"og:description\" content=\"Gomeia Galp\u00e3o Criativo, de Duque de Caxias, na Baixada Fluminense, prop\u00f5e o percurso de oficinas...\" \/>\n<meta property=\"og:url\" content=\"https:\/\/lurdinha.org\/site\/seguem-abertas-as-inscricoes-para-a-segunda-edicao-do-lab-pega-a-visao\/\" \/>\n<meta property=\"og:site_name\" content=\"Lurdinha - Duque de Caxias para Est\u00f4magos Fortes\" \/>\n<meta property=\"article:publisher\" content=\"https:\/\/www.facebook.com\/LurdinhadeCaxias\" \/>\n<meta property=\"article:published_time\" content=\"2021-09-15T22:07:05+00:00\" \/>\n<meta property=\"article:modified_time\" content=\"2022-02-21T20:11:46+00:00\" \/>\n<meta property=\"og:image\" content=\"https:\/\/lurdinha.org\/site\/wp-content\/uploads\/labpegavisao2-inscricoesabertas-1.jpg\" \/>\n\t<meta property=\"og:image:width\" content=\"1200\" \/>\n\t<meta property=\"og:image:height\" content=\"464\" \/>\n\t<meta property=\"og:image:type\" content=\"image\/jpeg\" \/>\n<meta name=\"author\" content=\"Eldemar de Souza\" \/>\n<meta name=\"twitter:card\" content=\"summary_large_image\" \/>\n<meta name=\"twitter:label1\" content=\"Escrito por\" \/>\n\t<meta name=\"twitter:data1\" content=\"Eldemar de Souza\" \/>\n\t<meta name=\"twitter:label2\" content=\"Est. tempo de leitura\" \/>\n\t<meta name=\"twitter:data2\" content=\"5 minutos\" \/>\n<script type=\"application\/ld+json\" class=\"yoast-schema-graph\">{\"@context\":\"https:\\\/\\\/schema.org\",\"@graph\":[{\"@type\":\"Article\",\"@id\":\"https:\\\/\\\/lurdinha.org\\\/site\\\/seguem-abertas-as-inscricoes-para-a-segunda-edicao-do-lab-pega-a-visao\\\/#article\",\"isPartOf\":{\"@id\":\"https:\\\/\\\/lurdinha.org\\\/site\\\/seguem-abertas-as-inscricoes-para-a-segunda-edicao-do-lab-pega-a-visao\\\/\"},\"author\":{\"name\":\"Eldemar de Souza\",\"@id\":\"https:\\\/\\\/lurdinha.org\\\/site\\\/#\\\/schema\\\/person\\\/ff0b97e899a87e9d648686ae9e7295d5\"},\"headline\":\"Seguem abertas as inscri\u00e7\u00f5es para a segunda edi\u00e7\u00e3o do Lab Pega a Vis\u00e3o\",\"datePublished\":\"2021-09-15T22:07:05+00:00\",\"dateModified\":\"2022-02-21T20:11:46+00:00\",\"mainEntityOfPage\":{\"@id\":\"https:\\\/\\\/lurdinha.org\\\/site\\\/seguem-abertas-as-inscricoes-para-a-segunda-edicao-do-lab-pega-a-visao\\\/\"},\"wordCount\":1006,\"commentCount\":0,\"publisher\":{\"@id\":\"https:\\\/\\\/lurdinha.org\\\/site\\\/#organization\"},\"image\":{\"@id\":\"https:\\\/\\\/lurdinha.org\\\/site\\\/seguem-abertas-as-inscricoes-para-a-segunda-edicao-do-lab-pega-a-visao\\\/#primaryimage\"},\"thumbnailUrl\":\"https:\\\/\\\/lurdinha.org\\\/site\\\/wp-content\\\/uploads\\\/labpegavisao2-inscricoesabertas-1.jpg\",\"keywords\":[\"Gomeia Galp\u00e3o Criativo\",\"lab pega a visao\"],\"articleSection\":[\"evento\",\"uma boa\"],\"inLanguage\":\"pt-BR\",\"potentialAction\":[{\"@type\":\"CommentAction\",\"name\":\"Comment\",\"target\":[\"https:\\\/\\\/lurdinha.org\\\/site\\\/seguem-abertas-as-inscricoes-para-a-segunda-edicao-do-lab-pega-a-visao\\\/#respond\"]}]},{\"@type\":\"WebPage\",\"@id\":\"https:\\\/\\\/lurdinha.org\\\/site\\\/seguem-abertas-as-inscricoes-para-a-segunda-edicao-do-lab-pega-a-visao\\\/\",\"url\":\"https:\\\/\\\/lurdinha.org\\\/site\\\/seguem-abertas-as-inscricoes-para-a-segunda-edicao-do-lab-pega-a-visao\\\/\",\"name\":\"Seguem abertas as inscri\u00e7\u00f5es para a segunda edi\u00e7\u00e3o do Lab Pega a Vis\u00e3o - Lurdinha - Duque de Caxias para Est\u00f4magos Fortes\",\"isPartOf\":{\"@id\":\"https:\\\/\\\/lurdinha.org\\\/site\\\/#website\"},\"primaryImageOfPage\":{\"@id\":\"https:\\\/\\\/lurdinha.org\\\/site\\\/seguem-abertas-as-inscricoes-para-a-segunda-edicao-do-lab-pega-a-visao\\\/#primaryimage\"},\"image\":{\"@id\":\"https:\\\/\\\/lurdinha.org\\\/site\\\/seguem-abertas-as-inscricoes-para-a-segunda-edicao-do-lab-pega-a-visao\\\/#primaryimage\"},\"thumbnailUrl\":\"https:\\\/\\\/lurdinha.org\\\/site\\\/wp-content\\\/uploads\\\/labpegavisao2-inscricoesabertas-1.jpg\",\"datePublished\":\"2021-09-15T22:07:05+00:00\",\"dateModified\":\"2022-02-21T20:11:46+00:00\",\"breadcrumb\":{\"@id\":\"https:\\\/\\\/lurdinha.org\\\/site\\\/seguem-abertas-as-inscricoes-para-a-segunda-edicao-do-lab-pega-a-visao\\\/#breadcrumb\"},\"inLanguage\":\"pt-BR\",\"potentialAction\":[{\"@type\":\"ReadAction\",\"target\":[\"https:\\\/\\\/lurdinha.org\\\/site\\\/seguem-abertas-as-inscricoes-para-a-segunda-edicao-do-lab-pega-a-visao\\\/\"]}]},{\"@type\":\"ImageObject\",\"inLanguage\":\"pt-BR\",\"@id\":\"https:\\\/\\\/lurdinha.org\\\/site\\\/seguem-abertas-as-inscricoes-para-a-segunda-edicao-do-lab-pega-a-visao\\\/#primaryimage\",\"url\":\"https:\\\/\\\/lurdinha.org\\\/site\\\/wp-content\\\/uploads\\\/labpegavisao2-inscricoesabertas-1.jpg\",\"contentUrl\":\"https:\\\/\\\/lurdinha.org\\\/site\\\/wp-content\\\/uploads\\\/labpegavisao2-inscricoesabertas-1.jpg\",\"width\":1200,\"height\":464,\"caption\":\"Lab Pega a Vis\u00e3o 2\"},{\"@type\":\"BreadcrumbList\",\"@id\":\"https:\\\/\\\/lurdinha.org\\\/site\\\/seguem-abertas-as-inscricoes-para-a-segunda-edicao-do-lab-pega-a-visao\\\/#breadcrumb\",\"itemListElement\":[{\"@type\":\"ListItem\",\"position\":1,\"name\":\"In\u00edcio\",\"item\":\"https:\\\/\\\/lurdinha.org\\\/site\\\/\"},{\"@type\":\"ListItem\",\"position\":2,\"name\":\"Seguem abertas as inscri\u00e7\u00f5es para a segunda edi\u00e7\u00e3o do Lab Pega a Vis\u00e3o\"}]},{\"@type\":\"WebSite\",\"@id\":\"https:\\\/\\\/lurdinha.org\\\/site\\\/#website\",\"url\":\"https:\\\/\\\/lurdinha.org\\\/site\\\/\",\"name\":\"Lurdinha - Duque de Caxias para Est\u00f4magos Fortes\",\"description\":\"Site sobre Arte, Cultura, Pol\u00edtica, Sociedade e curiosidades da cidade de Duque de Caxias, RJ\",\"publisher\":{\"@id\":\"https:\\\/\\\/lurdinha.org\\\/site\\\/#organization\"},\"alternateName\":\"Lurdinha\",\"potentialAction\":[{\"@type\":\"SearchAction\",\"target\":{\"@type\":\"EntryPoint\",\"urlTemplate\":\"https:\\\/\\\/lurdinha.org\\\/site\\\/?s={search_term_string}\"},\"query-input\":{\"@type\":\"PropertyValueSpecification\",\"valueRequired\":true,\"valueName\":\"search_term_string\"}}],\"inLanguage\":\"pt-BR\"},{\"@type\":\"Organization\",\"@id\":\"https:\\\/\\\/lurdinha.org\\\/site\\\/#organization\",\"name\":\"Lurdinha de Caxias\",\"url\":\"https:\\\/\\\/lurdinha.org\\\/site\\\/\",\"logo\":{\"@type\":\"ImageObject\",\"inLanguage\":\"pt-BR\",\"@id\":\"https:\\\/\\\/lurdinha.org\\\/site\\\/#\\\/schema\\\/logo\\\/image\\\/\",\"url\":\"https:\\\/\\\/lurdinha.org\\\/site\\\/wp-content\\\/uploads\\\/logo-lurdinha.jpg\",\"contentUrl\":\"https:\\\/\\\/lurdinha.org\\\/site\\\/wp-content\\\/uploads\\\/logo-lurdinha.jpg\",\"width\":640,\"height\":60,\"caption\":\"Lurdinha de Caxias\"},\"image\":{\"@id\":\"https:\\\/\\\/lurdinha.org\\\/site\\\/#\\\/schema\\\/logo\\\/image\\\/\"},\"sameAs\":[\"https:\\\/\\\/www.facebook.com\\\/LurdinhadeCaxias\",\"https:\\\/\\\/www.instagram.com\\\/lurdinhadecaxias\"]},{\"@type\":\"Person\",\"@id\":\"https:\\\/\\\/lurdinha.org\\\/site\\\/#\\\/schema\\\/person\\\/ff0b97e899a87e9d648686ae9e7295d5\",\"name\":\"Eldemar de Souza\",\"image\":{\"@type\":\"ImageObject\",\"inLanguage\":\"pt-BR\",\"@id\":\"https:\\\/\\\/secure.gravatar.com\\\/avatar\\\/0a4332f26817387b10dbfea1e861c6ba350da6fd3c58c7c68da09390e621c2dd?s=96&d=mm&r=g\",\"url\":\"https:\\\/\\\/secure.gravatar.com\\\/avatar\\\/0a4332f26817387b10dbfea1e861c6ba350da6fd3c58c7c68da09390e621c2dd?s=96&d=mm&r=g\",\"contentUrl\":\"https:\\\/\\\/secure.gravatar.com\\\/avatar\\\/0a4332f26817387b10dbfea1e861c6ba350da6fd3c58c7c68da09390e621c2dd?s=96&d=mm&r=g\",\"caption\":\"Eldemar de Souza\"},\"url\":\"https:\\\/\\\/lurdinha.org\\\/site\\\/author\\\/eldemarsouza\\\/\"}]}<\/script>\n<!-- \/ Yoast SEO plugin. -->","yoast_head_json":{"title":"Seguem abertas as inscri\u00e7\u00f5es para a segunda edi\u00e7\u00e3o do Lab Pega a Vis\u00e3o - Lurdinha - Duque de Caxias para Est\u00f4magos Fortes","robots":{"index":"index","follow":"follow","max-snippet":"max-snippet:-1","max-image-preview":"max-image-preview:large","max-video-preview":"max-video-preview:-1"},"canonical":"https:\/\/lurdinha.org\/site\/seguem-abertas-as-inscricoes-para-a-segunda-edicao-do-lab-pega-a-visao\/","og_locale":"pt_BR","og_type":"article","og_title":"Seguem abertas as inscri\u00e7\u00f5es para a segunda edi\u00e7\u00e3o do Lab Pega a Vis\u00e3o - Lurdinha - Duque de Caxias para Est\u00f4magos Fortes","og_description":"Gomeia Galp\u00e3o Criativo, de Duque de Caxias, na Baixada Fluminense, prop\u00f5e o percurso de oficinas...","og_url":"https:\/\/lurdinha.org\/site\/seguem-abertas-as-inscricoes-para-a-segunda-edicao-do-lab-pega-a-visao\/","og_site_name":"Lurdinha - Duque de Caxias para Est\u00f4magos Fortes","article_publisher":"https:\/\/www.facebook.com\/LurdinhadeCaxias","article_published_time":"2021-09-15T22:07:05+00:00","article_modified_time":"2022-02-21T20:11:46+00:00","og_image":[{"width":1200,"height":464,"url":"https:\/\/lurdinha.org\/site\/wp-content\/uploads\/labpegavisao2-inscricoesabertas-1.jpg","type":"image\/jpeg"}],"author":"Eldemar de Souza","twitter_card":"summary_large_image","twitter_misc":{"Escrito por":"Eldemar de Souza","Est. tempo de leitura":"5 minutos"},"schema":{"@context":"https:\/\/schema.org","@graph":[{"@type":"Article","@id":"https:\/\/lurdinha.org\/site\/seguem-abertas-as-inscricoes-para-a-segunda-edicao-do-lab-pega-a-visao\/#article","isPartOf":{"@id":"https:\/\/lurdinha.org\/site\/seguem-abertas-as-inscricoes-para-a-segunda-edicao-do-lab-pega-a-visao\/"},"author":{"name":"Eldemar de Souza","@id":"https:\/\/lurdinha.org\/site\/#\/schema\/person\/ff0b97e899a87e9d648686ae9e7295d5"},"headline":"Seguem abertas as inscri\u00e7\u00f5es para a segunda edi\u00e7\u00e3o do Lab Pega a Vis\u00e3o","datePublished":"2021-09-15T22:07:05+00:00","dateModified":"2022-02-21T20:11:46+00:00","mainEntityOfPage":{"@id":"https:\/\/lurdinha.org\/site\/seguem-abertas-as-inscricoes-para-a-segunda-edicao-do-lab-pega-a-visao\/"},"wordCount":1006,"commentCount":0,"publisher":{"@id":"https:\/\/lurdinha.org\/site\/#organization"},"image":{"@id":"https:\/\/lurdinha.org\/site\/seguem-abertas-as-inscricoes-para-a-segunda-edicao-do-lab-pega-a-visao\/#primaryimage"},"thumbnailUrl":"https:\/\/lurdinha.org\/site\/wp-content\/uploads\/labpegavisao2-inscricoesabertas-1.jpg","keywords":["Gomeia Galp\u00e3o Criativo","lab pega a visao"],"articleSection":["evento","uma boa"],"inLanguage":"pt-BR","potentialAction":[{"@type":"CommentAction","name":"Comment","target":["https:\/\/lurdinha.org\/site\/seguem-abertas-as-inscricoes-para-a-segunda-edicao-do-lab-pega-a-visao\/#respond"]}]},{"@type":"WebPage","@id":"https:\/\/lurdinha.org\/site\/seguem-abertas-as-inscricoes-para-a-segunda-edicao-do-lab-pega-a-visao\/","url":"https:\/\/lurdinha.org\/site\/seguem-abertas-as-inscricoes-para-a-segunda-edicao-do-lab-pega-a-visao\/","name":"Seguem abertas as inscri\u00e7\u00f5es para a segunda edi\u00e7\u00e3o do Lab Pega a Vis\u00e3o - Lurdinha - Duque de Caxias para Est\u00f4magos Fortes","isPartOf":{"@id":"https:\/\/lurdinha.org\/site\/#website"},"primaryImageOfPage":{"@id":"https:\/\/lurdinha.org\/site\/seguem-abertas-as-inscricoes-para-a-segunda-edicao-do-lab-pega-a-visao\/#primaryimage"},"image":{"@id":"https:\/\/lurdinha.org\/site\/seguem-abertas-as-inscricoes-para-a-segunda-edicao-do-lab-pega-a-visao\/#primaryimage"},"thumbnailUrl":"https:\/\/lurdinha.org\/site\/wp-content\/uploads\/labpegavisao2-inscricoesabertas-1.jpg","datePublished":"2021-09-15T22:07:05+00:00","dateModified":"2022-02-21T20:11:46+00:00","breadcrumb":{"@id":"https:\/\/lurdinha.org\/site\/seguem-abertas-as-inscricoes-para-a-segunda-edicao-do-lab-pega-a-visao\/#breadcrumb"},"inLanguage":"pt-BR","potentialAction":[{"@type":"ReadAction","target":["https:\/\/lurdinha.org\/site\/seguem-abertas-as-inscricoes-para-a-segunda-edicao-do-lab-pega-a-visao\/"]}]},{"@type":"ImageObject","inLanguage":"pt-BR","@id":"https:\/\/lurdinha.org\/site\/seguem-abertas-as-inscricoes-para-a-segunda-edicao-do-lab-pega-a-visao\/#primaryimage","url":"https:\/\/lurdinha.org\/site\/wp-content\/uploads\/labpegavisao2-inscricoesabertas-1.jpg","contentUrl":"https:\/\/lurdinha.org\/site\/wp-content\/uploads\/labpegavisao2-inscricoesabertas-1.jpg","width":1200,"height":464,"caption":"Lab Pega a Vis\u00e3o 2"},{"@type":"BreadcrumbList","@id":"https:\/\/lurdinha.org\/site\/seguem-abertas-as-inscricoes-para-a-segunda-edicao-do-lab-pega-a-visao\/#breadcrumb","itemListElement":[{"@type":"ListItem","position":1,"name":"In\u00edcio","item":"https:\/\/lurdinha.org\/site\/"},{"@type":"ListItem","position":2,"name":"Seguem abertas as inscri\u00e7\u00f5es para a segunda edi\u00e7\u00e3o do Lab Pega a Vis\u00e3o"}]},{"@type":"WebSite","@id":"https:\/\/lurdinha.org\/site\/#website","url":"https:\/\/lurdinha.org\/site\/","name":"Lurdinha - Duque de Caxias para Est\u00f4magos Fortes","description":"Site sobre Arte, Cultura, Pol\u00edtica, Sociedade e curiosidades da cidade de Duque de Caxias, RJ","publisher":{"@id":"https:\/\/lurdinha.org\/site\/#organization"},"alternateName":"Lurdinha","potentialAction":[{"@type":"SearchAction","target":{"@type":"EntryPoint","urlTemplate":"https:\/\/lurdinha.org\/site\/?s={search_term_string}"},"query-input":{"@type":"PropertyValueSpecification","valueRequired":true,"valueName":"search_term_string"}}],"inLanguage":"pt-BR"},{"@type":"Organization","@id":"https:\/\/lurdinha.org\/site\/#organization","name":"Lurdinha de Caxias","url":"https:\/\/lurdinha.org\/site\/","logo":{"@type":"ImageObject","inLanguage":"pt-BR","@id":"https:\/\/lurdinha.org\/site\/#\/schema\/logo\/image\/","url":"https:\/\/lurdinha.org\/site\/wp-content\/uploads\/logo-lurdinha.jpg","contentUrl":"https:\/\/lurdinha.org\/site\/wp-content\/uploads\/logo-lurdinha.jpg","width":640,"height":60,"caption":"Lurdinha de Caxias"},"image":{"@id":"https:\/\/lurdinha.org\/site\/#\/schema\/logo\/image\/"},"sameAs":["https:\/\/www.facebook.com\/LurdinhadeCaxias","https:\/\/www.instagram.com\/lurdinhadecaxias"]},{"@type":"Person","@id":"https:\/\/lurdinha.org\/site\/#\/schema\/person\/ff0b97e899a87e9d648686ae9e7295d5","name":"Eldemar de Souza","image":{"@type":"ImageObject","inLanguage":"pt-BR","@id":"https:\/\/secure.gravatar.com\/avatar\/0a4332f26817387b10dbfea1e861c6ba350da6fd3c58c7c68da09390e621c2dd?s=96&d=mm&r=g","url":"https:\/\/secure.gravatar.com\/avatar\/0a4332f26817387b10dbfea1e861c6ba350da6fd3c58c7c68da09390e621c2dd?s=96&d=mm&r=g","contentUrl":"https:\/\/secure.gravatar.com\/avatar\/0a4332f26817387b10dbfea1e861c6ba350da6fd3c58c7c68da09390e621c2dd?s=96&d=mm&r=g","caption":"Eldemar de Souza"},"url":"https:\/\/lurdinha.org\/site\/author\/eldemarsouza\/"}]}},"views":1725,"_links":{"self":[{"href":"https:\/\/lurdinha.org\/site\/wp-json\/wp\/v2\/posts\/10008","targetHints":{"allow":["GET"]}}],"collection":[{"href":"https:\/\/lurdinha.org\/site\/wp-json\/wp\/v2\/posts"}],"about":[{"href":"https:\/\/lurdinha.org\/site\/wp-json\/wp\/v2\/types\/post"}],"author":[{"embeddable":true,"href":"https:\/\/lurdinha.org\/site\/wp-json\/wp\/v2\/users\/5"}],"replies":[{"embeddable":true,"href":"https:\/\/lurdinha.org\/site\/wp-json\/wp\/v2\/comments?post=10008"}],"version-history":[{"count":6,"href":"https:\/\/lurdinha.org\/site\/wp-json\/wp\/v2\/posts\/10008\/revisions"}],"predecessor-version":[{"id":10105,"href":"https:\/\/lurdinha.org\/site\/wp-json\/wp\/v2\/posts\/10008\/revisions\/10105"}],"wp:featuredmedia":[{"embeddable":true,"href":"https:\/\/lurdinha.org\/site\/wp-json\/wp\/v2\/media\/10011"}],"wp:attachment":[{"href":"https:\/\/lurdinha.org\/site\/wp-json\/wp\/v2\/media?parent=10008"}],"wp:term":[{"taxonomy":"category","embeddable":true,"href":"https:\/\/lurdinha.org\/site\/wp-json\/wp\/v2\/categories?post=10008"},{"taxonomy":"post_tag","embeddable":true,"href":"https:\/\/lurdinha.org\/site\/wp-json\/wp\/v2\/tags?post=10008"}],"curies":[{"name":"wp","href":"https:\/\/api.w.org\/{rel}","templated":true}]}}